{"id":105242,"date":"2025-09-10T09:53:08","date_gmt":"2025-09-10T09:53:08","guid":{"rendered":"https:\/\/www.europesays.com\/es\/105242\/"},"modified":"2025-09-10T09:53:08","modified_gmt":"2025-09-10T09:53:08","slug":"soy-redactora-de-cultura-y-este-es-el-nuevo-libro-ambientado-en-la-barcelona-de-los-anos-90-que-ha-salvado-mi-vuelta-a-la-oficina-porque-es-facil-de-leer-y-muy-adictivo","status":"publish","type":"post","link":"https:\/\/www.europesays.com\/es\/105242\/","title":{"rendered":"Soy redactora de Cultura y este es el nuevo libro ambientado en la Barcelona de los a\u00f1os 90 que ha salvado mi vuelta a la oficina porque es f\u00e1cil de leer y muy adictivo"},"content":{"rendered":"<p data-journey-content=\"true\" data-node-id=\"2\" class=\"css-i9p093 emevuu60\">Reci\u00e9n regresada de unas largas vacaciones, pocas cosas me libran de la bajona -\u00bfno habr\u00e9 <a href=\"https:\/\/www.elle.com\/es\/living\/trabajo-finanzas\/a65653694\/vuelta-trabajo-vacaciones\/\" data-vars-ga-outbound-link=\"https:\/\/www.elle.com\/es\/living\/trabajo-finanzas\/a65653694\/vuelta-trabajo-vacaciones\/\" data-vars-ga-ux-element=\"Hyperlink\" data-vars-ga-call-to-action=\"descansado lo suficiente\" data-node-id=\"2.1\" class=\"body-link css-103hk4r emevuu60\" rel=\"nofollow noopener\" target=\"_blank\">descansado lo suficiente<\/a>?- que supone volver a los madrugones, la asunci\u00f3n de responsabilidades y las largas jornadas de trabajo. El tiempo que <a href=\"https:\/\/www.elle.com\/es\/living\/psico\/a43794129\/maternidad-lecciones-madre\/\" data-vars-ga-outbound-link=\"https:\/\/www.elle.com\/es\/living\/psico\/a43794129\/maternidad-lecciones-madre\/\" data-vars-ga-ux-element=\"Hyperlink\" data-vars-ga-call-to-action=\"paso con mi hijo\" data-node-id=\"2.3\" class=\"body-link css-103hk4r emevuu60\" rel=\"nofollow noopener\" target=\"_blank\">paso con mi hijo<\/a>, los <a href=\"https:\/\/www.elle.com\/es\/living\/viajes\/\" data-vars-ga-outbound-link=\"https:\/\/www.elle.com\/es\/living\/viajes\/\" data-vars-ga-ux-element=\"Hyperlink\" data-vars-ga-call-to-action=\"viajes\" data-node-id=\"2.5\" class=\"body-link css-103hk4r emevuu60\" rel=\"nofollow noopener\" target=\"_blank\">viajes<\/a> que preparo para el futuro y, c\u00f3mo no, los <a href=\"https:\/\/www.elle.com\/es\/recomendaciones-libros\/\" data-vars-ga-outbound-link=\"https:\/\/www.elle.com\/es\/recomendaciones-libros\/\" data-vars-ga-ux-element=\"Hyperlink\" data-vars-ga-call-to-action=\"libros\" data-node-id=\"2.7\" class=\"body-link css-103hk4r emevuu60\" rel=\"nofollow noopener\" target=\"_blank\">libros<\/a>, que llenan mi existencia de aventuras e historias fascinantes.<\/p>\n<p data-journey-content=\"true\" data-node-id=\"3\" class=\"css-i9p093 emevuu60\">No s\u00e9 cu\u00e1nto tiempo tienes de <a href=\"https:\/\/www.elle.com\/es\/living\/trabajo-finanzas\/a40715315\/atascos-desplazamiento-al-trabajo-infelicidad-laboral\/\" data-vars-ga-outbound-link=\"https:\/\/www.elle.com\/es\/living\/trabajo-finanzas\/a40715315\/atascos-desplazamiento-al-trabajo-infelicidad-laboral\/\" data-vars-ga-ux-element=\"Hyperlink\" data-vars-ga-call-to-action=\"transporte hacia el trabajo\" data-node-id=\"3.1\" class=\"body-link css-103hk4r emevuu60\" rel=\"nofollow noopener\" target=\"_blank\">transporte hacia el trabajo<\/a>; yo tengo m\u00e1s de una hora de bus y tren y siempre llevo lectura conmigo. A la ida, me distrae; a la vuelta, me ayuda a desconectar completamente. Despu\u00e9s de las vacaciones, no he querido leer libros muy intensos ni complejos, he buscado lecturas livianas y que prolonguen el estado del verano: historias frescas, vacacionales, con un punto rom\u00e1ntico y, si es posible, que hablen de viajar.<\/p>\n<p data-journey-content=\"true\" data-node-id=\"4\" class=\"css-i9p093 emevuu60\">Cumpliendo estrictamente estos ingredientes, hace unos d\u00edas termin\u00e9 &#8216;Te mereces el mundo&#8217; (Suma), la cuarta novela de Beatriz Blumen, formadora en mindfulness, autoestima y gesti\u00f3n emocional, adem\u00e1s de coach. Todo ese aprendizaje vital y profesional lo lleva a una novela eminentemente &#8216;feel good&#8217;, deliciosa y muy adictiva.<\/p>\n<p>&#8216;Te mereces el mundo&#8217;<\/p>\n<p><a target=\"_blank\" rel=\"nofollow noopener\" data-theme-key=\"product-image-wrapper\" href=\"https:\/\/www.amazon.es\/dp\/B0DZP6SHWC?tag=ellespain-21\" aria-label=\"21\u00a0\u20ac en Amazon for &#039;Te mereces el mundo&#039;\" data-href=\"https:\/\/www.amazon.es\/dp\/B0DZP6SHWC\" data-product-url=\"https:\/\/www.amazon.es\/dp\/B0DZP6SHWC\" data-affiliate=\"true\" data-affiliate-url=\"https:\/\/www.amazon.es\/dp\/B0DZP6SHWC?tag=ellespain-21\" data-affiliate-network=\"{&quot;site_id&quot;:&quot;5545cc0d-2c00-4ffe-8b27-aa070fd2db3c&quot;,&quot;metadata&quot;:{&quot;links&quot;:{&quot;default&quot;:&quot;https:\/\/www.amazon.es\/dp\/B0DZP6SHWC?tag=ellespain-21&quot;}},&quot;network&quot;:{&quot;name&quot;:&quot;Amazon&quot;},&quot;product_metadata&quot;:null,&quot;afflink_redirect&quot;:&quot;\/_p\/afflink\/xqaY\/amazon-te-merec-el-mundo-suma&quot;}\" data-vars-ga-call-to-action=\"21\u00a0\u20ac en Amazon\" data-vars-ga-media-role=\"\" data-vars-ga-media-type=\"Single Product Embed\" data-vars-ga-outbound-link=\"https:\/\/www.amazon.es\/dp\/B0DZP6SHWC\" data-vars-ga-product-brand=\"Suma de Letras\" data-vars-ga-product-id=\"154105d0-8f41-4fa9-9e3d-4abd5371768b\" data-vars-ga-product-price=\"20,80\u00a0\u20ac\" data-vars-ga-product-retailer-id=\"6664d5e4-58e1-4518-92a3-87774764dc3d\" data-vars-ga-product-sem3-brand=\"Suma de Letras\" data-vars-ga-product-sem3-category=\"Ficci\u00f3n contempor\u00e1nea\" data-vars-ga-link-treatment=\"(not set) | (not set)\" data-vars-ga-sku=\"B0DZP6SHWC\" data-vars-ga-magento-tracking=\"1\" class=\"product-image-link ebgq4gw2 e1b8bpvs0 css-g6od0w e1c1bym14\"><img  alt=\"'Te mereces el mundo'\" title=\"'Te mereces el mundo'\" src=\"https:\/\/www.europesays.com\/es\/wp-content\/uploads\/2025\/09\/1757495495-61j8epqohgl-68c140b170a92.jpg\" width=\"650\" height=\"987\" decoding=\"async\" loading=\"lazy\"\/><\/a><\/p>\n<p data-journey-content=\"true\" data-node-id=\"7\" class=\"css-i9p093 emevuu60\">La novela est\u00e1 protagonizada por Luc\u00eda, una editora a punto de casarse cuyo trabajo se desmorona: la editorial en la que trabaja, Alumbra, est\u00e1 al borde de la ruina y solo un milagro puede salvarla. Siguiendo una intuici\u00f3n, acude a la firma de libros del autor de moda, el escritor Marco Novak: cree que es el mismo ni\u00f1o croata con el que comparti\u00f3 juegos y veranos en Barcelona, a finales de los 90. <\/p>\n<p data-journey-content=\"true\" data-node-id=\"8\" class=\"css-i9p093 emevuu60\">Cuando cruzan las miradas, se revive ese fuerte v\u00ednculo de treinta a\u00f1os atr\u00e1s y, por distintos motivos, emprenden juntos un viaje a Croacia. \u00c9l le quiere ense\u00f1ar su tierra, su casa y sus ra\u00edces; ella, todo eso, pero viaja con el mandato de su jefa de intentar fichar al escritor para poder salvar el futuro de la editorial. El drama est\u00e1 servido, porque la tensi\u00f3n afectiva y sexual est\u00e1 ah\u00ed y hay muchos obst\u00e1culos que parecen insalvables&#8230;<\/p>\n<p data-journey-content=\"true\" data-node-id=\"9\" class=\"css-i9p093 emevuu60\">Luc\u00eda y Marco disfrutan de la buena vida, de conversaciones sobre el pasado, el presente y el futuro; intentan salvar juntos sus dificultades -el excesivo control de ella, la incapacidad de ser vulnerable de \u00e9l- y comprender en qu\u00e9 momento sus caminos, ilusiones y necesidades se esfumaron detr\u00e1s de otros.<\/p>\n<p><img draggable=\"true\" alt=\"beatriz blumen escritora\" title=\"beatriz blumen escritora\" loading=\"lazy\" width=\"1609\" height=\"1276\" decoding=\"async\" data-nimg=\"1\" style=\"color:transparent;width:100%;height:auto;\"   src=\"https:\/\/www.europesays.com\/es\/wp-content\/uploads\/2025\/09\/beatriz-blumen-68c146d497a7c.jpg\" class=\"css-0 e1g79fud0\"\/><a target=\"_blank\" rel=\"noopener nofollow\" data-theme-key=\"base-link\" href=\"https:\/\/pinterest.com\/pin\/create\/button\/?url=https:\/\/www.elle.com\/es\/living\/ocio-cultura\/a66033254\/te-mereces-el-mundo-novela-beatriz-blumen-suma\/&amp;description=- ElleSpain&amp;media=https:\/\/hips.hearstapps.com\/hmg-prod\/images\/beatriz-blumen-68c146d497a7c.jpg?resize=1600:*\" class=\"pinterest css-on9hn5 e1c1bym14\"><img decoding=\"async\" data-dynamic-svg=\"true\" src=\"https:\/\/www.elle.com\/_assets\/design-tokens\/fre\/static\/icons\/social\/pinterest.e8cf655.svg?primary=%2523ffffff\" loading=\"lazy\" data-testid=\"dynamic-svg-base\" height=\"auto\" width=\"auto\" alt=\"pinterest\" class=\"css-4lml0h e1mlxuuw1\"\/><\/a>SUMA<\/p>\n<p>Beatriz Blumen, autora de \u2019Te mereces el mundo\u2019.<\/p>\n<p data-journey-content=\"true\" data-node-id=\"11\" class=\"css-i9p093 emevuu60\">Disfrut\u00e9 mucho, much\u00edsimo, de las descripciones del viaje, de cada uno de los pasos de los protagonistas en Croacia. Splitz, Dubrovnik, rincones de playa id\u00edlicos&#8230; me transportaron de nuevo al verano, al agua, el sol y la playa y a esas dulces sobremesas eternas, indolentes, de las vacaciones.<\/p>\n<p data-journey-content=\"true\" data-node-id=\"12\" class=\"css-i9p093 emevuu60\">Blumen construye en &#8216;Te mereces el mundo&#8217;, en poco m\u00e1s de 400 p\u00e1ginas, una s\u00f3lida novela llena de encanto y dulzura. Un libro c\u00e1lido, algo repetitivo en ocasiones pero lleno de contenido en la que se habla de amor, de amistad, del paso del tiempo como sanador y modificador de los puntos de vista, de los miedos&#8230; <\/p>\n<p data-journey-content=\"true\" data-node-id=\"13\" class=\"css-i9p093 emevuu60\">Si buscas una novela agradable para la vuelta a la rutina, que no sea intensa, pero que haga que quieras viajar una y otra vez en autob\u00fas al trabajo para poder sumergirte en una historia fascinante, seguro que &#8216;Te mereces el mundo&#8217; no te defrauda.<\/p>\n<p><img src=\"https:\/\/www.europesays.com\/es\/wp-content\/uploads\/2025\/09\/b1a4d5e6-08b9-4f30-abc3-fb139534505c_1547635299.file\" alt=\"Headshot of Bego\u00f1a Alonso\" title=\"Headshot of Bego\u00f1a Alonso\" width=\"100%\" height=\"100%\" decoding=\"async\" loading=\"lazy\" class=\"css-o0wq4v ev8dhu53\"\/><\/p>\n<p>Bego\u00f1a Alonso es experta en ocio, cultura y estilo de vida, coordinando la secci\u00f3n de Living en Elle.es desde hace m\u00e1s de seis a\u00f1os. Llevar la secci\u00f3n de Living supone que lo mismo escribe un reportaje sobre las mejores series de terror de Netflix, que un art\u00edculo de viajes y lunas de miel, un perfil de una activista feminista o un listado de los mejores libros de la historia que tienes que leer.\u00a0<\/p>\n<p>Siempre suele decir que la vida no le da para todo: libros, agenda, m\u00fasica, ocio, cine, series, plataformas de streaming (Netflix, Amazon, HBO, Disney+, Filmin, Movistar+, Apple TV+\u2026), maternidad, televisi\u00f3n, feminismo, viajes, cultura, \u2018lifestyle\u2019, motor, tecnolog\u00eda\u2026 Pero es capaz de llegar a todas partes para ofrecer siempre los contenidos m\u00e1s actuales e interesantes.\u00a0<\/p>\n<p>Bego\u00f1a Alonso se licenci\u00f3 en 1999 en Periodismo en la Universidad Complutense de Madrid, pero cuenta casi con 30 a\u00f1os de experiencia en la profesi\u00f3n. Se estren\u00f3 en medios locales como Huelva Informaci\u00f3n o Las Provincias, pas\u00f3 por radios vecinales haciendo programas de cine y luego aterriz\u00f3 en el mundo del papel, en medios como La Raz\u00f3n, Maxim o Reporter.\u00a0<\/p>\n<p>Tras 9 a\u00f1os dedicada al \u2018branded content\u2019, Bego\u00f1a lleva una d\u00e9cada en ELLE, el mismo tiempo que ha transcurrido desde que consiguiera el Premio 20 Blogs por \u2018The Best of the 80s\u2019, un blog de m\u00fasica de los 80, una de sus pasiones. Tambi\u00e9n adora las pel\u00edculas de boda y se pasa m\u00e1s tiempo planificando viajes que llev\u00e1ndolos a cabo, pero eso es otra historia. \u00a0<\/p>\n","protected":false},"excerpt":{"rendered":"Reci\u00e9n regresada de unas largas vacaciones, pocas cosas me libran de la bajona -\u00bfno habr\u00e9 descansado lo suficiente?-&hellip;\n","protected":false},"author":2,"featured_media":105243,"comment_status":"","ping_status":"","sticky":false,"template":"","format":"standard","meta":{"footnotes":""},"categories":[172],"tags":[1655,224,253,146,147,25,24,225,23],"class_list":{"0":"post-105242","1":"post","2":"type-post","3":"status-publish","4":"format-standard","5":"has-post-thumbnail","7":"category-libros","8":"tag-afiliacion","9":"tag-books","10":"tag-discover","11":"tag-entertainment","12":"tag-entretenimiento","13":"tag-es","14":"tag-espana","15":"tag-libros","16":"tag-spain"},"share_on_mastodon":{"url":"","error":""},"_links":{"self":[{"href":"https:\/\/www.europesays.com\/es\/wp-json\/wp\/v2\/posts\/105242","targetHints":{"allow":["GET"]}}],"collection":[{"href":"https:\/\/www.europesays.com\/es\/wp-json\/wp\/v2\/posts"}],"about":[{"href":"https:\/\/www.europesays.com\/es\/wp-json\/wp\/v2\/types\/post"}],"author":[{"embeddable":true,"href":"https:\/\/www.europesays.com\/es\/wp-json\/wp\/v2\/users\/2"}],"replies":[{"embeddable":true,"href":"https:\/\/www.europesays.com\/es\/wp-json\/wp\/v2\/comments?post=105242"}],"version-history":[{"count":0,"href":"https:\/\/www.europesays.com\/es\/wp-json\/wp\/v2\/posts\/105242\/revisions"}],"wp:featuredmedia":[{"embeddable":true,"href":"https:\/\/www.europesays.com\/es\/wp-json\/wp\/v2\/media\/105243"}],"wp:attachment":[{"href":"https:\/\/www.europesays.com\/es\/wp-json\/wp\/v2\/media?parent=105242"}],"wp:term":[{"taxonomy":"category","embeddable":true,"href":"https:\/\/www.europesays.com\/es\/wp-json\/wp\/v2\/categories?post=105242"},{"taxonomy":"post_tag","embeddable":true,"href":"https:\/\/www.europesays.com\/es\/wp-json\/wp\/v2\/tags?post=105242"}],"curies":[{"name":"wp","href":"https:\/\/api.w.org\/{rel}","templated":true}]}}