{"id":105246,"date":"2025-09-10T09:55:07","date_gmt":"2025-09-10T09:55:07","guid":{"rendered":"https:\/\/www.europesays.com\/es\/105246\/"},"modified":"2025-09-10T09:55:07","modified_gmt":"2025-09-10T09:55:07","slug":"nunca-habeis-tenido-un-moco","status":"publish","type":"post","link":"https:\/\/www.europesays.com\/es\/105246\/","title":{"rendered":"\u00bfNunca hab\u00e9is tenido un moco?"},"content":{"rendered":"<p class=\"c-paragraph\">Un v\u00eddeo de <a href=\"https:\/\/www.20minutos.es\/tags\/personas\/joe-jonas.html\" title=\"Joe Jonas\" rel=\"nofollow noopener\" target=\"_blank\"><b>Joe Jonas <\/b><\/a>prepar\u00e1ndose para salir al escenario a actuar ha recorrido las redes sociales, pues el cantante aparece<b> hurg\u00e1ndose la nariz repetida<\/b>\u00a0<b>y bruscamente\u00a0<\/b>frente a un espejo.<\/p>\n<p class=\"c-paragraph\">En las im\u00e1genes, virales en plataformas como <a href=\"https:\/\/www.20minutos.es\/tags\/temas\/tiktok.html\" title=\"TikTok\" rel=\"nofollow noopener\" target=\"_blank\">TikTok <\/a>y en <a href=\"https:\/\/www.20minutos.es\/tags\/temas\/x.html\" title=\"X\" rel=\"nofollow noopener\" target=\"_blank\">X<\/a>, el artista de 36 a\u00f1os <b>abre la boca, se toca la nariz, se mete el dedo en ella y se sacude en repetidas ocasiones<\/b>. Finalmente, Joe se pasa por la cara una toalla, coge el micr\u00f3fono y sale para empezar a cantar frente a miles de asistentes.\u00a0<\/p>\n<p class=\"c-paragraph\">Entre los seguidores del int\u00e9rprete de Cake by the Ocean\u00a0ha surgido un intenso debate. Mientras que unos creen que simplemente estaba limpi\u00e1ndose los mocos, <b>otros aseguran que estaba recurriendo a sustancias estupefacientes<\/b> para tener energ\u00eda durante el show.<\/p>\n<p class=\"c-paragraph\">\u00abSin drogas, por favor\u00bb, \u00abEstaba repasando sus l\u00edneas\u00bb han sido dos de los comentarios en el v\u00eddeo, por ejemplo. Sin embargo, por otro lado, algunos fans de Jonas le han defendido: \u00ab\u00a1Dejad al hombre en paz! Tambi\u00e9n es humano\u00bb, \u00ab<b>Se ve que nunca se limpiaron un moco hasta el fondo de la nariz <\/b>porque no sale, y tampoco gesticularon frente a un espejo para ver si sigue estando a la vista. Y se ve que tampoco vieron jam\u00e1s a Joe siendo simplemente exagerado con todo porque es su forma de ser\u00bb.<\/p>\n<p class=\"c-paragraph\">Ante el aluvi\u00f3n de cr\u00edticas, el propio artista ha escrito un comentario en el v\u00eddeo, defendi\u00e9ndose de todas las acusaciones. \u00ab<b>Lol, \u00bfnunca hab\u00e9is tenido un moco?<\/b>\u00ab, ha publicado desde su cuenta oficial de TikTok, aparentemente cansado de los comentarios que ha estado recibiendo estos d\u00edas.<\/p>\n","protected":false},"excerpt":{"rendered":"Un v\u00eddeo de Joe Jonas prepar\u00e1ndose para salir al escenario a actuar ha recorrido las redes sociales, pues&hellip;\n","protected":false},"author":2,"featured_media":105247,"comment_status":"","ping_status":"","sticky":false,"template":"","format":"standard","meta":{"footnotes":""},"categories":[170],"tags":[6621,146,147,25,24,12774,36589,36588,324,184,185,23],"class_list":{"0":"post-105246","1":"post","2":"type-post","3":"status-publish","4":"format-standard","5":"has-post-thumbnail","7":"category-musica","8":"tag-criticas","9":"tag-entertainment","10":"tag-entretenimiento","11":"tag-es","12":"tag-espana","13":"tag-explota","14":"tag-hurgarse","15":"tag-joe","16":"tag-jonas","17":"tag-music","18":"tag-musica","19":"tag-spain"},"share_on_mastodon":{"url":"","error":""},"_links":{"self":[{"href":"https:\/\/www.europesays.com\/es\/wp-json\/wp\/v2\/posts\/105246","targetHints":{"allow":["GET"]}}],"collection":[{"href":"https:\/\/www.europesays.com\/es\/wp-json\/wp\/v2\/posts"}],"about":[{"href":"https:\/\/www.europesays.com\/es\/wp-json\/wp\/v2\/types\/post"}],"author":[{"embeddable":true,"href":"https:\/\/www.europesays.com\/es\/wp-json\/wp\/v2\/users\/2"}],"replies":[{"embeddable":true,"href":"https:\/\/www.europesays.com\/es\/wp-json\/wp\/v2\/comments?post=105246"}],"version-history":[{"count":0,"href":"https:\/\/www.europesays.com\/es\/wp-json\/wp\/v2\/posts\/105246\/revisions"}],"wp:featuredmedia":[{"embeddable":true,"href":"https:\/\/www.europesays.com\/es\/wp-json\/wp\/v2\/media\/105247"}],"wp:attachment":[{"href":"https:\/\/www.europesays.com\/es\/wp-json\/wp\/v2\/media?parent=105246"}],"wp:term":[{"taxonomy":"category","embeddable":true,"href":"https:\/\/www.europesays.com\/es\/wp-json\/wp\/v2\/categories?post=105246"},{"taxonomy":"post_tag","embeddable":true,"href":"https:\/\/www.europesays.com\/es\/wp-json\/wp\/v2\/tags?post=105246"}],"curies":[{"name":"wp","href":"https:\/\/api.w.org\/{rel}","templated":true}]}}