{"id":105254,"date":"2025-09-10T09:59:08","date_gmt":"2025-09-10T09:59:08","guid":{"rendered":"https:\/\/www.europesays.com\/es\/105254\/"},"modified":"2025-09-10T09:59:08","modified_gmt":"2025-09-10T09:59:08","slug":"joaquin-prat-revela-que-se-casa-con-alexia-pla-despues-de-tres-anos-de-relacion-me-gustaria-ser-padre-con-ella-el-mundo","status":"publish","type":"post","link":"https:\/\/www.europesays.com\/es\/105254\/","title":{"rendered":"Joaqu\u00edn Prat revela que se casa con Alexia Pla despu\u00e9s de tres a\u00f1os de relaci\u00f3n: &quot;Me gustar\u00eda ser padre con ella&quot; &#8211; El Mundo"},"content":{"rendered":"<ol>\n<li><a href=\"https:\/\/news.google.com\/rss\/articles\/CBMigAFBVV95cUxPRUlfNnZieVlBNjlpRmkxeXNRTU5abmRwd3NRX09tQnBlcjk1Sy1rRVZxNFFaTGlPZ2tOWmtmaXRZMUs2YWIzczNNeEs1LTVZMllRSVdQaERXUWYwdi01aDJDOXdQajhtLXZiNnFQTzI3S3Z0eXZ4ZVljVU1VUC1SedIBgAFBVV95cUxPRHZfb1ZtQU5tVUdSWk5zVnJSekMxdm0zaTlLRU12WFA4aHJhS29XcHNpSGRpTlMyV3VnNzNHNVdGWmlkYWRzUjI3cE9uTW1xb3JITHhWeFRxek1TRDZtWHZXcmc5d3dodHI4QzQxNTdpcUl2YlV0c2Z6UHZqTnJmcA?oc=5\" target=\"_blank\" rel=\"nofollow noopener\">Joaqu\u00edn Prat revela que se casa con Alexia Pla despu\u00e9s de tres a\u00f1os de relaci\u00f3n: \u00abMe gustar\u00eda ser padre con ella\u00bb<\/a>&nbsp;&nbsp;El Mundo<\/li>\n<li><a href=\"https:\/\/news.google.com\/rss\/articles\/CBMitwFBVV95cUxNRGtnamdqVnE2cXpvTXlfR3hjNVFzWlhRZ0F6SktpSmhpQmloTUF4alpuV2I4RWxSMFBBb29veDloOTc0TkpyZzJUcU1KZzVOVGRmQVM2dmQ4UjAxVl8yTk1HYXpnbEZUSFRzVUNBZ1kwSDNXZGhKZVhfZVhadHltOUhHa3hjY3p6YTluOUlMczdoSWZMUnZSSFFQYk90X3dKMEgwTVh3X3Z2OEZmZXA2UE4td0kyNFXSAbwBQVVfeXFMTzVraHExT2ZMc1U1QlhJV1RIZm81VDR0SUNrbG5BVlNMN0dQd3VRMGlyUUUybC1VZ2VRaC0xZGw3a2hhbVJ5VzNDTmpKUEhMOThTM0ozZ1NxeDBtdjh6Y2MwakhOUzJTRXhaMVRXZDVUV1Y4dzV5M3RRYko2c2s4enhiUmJSY0xoaGo4WnRGamkxV0RzVm1tR0ZwQndsaXlPNEVSVXdsWTN2ZV91c1ZaRllVMUhYQmtkVGloMWY?oc=5\" target=\"_blank\" rel=\"nofollow noopener\">La boda de Joaqu\u00edn Prat, la de Nieves \u00c1lvarez y las fotos de la nueva vida de la infanta Sof\u00eda en Lisboa, en las revistas de hoy<\/a>&nbsp;&nbsp;Vanitatis<\/li>\n<li><a href=\"https:\/\/news.google.com\/rss\/articles\/CBMilAFBVV95cUxPdnJZWFM5N2pDa3lQLTJndS1rQlNtbWpaVUU2MzEwX3JtTllfQ0VVOFR2M21NZGZWSFZ6S0JLVVZfRTM2M09hcGJqVkN6T0VybEpQaFM2TzZnLW1PVDlrRjltWS0wdGlyRk5STVhDN0FiTVBRVzBsamhsU0JUZE5SY2F6U3FjU0Y3OFdDTjFOSDlTcTFh?oc=5\" target=\"_blank\" rel=\"nofollow noopener\">Joaqu\u00edn Prat y Alexia Pla se casan<\/a>&nbsp;&nbsp;El Correo<\/li>\n<li><a href=\"https:\/\/news.google.com\/rss\/articles\/CBMivgFBVV95cUxNaUVMUV9VM0tkYWVzLVNqZ1JxUUMteFBPeERfeUc5bWRXZG8zR1l0X1lPbm1wOTFXX2o5UWo3R1JjVDluWmFmc2VGdzVTMUhKNUxTenFKQVFIS1lqa3pqLWk5dU83TGdFWkllOTV0TVUwaDdoM3lfYWZMOG5ldEF0MFdUTE9FRlNPZ2NQVDlVSV8tVmR5azFLZ1M3SVZFeGt1U1hmdGhvcG52NS01UkNrSDdUa28yRGs4ZlhaX2Nn0gHKAUFVX3lxTFBBclNXb3JGdGlHZnBnOEdJTVZaZE1BN19hdFh5Y0E1bnhjQWYxVjc1anowdW41dlh1YUhTMy1FWkxORXZ4WGYtTVd1eHlVbUxyb1RiX0ZIX09tOHRQakozRHE0b2xnY0FZZEdnZTR5VFQ4eUR5QzcyLTd1d0Rzd2FaSXBuNVMxMWFaVG9NenZsaklYNnY2NldoeUxXX2dESjhXdTItek1DUFFRVnZGR3VzeE11U2hYUDRKZUJxTzZZUFFhOHhvOUQ4M2c?oc=5\" target=\"_blank\" rel=\"nofollow noopener\">Joaqu\u00edn Prat se casa con Alexia Pla: \u00abQuiero ser padre con ella, es la mejor persona que he conocido\u00bb<\/a>&nbsp;&nbsp;telecinco.es<\/li>\n<li><a href=\"https:\/\/news.google.com\/rss\/articles\/CBMiogFBVV95cUxNTEczTGhjbTZMT2dEZXNhSHNhTkJOQzBwYmxIZ2YtQ1NkWHZtakRHUXpESFo4VWpTZVBTN2IzOFZuS0c2LWV2eE42QlVmcUdsOGtpOUo3eWdPWmlYNlNnQmFiSVI4RUw0S0lPc0ZKb0k1TThkR3NJbGJpMzhTaUdHUEdINGdsT0hjdDJKR3BEUjExUjU3MERaSWZ4dWVmRHh1UlE?oc=5\" target=\"_blank\" rel=\"nofollow noopener\">Joaqu\u00edn Prat nos descubre que se casa con Alexia Pla<\/a>&nbsp;&nbsp;HOLA<\/li>\n<\/ol>\n","protected":false},"excerpt":{"rendered":"Joaqu\u00edn Prat revela que se casa con Alexia Pla despu\u00e9s de tres a\u00f1os de relaci\u00f3n: \u00abMe gustar\u00eda ser&hellip;\n","protected":false},"author":2,"featured_media":105255,"comment_status":"","ping_status":"","sticky":false,"template":"","format":"standard","meta":{"footnotes":""},"categories":[91],"tags":[146,147,25,24,721,720,23],"class_list":{"0":"post-105254","1":"post","2":"type-post","3":"status-publish","4":"format-standard","5":"has-post-thumbnail","7":"category-entretenimiento","8":"tag-entertainment","9":"tag-entretenimiento","10":"tag-es","11":"tag-espana","12":"tag-loc","13":"tag-loc-famosos","14":"tag-spain"},"share_on_mastodon":{"url":"","error":""},"_links":{"self":[{"href":"https:\/\/www.europesays.com\/es\/wp-json\/wp\/v2\/posts\/105254","targetHints":{"allow":["GET"]}}],"collection":[{"href":"https:\/\/www.europesays.com\/es\/wp-json\/wp\/v2\/posts"}],"about":[{"href":"https:\/\/www.europesays.com\/es\/wp-json\/wp\/v2\/types\/post"}],"author":[{"embeddable":true,"href":"https:\/\/www.europesays.com\/es\/wp-json\/wp\/v2\/users\/2"}],"replies":[{"embeddable":true,"href":"https:\/\/www.europesays.com\/es\/wp-json\/wp\/v2\/comments?post=105254"}],"version-history":[{"count":0,"href":"https:\/\/www.europesays.com\/es\/wp-json\/wp\/v2\/posts\/105254\/revisions"}],"wp:featuredmedia":[{"embeddable":true,"href":"https:\/\/www.europesays.com\/es\/wp-json\/wp\/v2\/media\/105255"}],"wp:attachment":[{"href":"https:\/\/www.europesays.com\/es\/wp-json\/wp\/v2\/media?parent=105254"}],"wp:term":[{"taxonomy":"category","embeddable":true,"href":"https:\/\/www.europesays.com\/es\/wp-json\/wp\/v2\/categories?post=105254"},{"taxonomy":"post_tag","embeddable":true,"href":"https:\/\/www.europesays.com\/es\/wp-json\/wp\/v2\/tags?post=105254"}],"curies":[{"name":"wp","href":"https:\/\/api.w.org\/{rel}","templated":true}]}}