{"id":105267,"date":"2025-09-10T10:07:17","date_gmt":"2025-09-10T10:07:17","guid":{"rendered":"https:\/\/www.europesays.com\/es\/105267\/"},"modified":"2025-09-10T10:07:17","modified_gmt":"2025-09-10T10:07:17","slug":"ufc-312-du-plessis-strickland-2-de-estelar-en-febrero-en-sydney","status":"publish","type":"post","link":"https:\/\/www.europesays.com\/es\/105267\/","title":{"rendered":"UFC 312: Du Plessis-Strickland 2 de estelar en febrero en Sydney"},"content":{"rendered":"<p>Dos peleas de campeonato, Du Plessis-Strickland 2 por el t\u00edtulo de peso mediano y Weili-Su\u00e1rez por el cetro de peso paja, encabezan UFC 312 en febrero, se anunci\u00f3 durante UFC 310.<\/p>\n<p><strong><a href=\"https:\/\/espndeportes.espn.com\/mma\/peleador\/_\/id\/3166126\/dricus-du-plessis\" target=\"_blank\" rel=\"nofollow noopener\">Dricus Du Plessis<\/a> defender\u00e1 el campeonato de peso mediano ante <a href=\"https:\/\/espndeportes.espn.com\/artes-marciales-mixtas\/nota\/_\/id\/13117502\/strickland-vs-du-plessis-resultados-en-vivo-reacciones-ufc-297\" target=\"_blank\" rel=\"nofollow noopener\">el hombre que destron\u00f3<\/a>, <a href=\"https:\/\/espndeportes.espn.com\/mma\/peleador\/_\/id\/3093653\/sean-strickland\" target=\"_blank\" rel=\"nofollow noopener\">Sean Strickland<\/a><\/strong>, en el evento principal de <strong>UFC 312<\/strong> el 8 de febrero en Sydney, Australia, se anunci\u00f3 durante <strong>UFC 310<\/strong>.<\/p>\n<p>El evento coestelar es <a href=\"https:\/\/espndeportes.espn.com\/artes-marciales-mixtas\/nota\/_\/id\/13568947\/tatiana-suarez-quiere-oportunidad-por-titulo-en-ufc-306-esfera\" target=\"_blank\" rel=\"nofollow noopener\">una pelea esperada<\/a> por <strong>el campeonato de peso paja entre la monarca <a href=\"https:\/\/www.espn.com\/mma\/fighter\/_\/id\/4350762\/zhang-weili\" target=\"_blank\" rel=\"nofollow noopener\">Zhang Weili<\/a> y la retadora <a href=\"https:\/\/www.espn.com\/mma\/fighter\/_\/id\/4020435\/tatiana-suarez\" target=\"_blank\" rel=\"nofollow noopener\">Tatiana Su\u00e1rez<\/a><\/strong>.<\/p>\n<p><strong>&#8211; <a href=\"https:\/\/plus.espn.com\/es\/ufc\/ppv?om-navmethod=espnplus-story:11499760\" target=\"_blank\" rel=\"nofollow noopener\">Suscr\u00edbete a ESPN+ para lo mejor de la UFC (EE.UU.)<\/a><br \/>&#8211; <a href=\"https:\/\/www.disneyplus.com\/\" target=\"_blank\" rel=\"nofollow noopener\">Suscr\u00edbete a Disney+ para lo mejor de la UFC (Latinoam\u00e9rica)<\/a><\/strong><\/p>\n<p><img class=\" lazyload lazyload\" data-image-container=\".inline-photo\" height=\"320\" width=\"570\"\/>Dricus Du Plessis golpea a Sean Strickland durante la pelea estelar de UFC 297 por el campeonato de peso mediano.\u00a0Jeff Bottari\/Zuffa LLC\/Getty Images<\/p>\n<p><a href=\"https:\/\/espndeportes.espn.com\/artes-marciales-mixtas\/nota?_slug_=strickland-vs-du-plessis-resultados-en-vivo-reacciones-ufc-297&amp;id=13117502\" target=\"_blank\" rel=\"nofollow noopener\"><strong>Du Plessis derrot\u00f3 a Strickland por decisi\u00f3n dividida<\/strong><\/a> para ganar el campeonato de peso mediano en el evento principal de UFC 297 en enero.<\/p>\n<p>Selecciones Editoriales<\/p>\n<ul>\n<li><a name=\"&amp;lpos=story:editorspicks:inline:1\" href=\"https:\/\/espndeportes.espn.com\/artes-marciales-mixtas\/nota\/_\/id\/14530642\/ufc-310-pantoja-vs-asakura-resultados-y-reacciones-en-vivo\" class=\"img-link\" rel=\"nofollow noopener\" target=\"_blank\"><img loading=\"lazy\" decoding=\"async\" src=\"https:\/\/a.espncdn.com\/combiner\/i?img=\/photo\/2024\/1208\/r1425070_1296x1296_1-1.jpg&amp;w=130&amp;h=130&amp;scale=crop&amp;location=center\" width=\"65\" height=\"65\"\/><\/a><\/li>\n<\/ul>\n<p>Desde entonces, <a href=\"https:\/\/espndeportes.espn.com\/artes-marciales-mixtas\/nota\/_\/id\/14053497\/du-plessis-vs-adesanya-resultado-ufc-305-sumision\" target=\"_blank\" rel=\"nofollow noopener\">el sudafricano defendi\u00f3 el campeonato en UFC 305 en agosto contra el ex monarca<\/a> <a href=\"https:\/\/espndeportes.espn.com\/mma\/peleador\/_\/id\/4285679\/israel-adesanya\" target=\"_blank\" rel=\"nofollow noopener\">Israel Adesanya<\/a>, <a href=\"https:\/\/espndeportes.espn.com\/artes-marciales-mixtas\/nota?_slug_=ufc-293-adesanya-vs-strickland-resultados-en-vivo-australia&amp;id=12560071\" target=\"_blank\" rel=\"nofollow noopener\">a quien Strickland venci\u00f3 en septiembre de 2023 para ganar el t\u00edtulo<\/a> antes de perderlo ante Du Plessis.<\/p>\n<p>La china <strong>Weili<\/strong> (25-3) no pelea desde abril, cuando <a href=\"https:\/\/espndeportes.espn.com\/artes-marciales-mixtas\/nota\/_\/id\/13515435\/ufc-300-zhang-weili-vs-yan-xiaonan-retuvo-titulo-paja-femenil\" target=\"_blank\" rel=\"nofollow noopener\">defendi\u00f3 el campeonato de las 115 exitosamente ante su compatriota<\/a> <a href=\"https:\/\/www.espn.com\/mma\/fighter\/_\/id\/4275487\/yan-xiaonan\" target=\"_blank\" rel=\"nofollow noopener\">Yan Xiaonan<\/a>. Realiza la tercera defensa en su segundo reinado ante <strong>Su\u00e1rez<\/strong> (11-0), quien <a href=\"https:\/\/espndeportes.espn.com\/artes-marciales-mixtas\/nota?_slug_=ufc-295-prochazka-pereira-resultados-reacciones-en-vivo&amp;id=12852055\" target=\"_blank\" rel=\"nofollow noopener\">someti\u00f3 a<\/a> <a href=\"https:\/\/espndeportes.espn.com\/mma\/peleador\/_\/id\/3024395\/jessica-andrade\" target=\"_blank\" rel=\"nofollow noopener\">Jessica Andrade<\/a> en su pelea m\u00e1s reciente en agosto de 2023 y <a href=\"https:\/\/espndeportes.espn.com\/artes-marciales-mixtas\/nota?_slug_=tatiana-suarez-lesionada-dern-entra-contra-lemos-en-ufc-298&amp;id=13110203\" target=\"_blank\" rel=\"nofollow noopener\">no peleaba desde entonces por lesi\u00f3n<\/a>.<\/p>\n","protected":false},"excerpt":{"rendered":"Dos peleas de campeonato, Du Plessis-Strickland 2 por el t\u00edtulo de peso mediano y Weili-Su\u00e1rez por el cetro&hellip;\n","protected":false},"author":2,"featured_media":105268,"comment_status":"","ping_status":"","sticky":false,"template":"","format":"standard","meta":{"footnotes":""},"categories":[276],"tags":[168,25,24,23,167,343],"class_list":{"0":"post-105267","1":"post","2":"type-post","3":"status-publish","4":"format-standard","5":"has-post-thumbnail","7":"category-ufc","8":"tag-deportes","9":"tag-es","10":"tag-espana","11":"tag-spain","12":"tag-sports","13":"tag-ufc"},"share_on_mastodon":{"url":"","error":""},"_links":{"self":[{"href":"https:\/\/www.europesays.com\/es\/wp-json\/wp\/v2\/posts\/105267","targetHints":{"allow":["GET"]}}],"collection":[{"href":"https:\/\/www.europesays.com\/es\/wp-json\/wp\/v2\/posts"}],"about":[{"href":"https:\/\/www.europesays.com\/es\/wp-json\/wp\/v2\/types\/post"}],"author":[{"embeddable":true,"href":"https:\/\/www.europesays.com\/es\/wp-json\/wp\/v2\/users\/2"}],"replies":[{"embeddable":true,"href":"https:\/\/www.europesays.com\/es\/wp-json\/wp\/v2\/comments?post=105267"}],"version-history":[{"count":0,"href":"https:\/\/www.europesays.com\/es\/wp-json\/wp\/v2\/posts\/105267\/revisions"}],"wp:featuredmedia":[{"embeddable":true,"href":"https:\/\/www.europesays.com\/es\/wp-json\/wp\/v2\/media\/105268"}],"wp:attachment":[{"href":"https:\/\/www.europesays.com\/es\/wp-json\/wp\/v2\/media?parent=105267"}],"wp:term":[{"taxonomy":"category","embeddable":true,"href":"https:\/\/www.europesays.com\/es\/wp-json\/wp\/v2\/categories?post=105267"},{"taxonomy":"post_tag","embeddable":true,"href":"https:\/\/www.europesays.com\/es\/wp-json\/wp\/v2\/tags?post=105267"}],"curies":[{"name":"wp","href":"https:\/\/api.w.org\/{rel}","templated":true}]}}