{"id":105269,"date":"2025-09-10T10:10:05","date_gmt":"2025-09-10T10:10:05","guid":{"rendered":"https:\/\/www.europesays.com\/es\/105269\/"},"modified":"2025-09-10T10:10:05","modified_gmt":"2025-09-10T10:10:05","slug":"pedida-de-mano-en-la-guardia-civil","status":"publish","type":"post","link":"https:\/\/www.europesays.com\/es\/105269\/","title":{"rendered":"pedida de mano en la Guardia Civil"},"content":{"rendered":"<p><strong><a target=\"_blank\" href=\"https:\/\/www.diariodepontevedra.es\/tags\/la-vuelta\/\" rel=\"nofollow noopener\">La Vuelta<\/a> <\/strong>Ciclista a Espa\u00f1a 2025 ha dejado en <strong>Pontevedra <\/strong>una estampa inesperada m\u00e1s all\u00e1 del deporte. En pleno operativo de seguridad, <strong>Daniel Barcia<\/strong> \u2013agente <strong>pontevedr\u00e9s <\/strong>destinado en el Grupo de Reserva y Seguridad (<strong>GRS<\/strong>) de Valencia\u2013 aprovech\u00f3 la cita para sorprender a su pareja, <strong>Silvia Mora<\/strong>, natural de Ciudad Real y tambi\u00e9n miembro del cuerpo.<\/p>\n<p>Ambos se conocieron en <strong>Mallorca <\/strong>y, este martes, protagonizaron la que ya se confirma como la <strong>primera pedida de mano <\/strong>dentro del <strong>dispositivo de seguridad<\/strong> de la Guardia Civil en la ronda espa\u00f1ola.<\/p>\n<blockquote class=\"instagram-media\" data-instgrm-captioned=\"\" data-instgrm-permalink=\"https:\/\/www.instagram.com\/reel\/DOYSURlCVCB\/?utm_source=ig_embed&amp;utm_campaign=loading\" data-instgrm-version=\"14\" style=\" background:#FFF; border:0; border-radius:3px; box-shadow:0 0 1px 0 rgba(0,0,0,0.5),0 1px 10px 0 rgba(0,0,0,0.15); margin: 1px; max-width:540px; min-width:326px; padding:0; width:99.375%; width:-webkit-calc(100% - 2px); width:calc(100% - 2px);\">\n<\/blockquote>\n<p>El gesto se produjo el mismo d\u00eda en que la carrera retomaba la competici\u00f3n con la <strong>etapa Poio-Mos<\/strong>, la n\u00famero 16 de la edici\u00f3n, tras la jornada de descanso vivida como novedad en la Boa Vila.<\/p>\n<p>Una etapa marcada en lo deportivo\u2026 y tambi\u00e9n en lo humano, con una imagen que rob\u00f3 flashes entre <strong>bicicletas, uniformes y protestas por Palestina<\/strong> que vienen acompa\u00f1ando a la caravana en las \u00faltimas jornadas.<\/p>\n<p>                        <script async src=\"\/\/www.instagram.com\/embed.js\"><\/script><\/p>\n","protected":false},"excerpt":{"rendered":"La Vuelta Ciclista a Espa\u00f1a 2025 ha dejado en Pontevedra una estampa inesperada m\u00e1s all\u00e1 del deporte. En&hellip;\n","protected":false},"author":2,"featured_media":105270,"comment_status":"","ping_status":"","sticky":false,"template":"","format":"standard","meta":{"footnotes":""},"categories":[273],"tags":[313,312,168,25,24,260,7789,2477,36028,23,167],"class_list":{"0":"post-105269","1":"post","2":"type-post","3":"status-publish","4":"format-standard","5":"has-post-thumbnail","7":"category-ciclismo","8":"tag-ciclismo","9":"tag-cycling","10":"tag-deportes","11":"tag-es","12":"tag-espana","13":"tag-gente","14":"tag-la-vuelta","15":"tag-pareja","16":"tag-poio","17":"tag-spain","18":"tag-sports"},"share_on_mastodon":{"url":"","error":""},"_links":{"self":[{"href":"https:\/\/www.europesays.com\/es\/wp-json\/wp\/v2\/posts\/105269","targetHints":{"allow":["GET"]}}],"collection":[{"href":"https:\/\/www.europesays.com\/es\/wp-json\/wp\/v2\/posts"}],"about":[{"href":"https:\/\/www.europesays.com\/es\/wp-json\/wp\/v2\/types\/post"}],"author":[{"embeddable":true,"href":"https:\/\/www.europesays.com\/es\/wp-json\/wp\/v2\/users\/2"}],"replies":[{"embeddable":true,"href":"https:\/\/www.europesays.com\/es\/wp-json\/wp\/v2\/comments?post=105269"}],"version-history":[{"count":0,"href":"https:\/\/www.europesays.com\/es\/wp-json\/wp\/v2\/posts\/105269\/revisions"}],"wp:featuredmedia":[{"embeddable":true,"href":"https:\/\/www.europesays.com\/es\/wp-json\/wp\/v2\/media\/105270"}],"wp:attachment":[{"href":"https:\/\/www.europesays.com\/es\/wp-json\/wp\/v2\/media?parent=105269"}],"wp:term":[{"taxonomy":"category","embeddable":true,"href":"https:\/\/www.europesays.com\/es\/wp-json\/wp\/v2\/categories?post=105269"},{"taxonomy":"post_tag","embeddable":true,"href":"https:\/\/www.europesays.com\/es\/wp-json\/wp\/v2\/tags?post=105269"}],"curies":[{"name":"wp","href":"https:\/\/api.w.org\/{rel}","templated":true}]}}