{"id":105298,"date":"2025-09-10T10:27:14","date_gmt":"2025-09-10T10:27:14","guid":{"rendered":"https:\/\/www.europesays.com\/es\/105298\/"},"modified":"2025-09-10T10:27:14","modified_gmt":"2025-09-10T10:27:14","slug":"espana-referente-europeo-en-formacion-polivante-de-sus-pilotos-militares","status":"publish","type":"post","link":"https:\/\/www.europesays.com\/es\/105298\/","title":{"rendered":"Espa\u00f1a, referente europeo en formaci\u00f3n polivante de sus pilotos militares"},"content":{"rendered":"<p>\t\t\t\t\t\t10\/09\/2025<br \/>\n\t\t\t\t\t\t<a href=\"https:\/\/twitter.com\/Defensagob\" title=\"Twitter\" rel=\"nofollow noopener\" target=\"_blank\"><img decoding=\"async\" src=\"https:\/\/www.europesays.com\/es\/wp-content\/uploads\/2025\/07\/siguenosTwitter1.png\" alt=\"Twitter\"\/> <\/a><\/p>\n<p>\n\t\t\t\t\t\t\t<strong>SM el Rey ha visitado las instalaciones de la Base A\u00e9rea de Zaragoza, acompa\u00f1ado de la ministra de Defensa, donde se imparten los cursos de vuelo t\u00e1ctico del Ej\u00e9rcito del Aire y del Espacio<\/strong>\n\t\t\t\t\t\t<\/p>\n<p><strong>Un proyecto que se consolida y que se ampl\u00eda, en 2026, con formaci\u00f3n en un simulador espa\u00f1ol del A400, que completar\u00e1 la instrucci\u00f3n<\/strong><\/p>\n<p>Ofrecer la m\u00e1s completa formaci\u00f3n t\u00e1ctica a las tripulaciones de transporte a\u00e9reo para mejorar sus capacidades de adaptaci\u00f3n a escenarios hostiles y garantizar, al m\u00e1ximo, sus posibilidades de supervivencia.<\/p>\n<p>Este es el objetivo del Curso de Vuelo T\u00e1ctico de Transporte del Ej\u00e9rcito del Aire y del Espacio, al que hoy ha asistido la ministra de Defensa, acompa\u00f1ando a SM el Rey, en Zaragoza.<\/p>\n<p>El ETAC (European Tactical Airlift Center), que entr\u00f3 en funcionamiento en junio de 2017, se ha convertido en un referente y ha colocado a nuestro pa\u00eds a la vanguardia formativa de pilotos y el intercambio de experiencias con otros pa\u00edses, para seguir mejorando y adoptar herramientas que permitan enfrentarse a nuevos retos en el aire, como lo es la irrupci\u00f3n de los drones, en situaciones de conflicto.<\/p>\n<p>En la actualidad, son 14 las nacionalidades europeas que forman parte de este proyecto que se ha consolidado y cuyo balance, desde su implantaci\u00f3n, es muy positiva, ya que permite no solo un entrenamiento avanzado gracias al uso de material real sino, tambi\u00e9n, el establecimiento de sinergias y la interoperabilidad entre el personal del Ej\u00e9rcito del Aire y del Espacio y el del Ej\u00e9rcito de Tierra, que tambi\u00e9n colabora en esta acci\u00f3n formativa.<\/p>\n<p>Una acci\u00f3n formativa que se ha renovado y ampliado, este mismo a\u00f1o, al menos, hasta 2026.<\/p>\n<p>\u00a0<\/p>\n<p>\t\t\t\t<script async src=\"https:\/\/platform.twitter.com\/widgets.js\" charset=\"utf-8\"><\/script><\/p>\n","protected":false},"excerpt":{"rendered":"10\/09\/2025 SM el Rey ha visitado las instalaciones de la Base A\u00e9rea de Zaragoza, acompa\u00f1ado de la ministra&hellip;\n","protected":false},"author":2,"featured_media":2463,"comment_status":"","ping_status":"","sticky":false,"template":"","format":"standard","meta":{"footnotes":""},"categories":[5],"tags":[17,18,1616,2591,25,2586,24,2593,13,14,2588,2589,2590,2587,11,19,20,2592,2585,2584,9,10,15,16,23,12,21,22],"class_list":{"0":"post-105298","1":"post","2":"type-post","3":"status-publish","4":"format-standard","5":"has-post-thumbnail","7":"category-titulares","8":"tag-breaking-news","9":"tag-breakingnews","10":"tag-defensa","11":"tag-ejrcito-espaol","12":"tag-es","13":"tag-espaa","14":"tag-espana","15":"tag-fas","16":"tag-featured-news","17":"tag-featurednews","18":"tag-ffaa","19":"tag-fuerzas-armadas","20":"tag-fuerzas-armadas-profesionales","21":"tag-gobierno-de-espaa","22":"tag-headlines","23":"tag-latest-news","24":"tag-latestnews","25":"tag-mde","26":"tag-ministerio-de-defensa","27":"tag-ministerio-defensa","28":"tag-news","29":"tag-noticias","30":"tag-noticias-destacadas","31":"tag-noticiasdestacadas","32":"tag-spain","33":"tag-titulares","34":"tag-ultimas-noticias","35":"tag-ultimasnoticias"},"share_on_mastodon":{"url":"","error":""},"_links":{"self":[{"href":"https:\/\/www.europesays.com\/es\/wp-json\/wp\/v2\/posts\/105298","targetHints":{"allow":["GET"]}}],"collection":[{"href":"https:\/\/www.europesays.com\/es\/wp-json\/wp\/v2\/posts"}],"about":[{"href":"https:\/\/www.europesays.com\/es\/wp-json\/wp\/v2\/types\/post"}],"author":[{"embeddable":true,"href":"https:\/\/www.europesays.com\/es\/wp-json\/wp\/v2\/users\/2"}],"replies":[{"embeddable":true,"href":"https:\/\/www.europesays.com\/es\/wp-json\/wp\/v2\/comments?post=105298"}],"version-history":[{"count":0,"href":"https:\/\/www.europesays.com\/es\/wp-json\/wp\/v2\/posts\/105298\/revisions"}],"wp:featuredmedia":[{"embeddable":true,"href":"https:\/\/www.europesays.com\/es\/wp-json\/wp\/v2\/media\/2463"}],"wp:attachment":[{"href":"https:\/\/www.europesays.com\/es\/wp-json\/wp\/v2\/media?parent=105298"}],"wp:term":[{"taxonomy":"category","embeddable":true,"href":"https:\/\/www.europesays.com\/es\/wp-json\/wp\/v2\/categories?post=105298"},{"taxonomy":"post_tag","embeddable":true,"href":"https:\/\/www.europesays.com\/es\/wp-json\/wp\/v2\/tags?post=105298"}],"curies":[{"name":"wp","href":"https:\/\/api.w.org\/{rel}","templated":true}]}}