{"id":105305,"date":"2025-09-10T10:33:30","date_gmt":"2025-09-10T10:33:30","guid":{"rendered":"https:\/\/www.europesays.com\/es\/105305\/"},"modified":"2025-09-10T10:33:30","modified_gmt":"2025-09-10T10:33:30","slug":"horario-recorrido-perfil-y-donde-ver-por-tv-y-online-la-etapa-17","status":"publish","type":"post","link":"https:\/\/www.europesays.com\/es\/105305\/","title":{"rendered":"horario, recorrido, perfil y d\u00f3nde ver por TV y online la etapa 17"},"content":{"rendered":"\n<ul class=\"bodyList bodyList--unordered\">\n<li class=\"bodyList__item\"><a href=\"https:\/\/www.elconfidencial.com\/deportes\/ciclismo\/2025-09-09\/jonas-vingegaard-lider-vuelta-espana-protestas-pro-palestina-lo-hacen-por-una-razon_4204559\/\" target=\"_self\" rel=\"nofollow noopener\">Vingegaard, l\u00edder de la Vuelta y las protestas pro-Palestina: \u00abLa gente lo hace por una raz\u00f3n\u00bb<\/a><\/li>\n<li class=\"bodyList__item\"><a href=\"https:\/\/www.elconfidencial.com\/deportes\/ciclismo\/2025-09-07\/alberto-contador-salida-juan-ayuso-equipo-uae-solucion-ambas-partes_4204051\/\" target=\"_self\" rel=\"nofollow noopener\">Alberto Contador, leyenda del ciclismo, sobre la salida de Juan Ayuso del equipo UAE: \u00abCreo que es la soluci\u00f3n para las dos partes\u00bb<\/a><\/li>\n<\/ul>\n<p> Se acercan las \u00faltimas jornadas de la<strong> <\/strong><a href=\"https:\/\/www.elconfidencial.com\/deportes\/ciclismo\/2025-09-09\/jonas-vingegaard-lider-vuelta-espana-protestas-pro-palestina-lo-hacen-por-una-razon_4204559\/\" target=\"_self\" rel=\"nofollow noopener\">Vuelta a Espa\u00f1a 2025<\/a> con todo por decidir. La <strong>etapa 17<\/strong>, que ser\u00e1 la tercera que se celebre en Galicia, comenzar\u00e1 en<strong> O Barco de Valdeorras<\/strong> y finalizar\u00e1 en el <strong>Alto de El Morredero<\/strong>. <\/p>\n<p> Los <a href=\"https:\/\/www.elconfidencial.com\/deportes\/ciclismo\/2025-09-02\/miguel-indurain-nivel-ciclismo-espanol-actual-buenos-corredores-faltan-ganadores_4200918\/\" target=\"_self\" rel=\"nofollow noopener\">corredores<\/a> pasar\u00e1n este mi\u00e9rcoles 10 de septiembre por las zonas afectadas por los<strong> incendios que devastaron el noroeste<\/strong> del pa\u00eds este verano. El recorrido contar\u00e1 con <strong>145,2 kil\u00f3metros<\/strong> en un perfil sinuoso hasta la base del \u00faltimo puerto. <\/p>\n<p> Tendr\u00e1n que superar el <strong>Paso de las Traviesas<\/strong>, de tercera categor\u00eda, para iniciar un bucle alrededor de <strong>Ponferrada<\/strong>. El final ser\u00e1 en alto, siendo el pen\u00faltimo que habr\u00e1 en esta edici\u00f3n antes de La Bola del Mundo. <\/p>\n<p>              <img decoding=\"async\" class=\"inTextNews__img\" alt=\"Foto: miguel-indurain-nivel-ciclismo-espanol-actual-buenos-corredores-faltan-ganadores\" src=\"https:\/\/www.europesays.com\/es\/wp-content\/uploads\/2025\/09\/f.elconfidencial.com\/original\/b3a\/47c\/7b9\/b3a47c7b92d9342b35db549dc83c7960.jpg\"  \/>     <\/p>\n<p>TE PUEDE INTERESAR<\/p>\n<p>      <a class=\"inTextNews__title\" href=\"https:\/\/www.elconfidencial.com\/deportes\/ciclismo\/2025-09-02\/miguel-indurain-nivel-ciclismo-espanol-actual-buenos-corredores-faltan-ganadores_4200918\/\" onclick=\"window.ECCO.emit(&#039;amplitude&#039;, { dataEventName: &#039;click_related_article_module&#039;, data: { related_article_url: &#039;https:\/\/www.elconfidencial.com\/deportes\/ciclismo\/2025-09-02\/miguel-indurain-nivel-ciclismo-espanol-actual-buenos-corredores-faltan-ganadores_4200918\/&#039;, related_article_author: &#039;\u00c1lvaro El\u00edas&#039;, related_article_section: &#039;ciclismo&#039; } })\" rel=\"nofollow noopener\" target=\"_blank\"> Miguel Indurain, sobre el ciclismo espa\u00f1ol: \u00abHay buenos corredores, pero nos faltan ganadores\u00bb  <\/a>   <\/p>\n<p>    El Confidencial   <\/p>\n<p> Para la <strong>etapa 17<\/strong>, los <a href=\"https:\/\/www.elconfidencial.com\/deportes\/ciclismo\/2025-09-06\/israel-la-vuelta-equipo-nombre-maillot-protestas_4203777\/\" target=\"_self\" rel=\"nofollow noopener\">ciclistas<\/a> ascender\u00e1n al Alto de El Morredero, de primera categor\u00eda, con una vertiente de <strong>8,8 kil\u00f3metros al 9,7%<\/strong>. <\/p>\n<p>            Horario y donde por TV y online la etapa 17           <\/p>\n<p> La <strong>decimos\u00e9ptima etapa<\/strong> de la<strong> Vuelta a Espa\u00f1a 2025<\/strong> entre <strong>O Barco de Valdeorras y el Alto de El Morredero<\/strong> tendr\u00e1 lugar este <strong>mi\u00e9rcoles 10 de septiembre<\/strong>, con la salida neutralizada a las <strong>13:30<\/strong>, hasta aproximadamente a las 17:00, horario en el que se prev\u00e9 el final de la carrera. <\/p>\n<p> Los seguidores podr\u00e1n disfrutar de ella por TV a trav\u00e9s de RTVE en Teledeporte y online en su plataforma RTVE Play. Adem\u00e1s,<strong> las etapas podr\u00e1n seguirse <\/strong>mediante otras plataformas, como Eurosport, que conectar\u00e1 desde las 14:30 y HBO Max. <\/p>\n","protected":false},"excerpt":{"rendered":"Vingegaard, l\u00edder de la Vuelta y las protestas pro-Palestina: \u00abLa gente lo hace por una raz\u00f3n\u00bb Alberto Contador,&hellip;\n","protected":false},"author":2,"featured_media":105306,"comment_status":"","ping_status":"","sticky":false,"template":"","format":"standard","meta":{"footnotes":""},"categories":[273],"tags":[313,312,168,25,24,23,167],"class_list":{"0":"post-105305","1":"post","2":"type-post","3":"status-publish","4":"format-standard","5":"has-post-thumbnail","7":"category-ciclismo","8":"tag-ciclismo","9":"tag-cycling","10":"tag-deportes","11":"tag-es","12":"tag-espana","13":"tag-spain","14":"tag-sports"},"share_on_mastodon":{"url":"","error":""},"_links":{"self":[{"href":"https:\/\/www.europesays.com\/es\/wp-json\/wp\/v2\/posts\/105305","targetHints":{"allow":["GET"]}}],"collection":[{"href":"https:\/\/www.europesays.com\/es\/wp-json\/wp\/v2\/posts"}],"about":[{"href":"https:\/\/www.europesays.com\/es\/wp-json\/wp\/v2\/types\/post"}],"author":[{"embeddable":true,"href":"https:\/\/www.europesays.com\/es\/wp-json\/wp\/v2\/users\/2"}],"replies":[{"embeddable":true,"href":"https:\/\/www.europesays.com\/es\/wp-json\/wp\/v2\/comments?post=105305"}],"version-history":[{"count":0,"href":"https:\/\/www.europesays.com\/es\/wp-json\/wp\/v2\/posts\/105305\/revisions"}],"wp:featuredmedia":[{"embeddable":true,"href":"https:\/\/www.europesays.com\/es\/wp-json\/wp\/v2\/media\/105306"}],"wp:attachment":[{"href":"https:\/\/www.europesays.com\/es\/wp-json\/wp\/v2\/media?parent=105305"}],"wp:term":[{"taxonomy":"category","embeddable":true,"href":"https:\/\/www.europesays.com\/es\/wp-json\/wp\/v2\/categories?post=105305"},{"taxonomy":"post_tag","embeddable":true,"href":"https:\/\/www.europesays.com\/es\/wp-json\/wp\/v2\/tags?post=105305"}],"curies":[{"name":"wp","href":"https:\/\/api.w.org\/{rel}","templated":true}]}}