{"id":105309,"date":"2025-09-10T10:35:16","date_gmt":"2025-09-10T10:35:16","guid":{"rendered":"https:\/\/www.europesays.com\/es\/105309\/"},"modified":"2025-09-10T10:35:16","modified_gmt":"2025-09-10T10:35:16","slug":"darius-thompson-sale-malparado-del-europeo","status":"publish","type":"post","link":"https:\/\/www.europesays.com\/es\/105309\/","title":{"rendered":"Darius Thompson sale malparado del Europeo"},"content":{"rendered":"<p>\n        Darius Thompson ha sido uno de los nombres del verano en el Baskonia. <strong>El base norteamericano con pasaporte italiano dej\u00f3 un recuerdo imborrable en Vitoria en la temporada 2022-23<\/strong>, en la que fue el director de orquesta de un equipo muy ofensivo y vistoso con Joan Pe\u00f1arroya como entrenador.\n<\/p>\n<p class=\"article-body__text \">\n        Condicionantes como la sanci\u00f3n a Pierria Henry impidieron que se alcanzaran mayores \u00e9xitos en dicha campa\u00f1a, pero el equipo hizo disfrutar a la afici\u00f3n y Darius Thompson, que logr\u00f3 un gran contrato con el Anadolu Efes gracias a su fant\u00e1stico rendimiento, se gan\u00f3 pronto el cari\u00f1o del baskonismo, que v<strong>alor\u00f3 positivamente su inteligencia y visi\u00f3n de juego sobre el parqu\u00e9, adem\u00e1s de su versatilidad defensiva<\/strong>.\n<\/p>\n<p class=\"article-body__text \">\n        Por ello, cuando este verano anunci\u00f3 al abrirse el derecho de tanteo su deseo de regresar a la ACB de la mano del Valencia Basket,<strong> muchos se ilusionaron con la posibilidad de volver a disfrutar de su calidad en el Buesa Arena<\/strong> si el conjunto gasteiztarra igualaba la oferta del conjunto taronja.\n<\/p>\n<p>            <a href=\"https:\/\/www.noticiasdealava.eus\/baskonia\/2025\/07\/17\/baskonia-desiste-igualar-astronomica-oferta-9893447.html\" title=\"El Baskonia desiste de igualar la astron\u00f3mica oferta taronja por Thompson\" class=\"new__media\" rel=\"nofollow noopener\" target=\"_blank\"><\/p>\n<p>                <img alt=\"El Baskonia desiste de igualar la astron\u00f3mica oferta taronja por Thompson\" data-src=\"https:\/\/www.europesays.com\/es\/wp-content\/uploads\/2025\/09\/d59a9371-695b-408f-b1e9-a7124751eb1a_16-9-aspect-ratio_default_0.jpg\" class=\"lozad\"\/><\/p>\n<p>        <\/a><\/p>\n<p>        <a href=\"https:\/\/www.noticiasdealava.eus\/baskonia\/2025\/07\/17\/baskonia-desiste-igualar-astronomica-oferta-9893447.html\" title=\"El Baskonia desiste de igualar la astron\u00f3mica oferta taronja por Thompson\" class=\"new__headline\" rel=\"nofollow noopener\" target=\"_blank\"><br \/>\n            El Baskonia desiste de igualar la astron\u00f3mica oferta taronja por Thompson<br \/>\n        <\/a><\/p>\n<p class=\"article-body__text \">\n        Sin embargo, <strong>los 9,5 millones de euros brutos repartidos en tres temporadas<\/strong> que el equipo presidido por Juan Roig puso sobre la mesa a Thompson resultaron prohibitivos para el Baskonia, al que no le qued\u00f3 m\u00e1s remedio que renunciar a \u00e9l y permitir que fichara por el Valencia Basket.\n<\/p>\n<p class=\"article-body__text \">\n        Por muy dolorosa que haya resultado la operaci\u00f3n en lo sentimental, en cualquier caso, <strong>est\u00e1 por ver si va a ser tan beneficiosa en lo deportivo para el Valencia Basket <\/strong>como podr\u00eda parecer sobre el papel.\n<\/p>\n<p class=\"article-body__text \">\n        Pese a que en su \u00fanico curso en Vitoria-Gasteiz se consagr\u00f3 como uno de los mejores bases de Europa, lo cierto es que <strong>no ha conseguido ofrecer con regularidad el rendimiento que dio en el Baskonia desde su marcha al Anadolu Efes<\/strong> en el verano de 2023, previo pago de su cl\u00e1usula de salida.\n<\/p>\n<p>            <a href=\"https:\/\/www.noticiasdealava.eus\/baskonia\/2025\/09\/08\/rafa-villar-siento-comodo-filosofia-10059742.html\" title=\"Rafa Villar: \u201cMe siento c\u00f3modo en la filosof\u00eda de Galbiati\u201d\" class=\"new__media\" rel=\"nofollow noopener\" target=\"_blank\"><\/p>\n<p>                <img alt=\"Rafa Villar: \u201cMe siento c\u00f3modo en la filosof\u00eda de Galbiati\u201d\" data-src=\"https:\/\/www.europesays.com\/es\/wp-content\/uploads\/2025\/09\/d3768707-b2ca-4620-be96-ae3fff064bb6_16-9-aspect-ratio_default_0.jpg\" class=\"lozad\"\/><\/p>\n<p>        <\/a><\/p>\n<p>        <a href=\"https:\/\/www.noticiasdealava.eus\/baskonia\/2025\/09\/08\/rafa-villar-siento-comodo-filosofia-10059742.html\" title=\"Rafa Villar: \u201cMe siento c\u00f3modo en la filosof\u00eda de Galbiati\u201d\" class=\"new__headline\" rel=\"nofollow noopener\" target=\"_blank\"><br \/>\n            Rafa Villar: \u201cMe siento c\u00f3modo en la filosof\u00eda de Galbiati\u201d<br \/>\n        <\/a><\/p>\n<p class=\"article-body__text \">\n        Buen ejemplo de ello ha sido su rendimiento en el Eurobasket, que ha resultado decepcionante para Italia. <strong>El base de Tennessee fue convocado por Gianmarco Pozzecco para ocupar el hueco de Donte DiVincenzo<\/strong>, que inicialmente iba a ser el jugador nacionalizado que disputara el torneo, pero no pudo hacerlo por lesi\u00f3n.\n<\/p>\n<p class=\"article-body__text \">\n        Tras ello, Thompson estaba llamado a ser el base titular del conjunto italiano, sin jugadores diferenciales en esa posici\u00f3n, pero <strong>no logr\u00f3 manejar esa responsabilidad como se esperaba<\/strong> y hacer fluir el juego de su equipo como lo hizo en Vitoria.\n<\/p>\n<p class=\"article-body__text \">\n        Apareci\u00f3 de forma intermitente y <strong>los 5,7 puntos y 2,5 asistencias de media en 21 minutos por choque estuvieron muy lejos de lo esperable<\/strong> por parte de un jugador de sus caracter\u00edsticas. S\u00f3lo estuvo en sus n\u00fameros habituales en un partido, cuando anot\u00f3 14 puntos y reparti\u00f3 4 asistencias ante Bosnia y Herzegovina.\n<\/p>\n<p>            <a href=\"https:\/\/www.noticiasdealava.eus\/baskonia\/2025\/09\/08\/baskonia-espera-cerrar-breve-base-10059901.html\" title=\"El Baskonia espera cerrar &quot;en breve&quot; a un base extracomunitario\" class=\"new__media\" rel=\"nofollow noopener\" target=\"_blank\"><\/p>\n<p>                <img alt=\"El Baskonia espera cerrar &quot;en breve&quot; a un base extracomunitario\" data-src=\"https:\/\/www.europesays.com\/es\/wp-content\/uploads\/2025\/09\/f81ccc89-9326-4c4c-bf40-c3696031b59c_16-9-aspect-ratio_default_0_x839y649.jpg\" class=\"lozad\"\/><\/p>\n<p>        <\/a><\/p>\n<p>        <a href=\"https:\/\/www.noticiasdealava.eus\/baskonia\/2025\/09\/08\/baskonia-espera-cerrar-breve-base-10059901.html\" title=\"El Baskonia espera cerrar &quot;en breve&quot; a un base extracomunitario\" class=\"new__headline\" rel=\"nofollow noopener\" target=\"_blank\"><br \/>\n            El Baskonia espera cerrar \u00aben breve\u00bb a un base extracomunitario<br \/>\n        <\/a><\/p>\n<p class=\"article-body__text \">\n        Especialmente significativa fue su actuaci\u00f3n en la eliminatoria de octavos de final ante Eslovenia. <strong>El exbaskonista se qued\u00f3 sin anotar en 18 minutos de juego (0\/3 en tiros) y s\u00f3lo reparti\u00f3 una asistencia para -3 cr\u00e9ditos de valoraci\u00f3n<\/strong>. En los minutos calientes, Pozzecco prefiri\u00f3 dar el tim\u00f3n a Marco Spissu, jugador del Casademont Zaragoza con significativamente menos cach\u00e9 que Darius Thompson.\n<\/p>\n<p>        En el partido que supuso la eliminaci\u00f3n de Italia ante Eslovenia en los octavos de final del Europeo, el exbaskonista se qued\u00f3 sin anotar en 18 minutos de juego (0\/3 en tiros) y s\u00f3lo reparti\u00f3 una asistencia para -3 cr\u00e9ditos de valoraci\u00f3n<\/p>\n<p>  Un rol diferente<\/p>\n<p class=\"article-body__text \">\n        Con su decepcionante participaci\u00f3n en el Eurobasket<strong>, se antoja dif\u00edcil que el pr\u00f3ximo seleccionador italiano tras la renuncia de Pozzecco vuelva a contar con Thompson en los pr\u00f3ximos compromisos internacionales<\/strong>. En el Anadolu Efes las cosas le han ido mejor en los dos \u00faltimos cursos, pero tampoco ha llegado a los n\u00fameros que registr\u00f3 en el Baskonia, donde era capit\u00e1n general.\n<\/p>\n<p class=\"article-body__text \">\n        <strong>De los 12,6 puntos, 6,7 asistencias y 17,1 cr\u00e9ditos de valoraci\u00f3n que promedi\u00f3 en su primera campa\u00f1a en la Euroliga con el Baskonia<\/strong>, pas\u00f3 a 11,2 puntos y 2,9 asistencias para 9,9 cr\u00e9ditos en el curso 2023-24 con el Efes y a 9,8 puntos, 4,7 asistencias y 12,4 de valoraci\u00f3n la pasada temporada.\n<\/p>\n<p>            <a href=\"https:\/\/www.noticiasdealava.eus\/baskonia\/2025\/09\/09\/nuevos-horarios-partidos-baskonia-acb-10061682.html\" title=\"Nuevos horarios para los partidos del Baskonia en la ACB\" class=\"new__media\" rel=\"nofollow noopener\" target=\"_blank\"><\/p>\n<p>                <img alt=\"Nuevos horarios para los partidos del Baskonia en la ACB\" data-src=\"https:\/\/www.europesays.com\/es\/wp-content\/uploads\/2025\/09\/a2fceb60-7ad9-4b9f-98aa-8ef6ecba9365_16-9-aspect-ratio_default_0_x2019y929.jpg\" class=\"lozad\"\/><\/p>\n<p>        <\/a><\/p>\n<p>        <a href=\"https:\/\/www.noticiasdealava.eus\/baskonia\/2025\/09\/09\/nuevos-horarios-partidos-baskonia-acb-10061682.html\" title=\"Nuevos horarios para los partidos del Baskonia en la ACB\" class=\"new__headline\" rel=\"nofollow noopener\" target=\"_blank\"><br \/>\n            Nuevos horarios para los partidos del Baskonia en la ACB<br \/>\n        <\/a><\/p>\n<p class=\"article-body__text \">\n        Est\u00e1 por ver si en esta nueva aventura en el Valencia Basket, donde se espera que tenga un papel m\u00e1s protagonista que el que ten\u00eda en Estambul, conseguir\u00e1 recuperar el nivel que ofreci\u00f3 en el Baskonia y <strong>reivindicarse como uno de los mejores bases del continente<\/strong>.\n<\/p>\n<p class=\"article-body__text \">\n        Despu\u00e9s de ver su actuaci\u00f3n en el Eurobasket, desde luego,<strong> es posible que alg\u00fan directivo del cuadro taronja est\u00e9 tir\u00e1ndose de los pelos<\/strong>. El talento est\u00e1 ah\u00ed, pero le est\u00e1 costando encontrar el ecosistema adecuado para explotarlo.<\/p>\n","protected":false},"excerpt":{"rendered":"Darius Thompson ha sido uno de los nombres del verano en el Baskonia. El base norteamericano con pasaporte&hellip;\n","protected":false},"author":2,"featured_media":105310,"comment_status":"","ping_status":"","sticky":false,"template":"","format":"standard","meta":{"footnotes":""},"categories":[269],"tags":[299,298,9846,168,25,24,5824,36595,5150,23,167,9847],"class_list":{"0":"post-105309","1":"post","2":"type-post","3":"status-publish","4":"format-standard","5":"has-post-thumbnail","7":"category-baloncesto","8":"tag-baloncesto","9":"tag-basketball","10":"tag-darius","11":"tag-deportes","12":"tag-es","13":"tag-espana","14":"tag-europeo","15":"tag-malparado","16":"tag-sale","17":"tag-spain","18":"tag-sports","19":"tag-thompson"},"share_on_mastodon":{"url":"","error":""},"_links":{"self":[{"href":"https:\/\/www.europesays.com\/es\/wp-json\/wp\/v2\/posts\/105309","targetHints":{"allow":["GET"]}}],"collection":[{"href":"https:\/\/www.europesays.com\/es\/wp-json\/wp\/v2\/posts"}],"about":[{"href":"https:\/\/www.europesays.com\/es\/wp-json\/wp\/v2\/types\/post"}],"author":[{"embeddable":true,"href":"https:\/\/www.europesays.com\/es\/wp-json\/wp\/v2\/users\/2"}],"replies":[{"embeddable":true,"href":"https:\/\/www.europesays.com\/es\/wp-json\/wp\/v2\/comments?post=105309"}],"version-history":[{"count":0,"href":"https:\/\/www.europesays.com\/es\/wp-json\/wp\/v2\/posts\/105309\/revisions"}],"wp:featuredmedia":[{"embeddable":true,"href":"https:\/\/www.europesays.com\/es\/wp-json\/wp\/v2\/media\/105310"}],"wp:attachment":[{"href":"https:\/\/www.europesays.com\/es\/wp-json\/wp\/v2\/media?parent=105309"}],"wp:term":[{"taxonomy":"category","embeddable":true,"href":"https:\/\/www.europesays.com\/es\/wp-json\/wp\/v2\/categories?post=105309"},{"taxonomy":"post_tag","embeddable":true,"href":"https:\/\/www.europesays.com\/es\/wp-json\/wp\/v2\/tags?post=105309"}],"curies":[{"name":"wp","href":"https:\/\/api.w.org\/{rel}","templated":true}]}}