{"id":105383,"date":"2025-09-10T11:23:13","date_gmt":"2025-09-10T11:23:13","guid":{"rendered":"https:\/\/www.europesays.com\/es\/105383\/"},"modified":"2025-09-10T11:23:13","modified_gmt":"2025-09-10T11:23:13","slug":"nieves-alvarez-anuncia-su-boda-estoy-que-no-me-lo-creo","status":"publish","type":"post","link":"https:\/\/www.europesays.com\/es\/105383\/","title":{"rendered":"Nieves \u00c1lvarez anuncia su boda: \u00abEstoy que no me lo creo\u00bb"},"content":{"rendered":"<p><a class=\"v-mdl-ath__fig-a\" href=\"https:\/\/www.elcorreo.com\/autor\/gloria-salgado-109.html\" title=\"Gloria Salgado\" rel=\"nofollow noopener\" target=\"_blank\"><br \/>\n<img decoding=\"async\" class=\"v-mdl-ath__img\" src=\"https:\/\/www.europesays.com\/es\/wp-content\/uploads\/2025\/09\/autor-109-foto-2.jpeg\" alt=\"Gloria Salgado\"\/><br \/>\n<\/a><\/p>\n<p class=\"v-mdl-ath__p v-mdl-ath__p--6\">\nMi\u00e9rcoles, 10 de septiembre 2025, 08:24<\/p>\n<p>| Actualizado 12:00h.<\/p>\n<p class=\"v-p\">Nieves \u00c1lvarez se casa. La <a href=\"https:\/\/www.elcorreo.com\/gente-estilo\/moda\/nieves-alvarez-pierpaolo-gran-trabajo-balenciaga-20250608005954-ntrc.html\" target=\"_blank\" data-voc-vtm-id=\"in-text-traffic\" title=\"&#039;top&#039; internacional\" rel=\"nofollow noopener\">&#8216;top&#8217; internacional<\/a> ha anunciado que dar\u00e1 el \u00abs\u00ed, quiero\u00bb al empresario liban\u00e9s Bill Saad tras casi cuatro a\u00f1os de relaci\u00f3n. La modelo tiene previsto pasar por el altar el a\u00f1o que viene, aunque confiesa en una exclusiva a \u00a1Hola! que a\u00fan no tienen nada preparado. \u00abSolo sabemos que ser\u00e1 en 2026. Y que ser\u00e1 el d\u00eda m\u00e1s feliz\u00bb, puntualiza la madrile\u00f1a.<\/p>\n<p class=\"v-p\">\u00abC\u00f3mo merece la pena todo en la vida, c\u00f3mo merece la pena esperar las cosas buenas\u2026 Con Bill todo merece la pena. Estoy que no me lo creo\u00bb, cuenta emocionada sobre su futuro marido, que le pidi\u00f3 matrimonio el pasado 18 de julio en L\u00edbano, donde asistieron como invitados a la boda del hijo del dise\u00f1ador Elie Saab, amigo de \u00c1lvarez. Un viaje que aprovecharon para acercarse a una capilla por una promesa de la modelo, en la que el empresario, sin premeditaci\u00f3n ni, por lo tanto, anillo, se arrodill\u00f3 ante ella para pedirle matrimonio. <\/p>\n<p class=\"v-p\">Nieves \u00c1lvarez, de 51 a\u00f1os, y Bill Saad, de 58, se conocieron en septiembre de 2021 y poco despu\u00e9s, en diciembre, comenzaron su relaci\u00f3n sentimental, tiempo en el que, asegura Nieves, nunca hab\u00edan hablado de casarse, por lo que la petici\u00f3n de matrimonio fue algo totalmente inesperado. <\/p>\n<p class=\"v-p\">\u00c1lvarez se divorci\u00f3 en julio de 2015 del fot\u00f3grafo Marco Severini, despu\u00e9s de 20 a\u00f1os juntos, 12 de ellos casados. Con el italiano tiene tres: Adriano y los mellizos Brando y Bianca. Una separaci\u00f3n de mutuo acuerdo que calificaron de \u00abmuy meditada\u00bb. Por su parte, Bill tiene dos hijos, Julian y Jamie, fruto de su primer matrimonio, que han vivido entre Madrid y Montreal. <\/p>\n<p class=\"v-p\">Los cinco v\u00e1stagos parecen estar encantados con la noticia de la boda de sus respectivos progenitores. <\/p>\n<p>Comenta<\/p>\n<p>Reporta un error<\/p>\n","protected":false},"excerpt":{"rendered":"Mi\u00e9rcoles, 10 de septiembre 2025, 08:24 | Actualizado 12:00h. Nieves \u00c1lvarez se casa. La &#8216;top&#8217; internacional ha anunciado&hellip;\n","protected":false},"author":2,"featured_media":105384,"comment_status":"","ping_status":"","sticky":false,"template":"","format":"standard","meta":{"footnotes":""},"categories":[174],"tags":[4458,4187,3158,255,10345,146,147,25,24,256,11659,23],"class_list":{"0":"post-105383","1":"post","2":"type-post","3":"status-publish","4":"format-standard","5":"has-post-thumbnail","7":"category-famosos","8":"tag-alvarez","9":"tag-anuncia","10":"tag-boda","11":"tag-celebrities","12":"tag-creo","13":"tag-entertainment","14":"tag-entretenimiento","15":"tag-es","16":"tag-espana","17":"tag-famosos","18":"tag-nieves","19":"tag-spain"},"share_on_mastodon":{"url":"","error":""},"_links":{"self":[{"href":"https:\/\/www.europesays.com\/es\/wp-json\/wp\/v2\/posts\/105383","targetHints":{"allow":["GET"]}}],"collection":[{"href":"https:\/\/www.europesays.com\/es\/wp-json\/wp\/v2\/posts"}],"about":[{"href":"https:\/\/www.europesays.com\/es\/wp-json\/wp\/v2\/types\/post"}],"author":[{"embeddable":true,"href":"https:\/\/www.europesays.com\/es\/wp-json\/wp\/v2\/users\/2"}],"replies":[{"embeddable":true,"href":"https:\/\/www.europesays.com\/es\/wp-json\/wp\/v2\/comments?post=105383"}],"version-history":[{"count":0,"href":"https:\/\/www.europesays.com\/es\/wp-json\/wp\/v2\/posts\/105383\/revisions"}],"wp:featuredmedia":[{"embeddable":true,"href":"https:\/\/www.europesays.com\/es\/wp-json\/wp\/v2\/media\/105384"}],"wp:attachment":[{"href":"https:\/\/www.europesays.com\/es\/wp-json\/wp\/v2\/media?parent=105383"}],"wp:term":[{"taxonomy":"category","embeddable":true,"href":"https:\/\/www.europesays.com\/es\/wp-json\/wp\/v2\/categories?post=105383"},{"taxonomy":"post_tag","embeddable":true,"href":"https:\/\/www.europesays.com\/es\/wp-json\/wp\/v2\/tags?post=105383"}],"curies":[{"name":"wp","href":"https:\/\/api.w.org\/{rel}","templated":true}]}}