{"id":105387,"date":"2025-09-10T11:25:08","date_gmt":"2025-09-10T11:25:08","guid":{"rendered":"https:\/\/www.europesays.com\/es\/105387\/"},"modified":"2025-09-10T11:25:08","modified_gmt":"2025-09-10T11:25:08","slug":"9-novias-para-9-ferraris","status":"publish","type":"post","link":"https:\/\/www.europesays.com\/es\/105387\/","title":{"rendered":"9 novias para 9 Ferraris"},"content":{"rendered":"<p style=\"text-align: center;\"><strong>Comunicado de prensa de la Editorial Hojas del Sur<\/strong><\/p>\n<p style=\"text-align: center;\">\u00ab9 novias para 9 Ferraris\u00bb (Eduardo Kovalivker)<\/p>\n<p>Un libro que combina la pasi\u00f3n por los autom\u00f3viles cl\u00e1sicos con las historias humanas que los rodean. A trav\u00e9s de nueve cap\u00edtulos, cada uno dedicado a un modelo emblem\u00e1tico de Ferrari \u2014como el Testarossa 1980, el Dino 1972 o el 812 Superfast 2019\u2014 el autor entrelaza relatos de amor, deseo, aventura y nostalgia.<\/p>\n<p>\u201c9 novias para 9 Ferraris\u201d es una celebraci\u00f3n de la belleza, la velocidad y las emociones intensas, donde cada coche representa m\u00e1s que un objeto: es el espejo de un v\u00ednculo profundo con lo vivido.<\/p>\n<p>Eduardo Kovalivker vivi\u00f3 una infancia llena de curiosidad y una juventud marcada por la b\u00fasqueda constante de conocimiento y expresi\u00f3n. Desde temprana edad, mostr\u00f3 un inter\u00e9s innato por la literatura y las ciencias, lo que eventualmente lo llev\u00f3 a la Universidad de La Plata, donde se recibi\u00f3 de Ingeniero Qu\u00edmico. Se sumergi\u00f3 no solo en sus estudios acad\u00e9micos, sino tambi\u00e9n en la militancia libertaria universal.Su carrera tom\u00f3 un giro significativo cuando, gracias a una beca, tuvo la oportunidad de trasladarse a Israel para trabajar en un prestigioso instituto de investigacion tecnol\u00f3gica Esta experiencia no solo ampli\u00f3 sus horizontes acad\u00e9micos. Despu\u00e9s de su estancia en Israel, Eduardo se traslad\u00f3 a Par\u00eds, Francia, donde se inscribi\u00f3 en la Facultad de Ingenier\u00eda para perfeccionar sus estudios.<\/p>\n<p>\u200bEn 1972, regres\u00f3 a Argentina, donde comenz\u00f3 a impartir clases en la Facultad de Ingenieria Qu\u00edmica de La Plata. Esta experiencia no solo le permiti\u00f3 compartir su pasi\u00f3n por la ciencia, sino que tambi\u00e9n cultiv\u00f3 su habilidad para transmitir ideas de manera clara y accesible.<\/p>\n<p>Sin embargo, a\u00f1os despu\u00e9s se uni\u00f3 a la empresa familiar dedicada a la distribuci\u00f3n farmac\u00e9utica. Esta transici\u00f3n hacia el \u00e1mbito empresarial no disminuy\u00f3 su pasi\u00f3n por la escritura. Fue en este per\u00edodo cuando a los 28 a\u00f1os, decidi\u00f3 recopilar todo lo que hab\u00eda escrito hasta entonces.<\/p>\n<p>El a\u00f1o 1984 marc\u00f3 un hito en la carrera literaria de Eduardo con la publicaci\u00f3n de su primer libro de poes\u00edas, \u00abLas Horas que quedaron\u00bb. Esta obra, que ser\u00eda reeditada varias veces, llam\u00f3 la atenci\u00f3n del p\u00fablico y estableci\u00f3 a Eduardo como un poeta de voz \u00fanica y poderosa.<\/p>\n<p>En el a\u00f1o 2000 se edit\u00f3 una edici\u00f3n corregida y aumentada de las horas que quedaban. El poeta continuo con su obra, pues luego de esta edici\u00f3n le siguieron los siguientes poemas<\/p>\n<p>\u200bFue colaborador de la revista Proa fundada por Jorge Luis Borges, y ha viajado por todo el mundo presentando sus obras literarias, que han sido traducidas al hebreo, italiano e ingl\u00e9s.<\/p>\n<p>Eduardo continu\u00f3 compartiendo su pasi\u00f3n por la escritura mediante la ense\u00f1anza de cursos sobre poes\u00eda en lugares como Chaco, Tucum\u00e1n y La Plata. Cada clase es una oportunidad para inspirar a nuevos escritores y explorar la riqueza del lenguaje po\u00e9tico.<\/p>\n<p>Eduardo Kovalivker no solo es un escritor prol\u00edfico y un acad\u00e9mico dedicado, sino tambi\u00e9n un visionario cultural cuyo legado perdura en la literatura contempor\u00e1nea. Su vida y obra son testimonios vivientes de la capacidad del arte para trascender fronteras y enriquecer vidas, dejando una huella indeleble en todos aquellos que tuvieron el privilegio de cruzar su camino.<\/p>\n","protected":false},"excerpt":{"rendered":"Comunicado de prensa de la Editorial Hojas del Sur \u00ab9 novias para 9 Ferraris\u00bb (Eduardo Kovalivker) Un libro&hellip;\n","protected":false},"author":2,"featured_media":105388,"comment_status":"","ping_status":"","sticky":false,"template":"","format":"standard","meta":{"footnotes":""},"categories":[172],"tags":[224,666,36603,146,147,25,24,2091,225,23],"class_list":{"0":"post-105387","1":"post","2":"type-post","3":"status-publish","4":"format-standard","5":"has-post-thumbnail","7":"category-libros","8":"tag-books","9":"tag-curiosidad","10":"tag-eduardo-kovalivker","11":"tag-entertainment","12":"tag-entretenimiento","13":"tag-es","14":"tag-espana","15":"tag-ferrari","16":"tag-libros","17":"tag-spain"},"share_on_mastodon":{"url":"","error":""},"_links":{"self":[{"href":"https:\/\/www.europesays.com\/es\/wp-json\/wp\/v2\/posts\/105387","targetHints":{"allow":["GET"]}}],"collection":[{"href":"https:\/\/www.europesays.com\/es\/wp-json\/wp\/v2\/posts"}],"about":[{"href":"https:\/\/www.europesays.com\/es\/wp-json\/wp\/v2\/types\/post"}],"author":[{"embeddable":true,"href":"https:\/\/www.europesays.com\/es\/wp-json\/wp\/v2\/users\/2"}],"replies":[{"embeddable":true,"href":"https:\/\/www.europesays.com\/es\/wp-json\/wp\/v2\/comments?post=105387"}],"version-history":[{"count":0,"href":"https:\/\/www.europesays.com\/es\/wp-json\/wp\/v2\/posts\/105387\/revisions"}],"wp:featuredmedia":[{"embeddable":true,"href":"https:\/\/www.europesays.com\/es\/wp-json\/wp\/v2\/media\/105388"}],"wp:attachment":[{"href":"https:\/\/www.europesays.com\/es\/wp-json\/wp\/v2\/media?parent=105387"}],"wp:term":[{"taxonomy":"category","embeddable":true,"href":"https:\/\/www.europesays.com\/es\/wp-json\/wp\/v2\/categories?post=105387"},{"taxonomy":"post_tag","embeddable":true,"href":"https:\/\/www.europesays.com\/es\/wp-json\/wp\/v2\/tags?post=105387"}],"curies":[{"name":"wp","href":"https:\/\/api.w.org\/{rel}","templated":true}]}}