{"id":105391,"date":"2025-09-10T11:27:04","date_gmt":"2025-09-10T11:27:04","guid":{"rendered":"https:\/\/www.europesays.com\/es\/105391\/"},"modified":"2025-09-10T11:27:04","modified_gmt":"2025-09-10T11:27:04","slug":"ed-sheeran-se-mudara-a-eeuu-tras-sus-polemicas-declaraciones-sobre-inglaterra","status":"publish","type":"post","link":"https:\/\/www.europesays.com\/es\/105391\/","title":{"rendered":"Ed Sheeran se mudar\u00e1 a EEUU tras sus pol\u00e9micas declaraciones sobre Inglaterra"},"content":{"rendered":"<p>Hace unos meses, Ed Sheeran, quien <a href=\"https:\/\/www.huffingtonpost.es\/life\/cultura\/ed-sheeran-dice-intencion-nueva-musica-dos-tres-semanas.html\" target=\"_blank\" rel=\"nofollow noopener\">publicar\u00e1 su nuevo disco este viernes, Play<\/a>, hablaba sobre sus ra\u00edces y sobre sentirse irland\u00e9s debido al origen de su padre. El artista ingl\u00e9s se defini\u00f3 en el podcast de Louis Theroux el pasado mes de junio como \u00abculturalmente irland\u00e9s\u00bb ya que deb\u00eda al pa\u00eds ga\u00e9lico su formaci\u00f3n musical: \u00abMis primeras experiencias musicales fueron en Irlanda, crec\u00ed con m\u00fasica tradicional en mi casa\u00bb.<\/p>\n<p>\u00abNo lo pienso demasiado, pero siento que mi cultura es algo de lo que realmente estoy orgulloso y con lo que crec\u00ed y quiero expresar\u00bb, declar\u00f3 el autor de temas como Galway Girl, pero sus palabras hacia sus compatriotas brit\u00e1nicos no hicieron demasiada gracia. \u00abSiento que el hecho de que haya nacido en Gran Breta\u00f1a no significa que tenga que ser brit\u00e1nico\u00bb, declar\u00f3.<\/p>\n<p>Ahora, ha anunciado que se mudar\u00e1 a EEUU por motivos familiares y por la gira que va a llevar a cabo en el pa\u00eds. \u00abEstoy a punto de mudarme a Estados Unidos. Siento que soy la \u00fanica persona que se muda a Estados Unidos. Voy de gira por all\u00ed un tiempo y tengo familia, as\u00ed que no puedo ir y venir. Nos vamos a instalar all\u00ed\u00bb, a\u00f1adi\u00f3 el artista precisamente en el podcast irland\u00e9s <a href=\"https:\/\/open.spotify.com\/episode\/3xTYu5Mt7mGdhWAJqCxkzB\" target=\"_blank\" rel=\"nofollow noopener\">2 Johnnies.<\/a><\/p>\n<p>Sheeran no detall\u00f3 concretamente a qu\u00e9 ciudad se trasladar\u00eda, pero s\u00ed dej\u00f3 entrever una debilidad por Nashville (Tenessee) en parte por la m\u00fasica country. \u00abNashville es mi ciudad favorita de los Estados Unidos y siempre ha sido mi objetivo final, mudarme all\u00ed y poder vivir en el campo\u00bb, declar\u00f3 al Daily Mail, donde asegur\u00f3 que ser\u00eda su forma de hacer \u00abuna transici\u00f3n a la m\u00fasica country\u00bb<\/p>\n<p>Actualmente, Sheeran reside en el condado de Suffolk (al sureste de Inglaterra) en una extensa propiedad llamada &#8216;Sheeranville&#8217; donde cuenta con su propia capilla, pub y una gran vivienda.\u00a0<\/p>\n<p>En el podcast, Sheeran tambi\u00e9n habl\u00f3 del equipo brit\u00e1nico Ipswich Town FC, del que posee una participaci\u00f3n del 1,4% y del que lleg\u00f3 a ser patrocinador en sus camisetas. \u00abFui a casi todos los partidos la temporada pasada. Creo que solo podr\u00e9 asistir a uno esta temporada\u00bb, se\u00f1al\u00f3..<\/p>\n","protected":false},"excerpt":{"rendered":"Hace unos meses, Ed Sheeran, quien publicar\u00e1 su nuevo disco este viernes, Play, hablaba sobre sus ra\u00edces y&hellip;\n","protected":false},"author":2,"featured_media":105392,"comment_status":"","ping_status":"","sticky":false,"template":"","format":"standard","meta":{"footnotes":""},"categories":[170],"tags":[3067,115,146,147,25,24,332,184,185,23],"class_list":{"0":"post-105391","1":"post","2":"type-post","3":"status-publish","4":"format-standard","5":"has-post-thumbnail","7":"category-musica","8":"tag-ed-sheeran","9":"tag-eeuu","10":"tag-entertainment","11":"tag-entretenimiento","12":"tag-es","13":"tag-espana","14":"tag-inglaterra","15":"tag-music","16":"tag-musica","17":"tag-spain"},"share_on_mastodon":{"url":"","error":""},"_links":{"self":[{"href":"https:\/\/www.europesays.com\/es\/wp-json\/wp\/v2\/posts\/105391","targetHints":{"allow":["GET"]}}],"collection":[{"href":"https:\/\/www.europesays.com\/es\/wp-json\/wp\/v2\/posts"}],"about":[{"href":"https:\/\/www.europesays.com\/es\/wp-json\/wp\/v2\/types\/post"}],"author":[{"embeddable":true,"href":"https:\/\/www.europesays.com\/es\/wp-json\/wp\/v2\/users\/2"}],"replies":[{"embeddable":true,"href":"https:\/\/www.europesays.com\/es\/wp-json\/wp\/v2\/comments?post=105391"}],"version-history":[{"count":0,"href":"https:\/\/www.europesays.com\/es\/wp-json\/wp\/v2\/posts\/105391\/revisions"}],"wp:featuredmedia":[{"embeddable":true,"href":"https:\/\/www.europesays.com\/es\/wp-json\/wp\/v2\/media\/105392"}],"wp:attachment":[{"href":"https:\/\/www.europesays.com\/es\/wp-json\/wp\/v2\/media?parent=105391"}],"wp:term":[{"taxonomy":"category","embeddable":true,"href":"https:\/\/www.europesays.com\/es\/wp-json\/wp\/v2\/categories?post=105391"},{"taxonomy":"post_tag","embeddable":true,"href":"https:\/\/www.europesays.com\/es\/wp-json\/wp\/v2\/tags?post=105391"}],"curies":[{"name":"wp","href":"https:\/\/api.w.org\/{rel}","templated":true}]}}