{"id":105404,"date":"2025-09-10T11:35:07","date_gmt":"2025-09-10T11:35:07","guid":{"rendered":"https:\/\/www.europesays.com\/es\/105404\/"},"modified":"2025-09-10T11:35:07","modified_gmt":"2025-09-10T11:35:07","slug":"el-tsjc-anula-parte-del-decreto-que-blindaba-el-catalan-en-las-escuelas-noticias-de-cataluna","status":"publish","type":"post","link":"https:\/\/www.europesays.com\/es\/105404\/","title":{"rendered":"El TSJC anula parte del decreto que blindaba el catal\u00e1n en las escuelas | Noticias de Catalu\u00f1a"},"content":{"rendered":"<p class=\"\"><a href=\"https:\/\/elpais.com\/espana\/catalunya\/2025-03-18\/el-tsjc-mantiene-el-25-de-castellano-en-clase-pese-a-la-nueva-ley-sin-cuotas.html\" target=\"_self\" rel=\"nofollow noopener\" title=\"https:\/\/elpais.com\/espana\/catalunya\/2025-03-18\/el-tsjc-mantiene-el-25-de-castellano-en-clase-pese-a-la-nueva-ley-sin-cuotas.html\">El Tribunal Superior de Justicia de Catalu\u00f1a (TSJC) ha anulado parte del <\/a>Decreto 91\/2024, de 14 de mayo, del r\u00e9gimen ling\u00fc\u00edstico del sistema educativo no universitario, asumiendo as\u00ed parte de la demanda presentada por la Asamblea para una Escuela Biling\u00fce de Catalu\u00f1a (AEB). El alto tribunal declara nulo 11 art\u00edculos que, entre otras cuestiones, fijaban tanto el catal\u00e1n como el aran\u00e9s (en el Valle de Aran) como <a href=\"https:\/\/elpais.com\/noticias\/inmersion-linguistica\/\" target=\"_self\" rel=\"nofollow noopener\" title=\"https:\/\/elpais.com\/noticias\/inmersion-linguistica\/\">lenguas normalmente vehiculares<\/a> y de aprendizaje en la actividad docente y administrativa escolar. Considera el fallo que el castellano no puede quedar subordinado a otra lengua cooficial. \u201cLos apartados analizados no establecen una presencia razonable del castellano en la ense\u00f1anza, sino que determinan una situaci\u00f3n de desequilibrio a favor de la lengua catalana\u201d, reza el fallo. <\/p>\n<p class=\"\">El decreto <a href=\"https:\/\/elpais.com\/espana\/catalunya\/2024-07-05\/el-tribunal-superior-de-cataluna-suspende-el-decreto-que-regula-el-regimen-linguistico-en-escuelas-e-institutos.html\" target=\"_self\" rel=\"nofollow noopener\" title=\"https:\/\/elpais.com\/espana\/catalunya\/2024-07-05\/el-tribunal-superior-de-cataluna-suspende-el-decreto-que-regula-el-regimen-linguistico-en-escuelas-e-institutos.html\">ya estaba suspendido de forma cautelar desde julio de 2024<\/a>, pero ahora el tribunal establece su posici\u00f3n sobre la norma tras haberla analizado a fondo. En este sentido, la nueva resoluci\u00f3n del TSJC no tendr\u00e1 una aplicaci\u00f3n pr\u00e1ctica, <a href=\"https:\/\/elpais.com\/espana\/catalunya\/2024-07-16\/el-govern-recurre-la-suspension-del-decreto-que-regula-el-uso-de-las-lenguas-en-las-escuelas.html\" target=\"_self\" rel=\"nofollow noopener\" title=\"https:\/\/elpais.com\/espana\/catalunya\/2024-07-16\/el-govern-recurre-la-suspension-del-decreto-que-regula-el-uso-de-las-lenguas-en-las-escuelas.html\">ya que el decreto no lleg\u00f3 nunca a ponerse en marcha<\/a>. <\/p>\n<p class=\"\">El Govern ha reaccionado a la sentencia, pero no a trav\u00e9s de la consejera de Educaci\u00f3n, como es habitual, sino a trav\u00e9s del president Salvador Illa. \u201cDefenderemos el modelo de escuela catalana y tomaremos las medidas necesarias para ello\u201d, ha aseverado Illa, quien tambi\u00e9n ha anunciado que Educaci\u00f3n recurrir\u00e1 la decisi\u00f3n del TSJC. Asimismo, el presidente catal\u00e1n ha hecho una defensa cerrada de la lengua. \u201cNo permitiremos que nadie haga un uso pol\u00edtico de la lengua. El catal\u00e1n tiene que seguir siendo la lengua inclusiva y transversal del pa\u00eds, y tambi\u00e9n de la escuela\u201d, ha rematado en una declaraci\u00f3n durante la reuni\u00f3n con los alcaldes afectados por los incendios en las Tierras del Ebro. Su declaraci\u00f3n ha seguido a una oleada de protestas contra el fallo. ERC ha pedido unidad de acci\u00f3n a todas las formaciones pol\u00edticas, mientras que Junts ha pedido \u201ccontundencia\u201d a la respuesta del Gobierno catal\u00e1n al considerar que se trata de un \u201cnuevo ataque\u201d del TSJC al catal\u00e1n. <\/p>\n<p class=\"\">El decreto de la Generalitat fija que el catal\u00e1n y el aran\u00e9s, en el caso del Valle de Aran, sean las \u201clenguas de atenci\u00f3n al alumnado reci\u00e9n llegado, de relaci\u00f3n interna en los centros educativos y de proyecci\u00f3n externa del centro y de relaci\u00f3n con el resto de la comunidad educativa\u201d y, asimismo \u201cgarantizar [\u2026] la presencia adecuada del castellano en el sistema educativo para garantizar la competencia ling\u00fc\u00edstica del alumnado\u201d. Pero establece que la lengua vehicular es el catal\u00e1n, mientras que el castellano es catalogado como lengua \u201ccurricular\u201d utilizada seg\u00fan lo que establece el art\u00edculo 7 del decreto: clases de castellano y literatura castellana y \u201ccontenidos espec\u00edficos\u201d cuando sea necesario para lograr el pleno conocimiento de la lengua. <\/p>\n<p class=\"\">Concretamente, el tribunal tumba varios apartados de los art\u00edculos 2, 4, 6, 7, 9, 10, 18, 19, 24 y 33. El tribunal analiza estos art\u00edculos como un solo bloque, porque considera que su finalidad es \u201cestablecer, de forma sistem\u00e1tica, que el catal\u00e1n (y el aran\u00e9s en Ar\u00e1n) constituye la lengua normalmente empleada como vehicular y de aprendizaje en el sistema educativo, con una presencia predominante en la actividad docente, en los centros educativos, en la acogida del alumnado reci\u00e9n llegado, en los instrumentos de planificaci\u00f3n y evaluaci\u00f3n ling\u00fc\u00edstica, y en los proyectos ling\u00fc\u00edsticos de cada centro\u201d. El TSJC argumenta que \u201cla ausencia de menci\u00f3n alguna a la lengua castellana como lengua vehicular de la ense\u00f1anza en los apartados analizados [\u2026] no permite considerar que resulte garantizada la presencia adecuada del castellano ni que existan instrumentos de control y evaluaci\u00f3n que hagan posible que todo el alumnado alcance la competencia en comunicaci\u00f3n ling\u00fc\u00edstica en lengua castellana\u201d. <\/p>\n<p class=\"\">La Asociaci\u00f3n por una Escuela Biling\u00fce de Catalu\u00f1a sostuvo en su denuncia que el decreto hab\u00eda sido aprobado por el Gobierno de Pere Aragon\u00e8s (ERC) cuando estaba en funciones \u2014\u201csiendo por tanto nulo en su totalidad\u201d, se\u00f1alaban\u2014, si bien el TSJC desecha esa v\u00eda de impugnaci\u00f3n y da validez a la urgencia con la que se actu\u00f3 ante la inminencia del nuevo curso que se iba a iniciar. En la base de su demanda, la AEB consideraba que el articulado ten\u00eda la intenci\u00f3n de \u201cexcluir o marginar al castellano\u201d, yendo en contra de principios amparados por la Constituci\u00f3n. La Fiscal\u00eda defendi\u00f3 que el Tribunal Constitucional ya ha amparado en diferentes sentencias un m\u00ednimo de ense\u00f1anza en castellano en el sistema educativo catal\u00e1n. <\/p>\n<p class=\"\">La Sala Quinta del TSJC, presidida por Mar\u00eda Luisa P\u00e9rez Borrat, considera que la AEB no estaba amparada para pedir la anulaci\u00f3n de otros cuatro art\u00edculos del decreto -14, 16, 30 y 31- que hacen referencia al fomento del catal\u00e1n m\u00e1s all\u00e1 de los centros educativos, a la oficialidad del catal\u00e1n en la Administraci\u00f3n educativa y en los procesos de selecci\u00f3n del personal, as\u00ed como acreditar el conocimiento del catal\u00e1n por parte del personal laboral. <\/p>\n<p class=\"\">El fallo recuerda un fallo del TC de 2023 que se\u00f1alaba: \u201cNo hay obst\u00e1culo constitucional a que la lengua auton\u00f3mica \u2018sea el centro de gravedad de este modelo de biling\u00fcismo\u2019 siempre que \u2018ello no determine la exclusi\u00f3n del castellano como lengua docente\u2019 pues \u2018la cooficialidad ha de sujetarse a un patr\u00f3n de equilibrio o igualdad entre lenguas\u2019\u201d.<\/p>\n<p>Origen del decreto<\/p>\n<p class=\"\">El Govern de Pere Aragon\u00e8s, con Josep Gonz\u00e0lez-Cambray al frente de Educaci\u00f3n, decidi\u00f3 impulsar <a href=\"https:\/\/elpais.com\/espana\/catalunya\/2024-05-15\/erc-endosa-al-nuevo-govern-el-endurecimiento-del-nivel-de-catalan-de-los-profesores.html\" rel=\"nofollow noopener\" target=\"_blank\">el Decreto 91\/2024<\/a> ante el retroceso del uso del catal\u00e1n y los malos resultados de los alumnos en esta materia. Con el decreto, buscaba fomentar y asegurar el <a href=\"https:\/\/elpais.com\/noticias\/inmersion-linguistica\/\" rel=\"nofollow noopener\" target=\"_blank\">uso de esta lengua en el \u00e1mbito escolar<\/a>, al mismo tiempo que reforzaba el catal\u00e1n como lengua vehicular. Asimismo, nombraba al Departamento como responsable \u00faltimo de los proyectos ling\u00fc\u00edsticos de los centros, para proteger a las direcciones de los requerimientos judiciales, ya que muchas sentencias hab\u00edan responsabilizado a las direcciones de la aplicaci\u00f3n del 25% de castellano. <\/p>\n<p class=\"\">De hecho, el Decreto ahora parcialmente anulado iba en la misma l\u00ednea que las dos normativas aprobadas de urgencia en 2022 &#8211;<a href=\"https:\/\/elpais.com\/espana\/catalunya\/2022-05-30\/el-decreto-ley-sobre-lenguas-de-la-generalitat-tendra-efectos-a-partir-del-proximo-curso-escolar.html\" rel=\"nofollow noopener\" target=\"_blank\">el decreto ley 6\/2022<\/a> y la <a href=\"https:\/\/elpais.com\/espana\/catalunya\/2022-06-08\/el-parlament-aprueba-por-amplia-mayoria-la-ley-sobre-las-lenguas-oficiales-en-las-escuelas.html\" rel=\"nofollow noopener\" target=\"_blank\">ley 8\/2022<\/a>&#8211; como respuesta a la entrada en vigor inminente del 25% de castellano. Las dos normativas actualmente est\u00e1n vigentes, aunque est\u00e1n <a href=\"https:\/\/elpais.com\/espana\/2022-07-28\/los-jueces-llevan-la-ley-de-lenguas-de-cataluna-al-constitucional-porque-bloquea-el-25-de-castellano-en-las-aulas.html\" rel=\"nofollow noopener\" target=\"_blank\">esperando desde hace tres a\u00f1os sobre la mesa del Tribunal Constitucional a que este se pronuncie sobre su legalidad<\/a>. <\/p>\n<p>Reacciones de todos los colores<\/p>\n<p class=\"\">La Asociaci\u00f3n por una Escuela Biling\u00fce (AEB) se ha felicitado por la sentencia, que considera \u201cun mazazo al intento de la Generalitat de excluir al castellano como lengua vehicular\u201d y que el Departamento se ve obligado ahora a \u201cgarantizar una presencia real y efectiva del castellano como lengua vehicular, no limitada a su ense\u00f1anza como materia, y a respetar el principio de equilibrio\u201d entre las dos lenguas oficiales. <\/p>\n<p class=\"\">Una valoraci\u00f3n contraria ha hecho Ustec, el sindicato educativo mayoritario, que ha tachado la sentencia de \u201cnuevo ataque contra el modelo de escuela catalana y contra la inmersi\u00f3n ling\u00fc\u00edstica\u201d y defiende que, precisamente, es el catal\u00e1n el que necesita \u201cmedidas activas de protecci\u00f3n por su situaci\u00f3n \u201cminorizada\u201d. El sindicato ha exigido al Govern que \u201cdefienda firmemente\u201d la escuela catalana y ha hecho un llamamiento a la \u201cmovilizaci\u00f3n\u201d.<\/p>\n<p class=\"\">Los partidos nacionalistas, en cambio, criticado la sentencia y han aprovechado para presionar al Govern de Illa. Es el caso de Junts per Catalunya, que a trav\u00e9s de las redes sociales ha recordado que por la falta de un plan del Govern para responder a esta sentencia fue una de las razones por las que la formaci\u00f3n que lidera Carles Puigdemont no se sum\u00f3 al Pacto Nacional por la lengua. \u201cEl TSJC ha perpetrado un nuevo ataque a la lengua catalana. No puede ser que los tribunales ataquen a la lengua\u201d, ha asegurado la portavoz M\u00f2nica Sales. Desde Junts piden \u201cm\u00e1xima defensa, m\u00e1xima movilizaci\u00f3n\u201d, justo antes del d\u00eda de la celebraci\u00f3n de la Diada. <\/p>\n<p class=\"\">La secretaria general de Esquerra, Elisenda Alemany, ha considerado que el veredicto demuestra que \u201clos jueces contin\u00faan haciendo pol\u00edtica, contraviniendo motivos pedag\u00f3gicos\u201d y ha instado a Illa a que presente un recurso de casaci\u00f3n. \u201cLos catalanes estamos firmes en la defensa de un modelo de inmersi\u00f3n, m\u00e1s en un momento donde la lengua est\u00e1 en una situaci\u00f3n de emergencia\u201d, ha a\u00f1adido.<\/p>\n","protected":false},"excerpt":{"rendered":"El Tribunal Superior de Justicia de Catalu\u00f1a (TSJC) ha anulado parte del Decreto 91\/2024, de 14 de mayo,&hellip;\n","protected":false},"author":2,"featured_media":105405,"comment_status":"","ping_status":"","sticky":false,"template":"","format":"standard","meta":{"footnotes":""},"categories":[8],"tags":[36608,17,18,6061,1980,2026,25,24,13,14,4344,11,36606,2158,19,20,9,10,15,16,6478,23,12,36607,21,22],"class_list":{"0":"post-105404","1":"post","2":"type-post","3":"status-publish","4":"format-standard","5":"has-post-thumbnail","7":"category-espana","8":"tag-bilinguismo","9":"tag-breaking-news","10":"tag-breakingnews","11":"tag-catalan","12":"tag-cataluna","13":"tag-educacion","14":"tag-es","15":"tag-espana","16":"tag-featured-news","17":"tag-featurednews","18":"tag-generalitat-cataluna","19":"tag-headlines","20":"tag-inmersion-linguistica","21":"tag-justicia","22":"tag-latest-news","23":"tag-latestnews","24":"tag-news","25":"tag-noticias","26":"tag-noticias-destacadas","27":"tag-noticiasdestacadas","28":"tag-sentencias","29":"tag-spain","30":"tag-titulares","31":"tag-tsj-cataluna","32":"tag-ultimas-noticias","33":"tag-ultimasnoticias"},"share_on_mastodon":{"url":"","error":""},"_links":{"self":[{"href":"https:\/\/www.europesays.com\/es\/wp-json\/wp\/v2\/posts\/105404","targetHints":{"allow":["GET"]}}],"collection":[{"href":"https:\/\/www.europesays.com\/es\/wp-json\/wp\/v2\/posts"}],"about":[{"href":"https:\/\/www.europesays.com\/es\/wp-json\/wp\/v2\/types\/post"}],"author":[{"embeddable":true,"href":"https:\/\/www.europesays.com\/es\/wp-json\/wp\/v2\/users\/2"}],"replies":[{"embeddable":true,"href":"https:\/\/www.europesays.com\/es\/wp-json\/wp\/v2\/comments?post=105404"}],"version-history":[{"count":0,"href":"https:\/\/www.europesays.com\/es\/wp-json\/wp\/v2\/posts\/105404\/revisions"}],"wp:featuredmedia":[{"embeddable":true,"href":"https:\/\/www.europesays.com\/es\/wp-json\/wp\/v2\/media\/105405"}],"wp:attachment":[{"href":"https:\/\/www.europesays.com\/es\/wp-json\/wp\/v2\/media?parent=105404"}],"wp:term":[{"taxonomy":"category","embeddable":true,"href":"https:\/\/www.europesays.com\/es\/wp-json\/wp\/v2\/categories?post=105404"},{"taxonomy":"post_tag","embeddable":true,"href":"https:\/\/www.europesays.com\/es\/wp-json\/wp\/v2\/tags?post=105404"}],"curies":[{"name":"wp","href":"https:\/\/api.w.org\/{rel}","templated":true}]}}