{"id":105406,"date":"2025-09-10T11:36:07","date_gmt":"2025-09-10T11:36:07","guid":{"rendered":"https:\/\/www.europesays.com\/es\/105406\/"},"modified":"2025-09-10T11:36:07","modified_gmt":"2025-09-10T11:36:07","slug":"estado-de-la-ue-seguridad-ucrania-gaza-competitividad-comercio-con-ee-uu-noticias","status":"publish","type":"post","link":"https:\/\/www.europesays.com\/es\/105406\/","title":{"rendered":"Estado de la UE: seguridad, Ucrania, Gaza, competitividad, comercio con EE.UU | Noticias"},"content":{"rendered":"<p class=\"ep-wysiwig_paragraph\">La presidenta del PE, Roberta Metsola, declar\u00f3 al inicio de la sesi\u00f3n: \u00abEn una situaci\u00f3n sin precedentes, necesitamos claridad y determinaci\u00f3n para dirigir Europa. Necesitamos una Europa que asuma la responsabilidad de su propia seguridad, simplifique las cosas a las empresas y proteja el empleo. Una Europa m\u00e1s justa y que defienda nuestros valores democr\u00e1ticos. En un momento en que a menudo parece que el mundo est\u00e1 en llamas, con la agresi\u00f3n rusa contra Ucrania y la horrible situaci\u00f3n en Gaza, este Parlamento espera que Europa d\u00e9 un paso adelante con ideas nuevas y audaces\u00bb.<\/p>\n<p class=\"ep-wysiwig_paragraph\">\u00abEste debe ser el momento de la independencia de Europa\u00bb, afirm\u00f3 la presidenta de la Comisi\u00f3n, Ursula von der Leyen. Europa debe hacerse cargo de su propia defensa y seguridad, controlar las tecnolog\u00edas y energ\u00edas que impulsar\u00e1n sus econom\u00edas, decidir en qu\u00e9 tipo de sociedad y democracia queremos vivir y permanecer abiertos al mundo.<\/p>\n<p class=\"ep-wysiwig_paragraph\">En cuanto a Ucrania, Von der Leyen anunci\u00f3 planes para aumentar la presi\u00f3n sobre Rusia con el decimonoveno paquete de sanciones y la aceleraci\u00f3n de la independencia de los combustibles f\u00f3siles rusos. La Comisi\u00f3n tambi\u00e9n propondr\u00e1 un programa \u00abQualitative Military Edge\u00bb para apoyar la inversi\u00f3n en las fuerzas armadas ucranianas y una iniciativa de vigilancia de la frontera oriental, \u00abEastern Flank Watch\u00bb, para dotar a Europa de capacidades estrat\u00e9gicas independientes. \u00abEuropa se solidariza plenamente con Polonia\u00bb, afirm\u00f3 en relaci\u00f3n con la violaci\u00f3n \u00abimprudente y sin precedentes\u00bb del espacio a\u00e9reo de Polonia y Europa por parte de drones rusos.<\/p>\n<p class=\"ep-wysiwig_paragraph\">Sobre la guerra en Gaza, Von der Leyen dijo que \u00abla hambruna provocada por el hombre nunca puede ser un arma de guerra. Por el bien de los ni\u00f1os, por el bien de la humanidad, esto debe detenerse\u00bb. Anunci\u00f3 la intenci\u00f3n de la Comisi\u00f3n de \u00abponer en suspenso nuestro apoyo bilateral a Israel\u00bb, proponer sanciones a ministros extremistas y colonos violentos e imponer una suspensi\u00f3n parcial del cap\u00edtulo comercial del Acuerdo de Asociaci\u00f3n. El objetivo de Europa debe ser \u00abuna seguridad real para Israel y un presente y un futuro seguros para todos los palestinos. Y eso significa que los rehenes deben ser liberados\u00bb, subray\u00f3.<\/p>\n<p class=\"ep-wysiwig_paragraph\">Respecto a la competitividad y el mercado \u00fanico, la presidenta Von der Leyen subray\u00f3 que el euro digital y la uni\u00f3n de ahorros e inversiones facilitar\u00e1n las cosas tanto a las empresas como a los consumidores. Tambi\u00e9n anunci\u00f3 un fondo, \u00abScaleup Europe\u00bb, de miles de millones de euros para grandes inversiones en empresas j\u00f3venes de r\u00e1pido crecimiento en \u00e1mbitos tecnol\u00f3gicos clave, un paquete de impulso a la producci\u00f3n de bater\u00edas en Europa, y una \u00abLey de empleo de calidad\u00bb y una estrategia europea de lucha contra la pobreza para ayudar a erradicarla de aqu\u00ed a 2050.<\/p>\n<p class=\"ep-wysiwig_paragraph\">En cuanto al acuerdo comercial con Estados Unidos, dijo: \u00abTenemos el mejor acuerdo, sin ninguna duda\u00bb, y consider\u00f3 que proporciona estabilidad y evita una guerra comercial abierta.<\/p>\n<p class=\"ep-wysiwig_paragraph\"><strong>Grupos pol\u00edticos <\/strong><\/p>\n<p class=\"ep-wysiwig_paragraph\"><a href=\"https:\/\/www.europarl.europa.eu\/meps\/es\/28229\/MANFRED_WEBER\/home\" target=\"_blank\" rel=\"noopener nofollow\">Manfred Weber<\/a> (PPE, Alemania) valor\u00f3 los resultados de la Comisi\u00f3n en muchos frentes, desde la reducci\u00f3n de la burocracia hasta el refuerzo de la defensa de la UE y la reducci\u00f3n de la migraci\u00f3n ilegal. Prometi\u00f3 respaldar los acuerdos comerciales con EE.UU. y Mercosur, cuya alternativa ser\u00eda una guerra comercial. En cuanto al Pacto Verde, argument\u00f3 que el enfoque clim\u00e1tico de la UE debe ser realista y apoyar la neutralidad tecnol\u00f3gica. Tambi\u00e9n inst\u00f3 a sus colegas eurodiputados a acelerar el trabajo legislativo en dosieres clave y a evitar las luchas ideol\u00f3gicas.<\/p>\n<p class=\"ep-wysiwig_paragraph\">\u00ab\u00bfD\u00f3nde est\u00e1 Europa?\u00bb, pregunt\u00f3 <a href=\"https:\/\/www.europarl.europa.eu\/meps\/es\/28298\/IRATXE_GARCIA%20PEREZ\/home\" target=\"_blank\" rel=\"noopener nofollow\">Iratxe Garc\u00eda<\/a> (S&amp;D, Espa\u00f1a), quien a\u00f1adi\u00f3 que la urgencia y la unidad no pueden defenderse a costa de la ambici\u00f3n de Europa y sus propios intereses. Garc\u00eda critic\u00f3 el acuerdo comercial \u00abinjusto e inaceptable\u00bb con Estados Unidos y dej\u00f3 clara su determinaci\u00f3n de modificarlo. \u00ab\u00bfY d\u00f3nde est\u00e1 Europa cuando Gaza muere cada d\u00eda?\u00bb, a\u00f1adi\u00f3, lamentando que la propuesta de suspensi\u00f3n de la cooperaci\u00f3n con Israel llega demasiado tarde.<\/p>\n<p class=\"ep-wysiwig_paragraph\"><a href=\"https:\/\/www.europarl.europa.eu\/meps\/es\/131580\/JORDAN_BARDELLA\/home\" target=\"_blank\" rel=\"noopener nofollow\">Jordan Bardella<\/a> (PfE, Francia) conden\u00f3 el apoyo de Von der Leyen al acuerdo de libre comercio con Mercosur. Tambien critic\u00f3 la propuesta de reducir los aranceles a los veh\u00edculos chinos, as\u00ed como las normas del mercado energ\u00e9tico que no tienen en cuenta la ventaja nuclear francesa. Bardella critic\u00f3 el acuerdo comercial con EE.UU, que, seg\u00fan dijo, sacrifica industrias francesas clave \u2014defensa, vino, productos de lujo y productos farmac\u00e9uticos\u2014 mientras pa\u00edses m\u00e1s peque\u00f1os obtienen mejores acuerdos.<\/p>\n<p class=\"ep-wysiwig_paragraph\"><a href=\"https:\/\/www.europarl.europa.eu\/meps\/es\/197820\/NICOLA_PROCACCINI\/home\" target=\"_blank\" rel=\"noopener nofollow\">Nicola Procaccini<\/a> (ECR, Italia), dijo que Europa \u00abdebe reforzar nuestros valores, nuestra econom\u00eda y nuestros aliados\u00bb, y declar\u00f3 su apoyo al acuerdo arancelario con EE.UU., \u00abporque es mejor que una guerra comercial entre aliados que se necesitan mutuamente\u00bb. Afirm\u00f3 que el Pacto Verde \u00abes hoy un obst\u00e1culo demasiado alto para la competitividad europea\u00bb y aplaudi\u00f3 las recientes propuestas sobre pol\u00edtica migratoria, pidiendo que los retornos se conviertan en una pr\u00e1ctica efectiva.<\/p>\n<p class=\"ep-wysiwig_paragraph\"><a href=\"https:\/\/www.europarl.europa.eu\/meps\/es\/135511\/VALERIE_HAYER\/home\" target=\"_blank\" rel=\"noopener nofollow\">Valerie Hayer<\/a> (Renew, Francia) consider\u00f3 que la UE est\u00e1 perdiendo la confianza de los europeos porque se ha vuelto demasiado d\u00e9bil para defenderlos. Pidi\u00f3 una UE m\u00e1s integrada, soberana y federal. El nuevo mundo que toma forma es hostil a la UE, continu\u00f3 Hayer, quien advirti\u00f3 de que la UE se enfrenta a una guerra cultural existencial que amenaza el modo de vida europeo, las libertades de sus pueblos y su independencia. Pidi\u00f3 acciones m\u00e1s concretas sobre el Escudo de la Democracia y la competitividad, y sobre la lucha contra la beligerancia de Rusia e Israel. Concluy\u00f3 pidiendo una convenci\u00f3n para reformar la UE.<\/p>\n<p class=\"ep-wysiwig_paragraph\"><a href=\"https:\/\/www.europarl.europa.eu\/meps\/en\/96725\/BAS_EICKHOUT\/home\" target=\"_blank\" rel=\"noopener nofollow\">Bas Eickhout<\/a> (Verdes\/ALE, Pa\u00edses Bajos) inst\u00f3 a Europa a \u00abdejar de pensar como mercado y empezar a pensar como potencia\u00bb. Europa debe mostrar confianza, a\u00f1adi\u00f3 Eickhout, quien pidi\u00f3 medidas urgentes para abordar la situaci\u00f3n en Gaza. La seguridad tambi\u00e9n implica actuar contra el cambio clim\u00e1tico, en su opini\u00f3n. Reclam\u00f3 inversi\u00f3n en energ\u00edas renovables europeas y en otras industrias para luchar contra los aut\u00f3cratas, pero tambi\u00e9n en los trabajadores, la educaci\u00f3n, las infraestructuras y la innovaci\u00f3n verde para mejorar la competitividad.<\/p>\n<p class=\"ep-wysiwig_paragraph\"><a href=\"https:\/\/www.europarl.europa.eu\/meps\/es\/190517\/MARTIN_SCHIRDEWAN\/home\" target=\"_blank\" rel=\"noopener nofollow\">Martin Schirdewan<\/a> (La Izquierda, Alemania) describi\u00f3 el acuerdo comercial con EE.UU. como una \u00abcapitulaci\u00f3n total\u00bb. Vincul\u00f3 las pol\u00edticas de libre comercio con el aumento de la pobreza, la p\u00e9rdida de empleo y el aumento de los costes. Denunci\u00f3 los miles de millones invertidos en militarizaci\u00f3n y los \u00abrecortes brutales\u00bb en pensiones y bienestar. A la vista de su silencio ante la crisis humanitaria en Gaza y los cr\u00edmenes de guerra cometidos por el ej\u00e9rcito israel\u00ed, acus\u00f3 a la UE de doble rasero en la pol\u00edtica exterior y de no desempe\u00f1ar un papel significativo en la forja de la paz.<\/p>\n<p class=\"ep-wysiwig_paragraph\"><a href=\"https:\/\/www.europarl.europa.eu\/meps\/es\/256929\/RENE_AUST\/home\" target=\"_blank\" rel=\"noopener nofollow\">Ren\u00e9 Aust<\/a> (ESN, Alemania) opin\u00f3 que, si bien los mercados est\u00e1n creciendo en todo el mundo, Europa se est\u00e1 quedando atr\u00e1s debido a la falta de libertad empresarial. Tambi\u00e9n culp\u00f3 a la pol\u00edtica migratoria por el aumento de la violencia, las pandillas criminales, las drogas y los problemas con la seguridad de las mujeres en Europa.<\/p>\n<p class=\"ep-wysiwig_paragraph\">Puede ver el <a href=\"https:\/\/www.europarl.europa.eu\/plenary\/es\/vod.html?mode=chapter&amp;vodLanguage=ES&amp;internalEPId=2017037992965&amp;providerMeetingId=20250910-0900-PLENARY\" target=\"_blank\" rel=\"noopener nofollow\">debate completo<\/a>.<\/p>\n","protected":false},"excerpt":{"rendered":"La presidenta del PE, Roberta Metsola, declar\u00f3 al inicio de la sesi\u00f3n: \u00abEn una situaci\u00f3n sin precedentes, necesitamos&hellip;\n","protected":false},"author":2,"featured_media":105407,"comment_status":"","ping_status":"","sticky":false,"template":"","format":"standard","meta":{"footnotes":""},"categories":[5],"tags":[17,18,25,24,13,14,11,19,20,9,10,15,16,36610,36609,23,12,21,22],"class_list":{"0":"post-105406","1":"post","2":"type-post","3":"status-publish","4":"format-standard","5":"has-post-thumbnail","7":"category-titulares","8":"tag-breaking-news","9":"tag-breakingnews","10":"tag-es","11":"tag-espana","12":"tag-featured-news","13":"tag-featurednews","14":"tag-headlines","15":"tag-latest-news","16":"tag-latestnews","17":"tag-news","18":"tag-noticias","19":"tag-noticias-destacadas","20":"tag-noticiasdestacadas","21":"tag-plenarydate08-09-2025","22":"tag-producttypepress_release","23":"tag-spain","24":"tag-titulares","25":"tag-ultimas-noticias","26":"tag-ultimasnoticias"},"share_on_mastodon":{"url":"","error":""},"_links":{"self":[{"href":"https:\/\/www.europesays.com\/es\/wp-json\/wp\/v2\/posts\/105406","targetHints":{"allow":["GET"]}}],"collection":[{"href":"https:\/\/www.europesays.com\/es\/wp-json\/wp\/v2\/posts"}],"about":[{"href":"https:\/\/www.europesays.com\/es\/wp-json\/wp\/v2\/types\/post"}],"author":[{"embeddable":true,"href":"https:\/\/www.europesays.com\/es\/wp-json\/wp\/v2\/users\/2"}],"replies":[{"embeddable":true,"href":"https:\/\/www.europesays.com\/es\/wp-json\/wp\/v2\/comments?post=105406"}],"version-history":[{"count":0,"href":"https:\/\/www.europesays.com\/es\/wp-json\/wp\/v2\/posts\/105406\/revisions"}],"wp:featuredmedia":[{"embeddable":true,"href":"https:\/\/www.europesays.com\/es\/wp-json\/wp\/v2\/media\/105407"}],"wp:attachment":[{"href":"https:\/\/www.europesays.com\/es\/wp-json\/wp\/v2\/media?parent=105406"}],"wp:term":[{"taxonomy":"category","embeddable":true,"href":"https:\/\/www.europesays.com\/es\/wp-json\/wp\/v2\/categories?post=105406"},{"taxonomy":"post_tag","embeddable":true,"href":"https:\/\/www.europesays.com\/es\/wp-json\/wp\/v2\/tags?post=105406"}],"curies":[{"name":"wp","href":"https:\/\/api.w.org\/{rel}","templated":true}]}}