{"id":105410,"date":"2025-09-10T11:38:13","date_gmt":"2025-09-10T11:38:13","guid":{"rendered":"https:\/\/www.europesays.com\/es\/105410\/"},"modified":"2025-09-10T11:38:13","modified_gmt":"2025-09-10T11:38:13","slug":"listos-para-las-fiestas-del-toro-de-barruecopardo","status":"publish","type":"post","link":"https:\/\/www.europesays.com\/es\/105410\/","title":{"rendered":"Listos para las fiestas del Toro de Barruecopardo"},"content":{"rendered":"<p class=\"paragraph-atom &#10;        A-500-300-700-N A-550-300-700-N--md  \">Barruecopardo se viste de gala para celebrar sus fiestas del Toro del 10 al 14 de septiembre. Durante cinco d\u00edas el Ayuntamiento de la localidad ha organizado una variada programaci\u00f3n de actividades para todas las edades, combinando la tradici\u00f3n taurina con la m\u00fasica y el entretenimiento.<\/p>\n<p class=\"paragraph-atom &#10;        A-500-300-700-N A-550-300-700-N--md  \">El mi\u00e9rcoles 10 de septiembre tendr\u00e1 lugar el inicio de las celebraciones con el tradicional desfile de pe\u00f1as y carrozas, donde las agrupaciones tendr\u00e1n que mostrar su imaginaci\u00f3n y creatividad. Adem\u00e1s, tambi\u00e9n tendr\u00e1 lugar la presentaci\u00f3n de la reina y las damas. La noche continuar\u00e1 con una verbena a cargo de la orquesta \u201cSeven\u201d y pasacalles con charanga.<\/p>\n<p class=\"paragraph-atom &#10;        A-500-300-700-N A-550-300-700-N--md  \">El jueves 11, dedicado a los ni\u00f1os, contar\u00e1 con un parque hinchable a partir de las 11:30 horas y una comida popular para todos los vecinos en el pabell\u00f3n municipal a las 14:30. Por la tarde, la fiesta de la espuma y la gynkana infantil mantendr\u00e1n a los m\u00e1s peque\u00f1os entretenidos. La noche se cerrar\u00e1 con una verbena amenizada por la orquesta \u201cKronos\u201d. <\/p>\n<p>                                                            <img decoding=\"async\" loading=\"lazy\" src=\"https:\/\/www.europesays.com\/es\/wp-content\/uploads\/2025\/09\/54b5fa1f-6ddf-41fc-b24c-bea597463013_16-9-aspect-ratio_1600w_0.jpg\" alt=\"Encierro a caballo en Barruecopardo\" title=\"Encierro a caballo en Barruecopardo\" height=\"900\" width=\"1600\"\/><\/p>\n<p>                Encierro a caballo en Barruecopardo<\/p>\n<p class=\"paragraph-atom &#10;        A-500-300-700-N A-550-300-700-N--md  \">El viernes 12, el D\u00eda del Toro, la jornada empezar\u00e1 con los tradicionales pasacalles con charanga y el encierro a caballo a las 12:00. Los ni\u00f1os tambi\u00e9n tendr\u00e1n su particular encierro con carretones. Por la tarde, se celebrar\u00e1 el festival de recortes y una esperada clase pr\u00e1ctica de la escuela de tauromaquia de Salamanca con la lidia de cuatro novillos para Noel Garc\u00eda, Fernando Vanegas, \u00cd\u00f1igo Norte y Hugo Panero. La jornada finalizar\u00e1 con la verbena de la orquesta \u201cSeven\u201d.<\/p>\n<p class=\"paragraph-atom &#10;        A-500-300-700-N A-550-300-700-N--md  \">El s\u00e1bado 13 se repetir\u00e1 la misma programaci\u00f3n del d\u00eda anterior, con un encierro a caballo por la ma\u00f1ana. Por la tarde, la novillada ser\u00e1 para los diestros Diego Mateos y Manuel Quintana. La orquesta \u201cS\u00e1ndalo\u201d ser\u00e1 la encargada de animar la noche con su verbena.<\/p>\n<p class=\"paragraph-atom &#10;        A-500-300-700-N A-550-300-700-N--md  \">Las celebraciones concluir\u00e1n el domingo 14, el D\u00eda del Cristo, con pasacalles y la misa del Cristo a las 12:00 horas con el esperado baile de la bandera. Por la tarde, tras la bajada en procesi\u00f3n del Cristo a la ermita y el baile de la bandera, habr\u00e1 una demostraci\u00f3n a cargo del grupo de paleo de Barruecopardo y una cena de confraternidad. La \u00faltima verbena de las fiestas correr\u00e1 a cargo de la orquesta \u201cEtiqueta Negra\u201d.<\/p>\n<p class=\"paragraph-atom &#10;        A-500-300-700-N A-550-300-700-N--md  \">Puedes consultar aqu\u00ed el programa completo de las fiestas. <\/p>\n<p>                                                            <img decoding=\"async\" loading=\"lazy\" src=\"https:\/\/www.europesays.com\/es\/wp-content\/uploads\/2025\/09\/278d8d2b-2fdc-43c3-bd1a-b82dff71822f_source-aspect-ratio_1600w_0.jpg\" alt=\"Fiestas de Barruecopardo\" title=\"Fiestas de Barruecopardo\" height=\"1511\" width=\"1080\"\/><\/p>\n<p>                Fiestas de Barruecopardo<\/p>\n","protected":false},"excerpt":{"rendered":"Barruecopardo se viste de gala para celebrar sus fiestas del Toro del 10 al 14 de septiembre. Durante&hellip;\n","protected":false},"author":2,"featured_media":105411,"comment_status":"","ping_status":"","sticky":false,"template":"","format":"standard","meta":{"footnotes":""},"categories":[277],"tags":[36005,373,168,25,24,43,21333,23,167,374,913],"class_list":{"0":"post-105410","1":"post","2":"type-post","3":"status-publish","4":"format-standard","5":"has-post-thumbnail","7":"category-toreo","8":"tag-barruecopardo","9":"tag-bullfighting","10":"tag-deportes","11":"tag-es","12":"tag-espana","13":"tag-fiestas","14":"tag-listos","15":"tag-spain","16":"tag-sports","17":"tag-toreo","18":"tag-toro"},"share_on_mastodon":{"url":"","error":""},"_links":{"self":[{"href":"https:\/\/www.europesays.com\/es\/wp-json\/wp\/v2\/posts\/105410","targetHints":{"allow":["GET"]}}],"collection":[{"href":"https:\/\/www.europesays.com\/es\/wp-json\/wp\/v2\/posts"}],"about":[{"href":"https:\/\/www.europesays.com\/es\/wp-json\/wp\/v2\/types\/post"}],"author":[{"embeddable":true,"href":"https:\/\/www.europesays.com\/es\/wp-json\/wp\/v2\/users\/2"}],"replies":[{"embeddable":true,"href":"https:\/\/www.europesays.com\/es\/wp-json\/wp\/v2\/comments?post=105410"}],"version-history":[{"count":0,"href":"https:\/\/www.europesays.com\/es\/wp-json\/wp\/v2\/posts\/105410\/revisions"}],"wp:featuredmedia":[{"embeddable":true,"href":"https:\/\/www.europesays.com\/es\/wp-json\/wp\/v2\/media\/105411"}],"wp:attachment":[{"href":"https:\/\/www.europesays.com\/es\/wp-json\/wp\/v2\/media?parent=105410"}],"wp:term":[{"taxonomy":"category","embeddable":true,"href":"https:\/\/www.europesays.com\/es\/wp-json\/wp\/v2\/categories?post=105410"},{"taxonomy":"post_tag","embeddable":true,"href":"https:\/\/www.europesays.com\/es\/wp-json\/wp\/v2\/tags?post=105410"}],"curies":[{"name":"wp","href":"https:\/\/api.w.org\/{rel}","templated":true}]}}