{"id":105412,"date":"2025-09-10T11:41:07","date_gmt":"2025-09-10T11:41:07","guid":{"rendered":"https:\/\/www.europesays.com\/es\/105412\/"},"modified":"2025-09-10T11:41:07","modified_gmt":"2025-09-10T11:41:07","slug":"desde-antiguos-companeros-a-su-equipo-de-confianza","status":"publish","type":"post","link":"https:\/\/www.europesays.com\/es\/105412\/","title":{"rendered":"desde antiguos compa\u00f1eros a su equipo de confianza"},"content":{"rendered":"<p class=\"c-paragraph\">Se van acabando los elogios para <a href=\"https:\/\/www.20minutos.es\/tags\/deportes\/carlos-alcaraz.html\" title=\"Carlos Alcaraz\" rel=\"nofollow noopener\" target=\"_blank\">Carlos Alcaraz<\/a>, si bien al ritmo al que consigue t\u00edtulos quiz\u00e1 habr\u00eda que empezar a encontrar algunos nuevos. Porque este pasado domingo <b>alcanzaba, a sus 22 a\u00f1os de edad, el n\u00famero 1 del tenis del ranking masculino de la ATP<\/b>, siendo el m\u00e1s joven en conseguirlo&#8230; otra vez. Y lo hac\u00eda despu\u00e9s de haber barrido a sus adversarios en el US Open de Nueva York y, sobre todo, a quien est\u00e1 llamado a ser su gran rival durante su carrera, <a href=\"https:\/\/www.20minutos.es\/tags\/deportes\/jannik-sinner.html\" title=\"Jannik Sinner\" rel=\"nofollow noopener\" target=\"_blank\">Jannik Sinner<\/a>, en la final disputada en el\u00a0Arthur Ashe Stadium, la pista central de Flushing Meadows.<\/p>\n<p class=\"c-paragraph\"><b>El murciano volv\u00eda a levantar el Abierto de Estados Unidos<\/b> por segunda vez, como ya hiciera con Roland Garros y Wimbledon \u2014el Open de Australia es el \u00fanico que se le resiste para completar los cuatro Grand Slams\u2014, lo que le ha situado en precocidad \u00fanicamente por detr\u00e1s de una aut\u00e9ntica leyenda, el gran\u00a0Bj\u00f6rn Borg, el \u00fanico tenista masculino que ten\u00eda menos edad que \u00e9l cuando logr\u00f3 tal haza\u00f1a.<\/p>\n<p class=\"c-paragraph\">Pero una cosa que sabe el de El Palmar es que <b>no ser\u00eda quien es con la raqueta en la mano si no tuviese detr\u00e1s a sus personas de confianza,<\/b> un c\u00edrculo conformado por sus padres, sus hermanos, sus entrenadores personales y sus mejores amigos que le acompa\u00f1an en cada uno de sus triunfos. Casi como aquellos siervos de la Antigua Roma que le susurraban a los generales victoriosos que recordasen que eran mortales, la gente cercana a Alcaraz son quienes le ayudan a mantener los pies en la tierra, que no se le olviden ni sus ra\u00edces y que no se le suba el \u00e9xito a la cabeza y se deje llevar por malas influencias.<\/p>\n<p class=\"c-paragraph\">Para el tenista son un respiro emocional y mental, un tanque de ox\u00edgeno que le permiten seguir teniendo una vida personal alejada del tenis, sin que ello signifique que su c\u00edrculo no disfrute de sus triunfos. Son esos mismos j\u00f3venes como \u00e9l que se sit\u00faan siempre al lado de Juan Carlos Ferrero, Juanjo L\u00f3pez, Alberto Lledo, Alejandro S\u00e1nchez, Fran Rubio o Juanjo Moreno, entrenadores, m\u00e9dicos y fisios que forman su equipo y que, <b>cuando vence, Alcaraz corre a abrazar con igual \u00edmpetu que hace con su familia<\/b> o con quienes han estado practicando y mejorando d\u00eda a d\u00eda.<\/p>\n<p class=\"c-paragraph\">Porque con ellos tambi\u00e9n comenz\u00f3 su afici\u00f3n por el deporte, pues son sus amigos de la infancia, con los que pasaba d\u00edas enteros en la localidad murciana jugando al f\u00fatbol o en el colegio. Desde Vanity Fair han recopilado una serie de nombres que corresponden con<b> esas personas de toda la vida de Carlos que le permiten recargar fuerzas <\/b>y tener sus propios momentos de desconexi\u00f3n. Nombres como el de Fulgencio Cervera, quien es amigo del tenista desde que eran ni\u00f1os y posiblemente su escudero m\u00e1s fiel, dado que se le ha podido ver en varias finales celebrando los \u00e9xitos de su colega.<\/p>\n<p class=\"c-paragraph\">Tambi\u00e9n est\u00e1 otro de sus paisanos, Pedro Cobacho, a quien tanto le debe el actual n\u00famero 1 porque fue quien comenz\u00f3 d\u00e1ndole la r\u00e9plica en las primeras pistas de tenis en las que jugaron, fantaseando quiz\u00e1 con ganar alg\u00fan d\u00eda un t\u00edtulo como hac\u00eda su \u00eddolo, <a href=\"https:\/\/www.20minutos.es\/tags\/deportes\/rafa-nadal.html\" title=\"Rafa Nadal\" rel=\"nofollow noopener\" target=\"_blank\">Rafa Nadal<\/a>, <b>pero sin pensar que esa ilusi\u00f3n se har\u00eda realidad no solo tan pronto sino a una velocidad tan espectacular.<\/b> Cobacho, quien de hecho estaba en Par\u00eds en la final hist\u00f3rica que de cinco horas y media que le enfrent\u00f3 tambi\u00e9n a Sinner y que acab\u00f3 con el murciano levantando la Copa de los Mosqueteros, trabaja hoy por hoy en la Carlos Alcaraz Academy.<\/p>\n<p class=\"c-paragraph\">Mucho en com\u00fan con Cobacho tiene Antonio L\u00f3pez, ya que tambi\u00e9n era un compa\u00f1ero de la escuela de tenis en la que comenzaron, Jos\u00e9 Ram\u00f3n Gonz\u00e1lez, quien si bien es jugador de p\u00e1del, s\u00ed que se convirti\u00f3 con el paso del tiempo en uno de los mejores amigos de Carlitos por ser vecino suyo de El Palmar <b>o Samuel L\u00f3pez, tambi\u00e9n entrenador de su academia.<\/b> Otro murciano, David Meg\u00edas, fundador de la marca de moda de lujo Warburton, que el propio tenista ha lucido alguna vez, suele acompa\u00f1ar a su amigo igualmente.<\/p>\n<p class=\"c-paragraph\">Porque algo importante es que no les importa tener que pagarse la estancia, hacerse muchos kil\u00f3metros o perderse alg\u00fan que otro d\u00eda en sus respectivos trabajos con tal de apoyar a Alcaraz, como en ocasiones han de hacer el periodista deportivo murciano Germ\u00e1n Abril, o futbolistas como Juanma Terr\u00e9s o Gonzalo Villar. Alcaraz no tiene dudas de que su pasi\u00f3n siempre ser\u00e1 el tenis, aunque de igual forma es consciente de que necesita algunos d\u00edas descansar mentalmente <b>y, para eso, nada mejor que estar bien rodeado.<\/b><\/p>\n<p class=\"c-paragraph\">De ah\u00ed que se le haya podido ver<b> jugando a las cartas con sus amigos, disfrutando de sus vacaciones en Ibiza<\/b> o conociendo mejor una ciudad como Roma, si bien es verdad que despu\u00e9s de cada torneo suelen hacer una celebraci\u00f3n, moderada, en los lugares que son sedes de los mismos. A buen seguro, adem\u00e1s, todos tendr\u00e1n el mismo deseo: si va a ser para verle ganar y seguir rompiendo estad\u00edsticas y r\u00e9cords, no tienen ning\u00fan problema en viajar a donde haga falta. Al cabo, quien tiene un amigo&#8230;<\/p>\n","protected":false},"excerpt":{"rendered":"Se van acabando los elogios para Carlos Alcaraz, si bien al ritmo al que consigue t\u00edtulos quiz\u00e1 habr\u00eda&hellip;\n","protected":false},"author":2,"featured_media":105413,"comment_status":"","ping_status":"","sticky":false,"template":"","format":"standard","meta":{"footnotes":""},"categories":[274],"tags":[4736,20945,8722,415,23808,168,25,24,23,167,327,326],"class_list":{"0":"post-105412","1":"post","2":"type-post","3":"status-publish","4":"format-standard","5":"has-post-thumbnail","7":"category-tenis","8":"tag-alcaraz","9":"tag-amistades","10":"tag-asi","11":"tag-carlos","12":"tag-circulo","13":"tag-deportes","14":"tag-es","15":"tag-espana","16":"tag-spain","17":"tag-sports","18":"tag-tenis","19":"tag-tennis"},"share_on_mastodon":{"url":"","error":""},"_links":{"self":[{"href":"https:\/\/www.europesays.com\/es\/wp-json\/wp\/v2\/posts\/105412","targetHints":{"allow":["GET"]}}],"collection":[{"href":"https:\/\/www.europesays.com\/es\/wp-json\/wp\/v2\/posts"}],"about":[{"href":"https:\/\/www.europesays.com\/es\/wp-json\/wp\/v2\/types\/post"}],"author":[{"embeddable":true,"href":"https:\/\/www.europesays.com\/es\/wp-json\/wp\/v2\/users\/2"}],"replies":[{"embeddable":true,"href":"https:\/\/www.europesays.com\/es\/wp-json\/wp\/v2\/comments?post=105412"}],"version-history":[{"count":0,"href":"https:\/\/www.europesays.com\/es\/wp-json\/wp\/v2\/posts\/105412\/revisions"}],"wp:featuredmedia":[{"embeddable":true,"href":"https:\/\/www.europesays.com\/es\/wp-json\/wp\/v2\/media\/105413"}],"wp:attachment":[{"href":"https:\/\/www.europesays.com\/es\/wp-json\/wp\/v2\/media?parent=105412"}],"wp:term":[{"taxonomy":"category","embeddable":true,"href":"https:\/\/www.europesays.com\/es\/wp-json\/wp\/v2\/categories?post=105412"},{"taxonomy":"post_tag","embeddable":true,"href":"https:\/\/www.europesays.com\/es\/wp-json\/wp\/v2\/tags?post=105412"}],"curies":[{"name":"wp","href":"https:\/\/api.w.org\/{rel}","templated":true}]}}