{"id":105414,"date":"2025-09-10T11:43:07","date_gmt":"2025-09-10T11:43:07","guid":{"rendered":"https:\/\/www.europesays.com\/es\/105414\/"},"modified":"2025-09-10T11:43:07","modified_gmt":"2025-09-10T11:43:07","slug":"f1-el-metodo-de-cadillac-para-prepararse-para-su-debut-en-la-temporada-2026","status":"publish","type":"post","link":"https:\/\/www.europesays.com\/es\/105414\/","title":{"rendered":"F1: el m\u00e9todo de Cadillac para prepararse para su debut\u00a0en\u00a0la temporada 2026"},"content":{"rendered":"<p>&#13;<br \/>\n                    &#13;<br \/>\n                        &#13;<br \/>\n&#13;<\/p>\n<p>De la mano de General Motors y TWG Motorsports, la escuder\u00eda estadounidense desembarcar\u00e1 en la F1 el a\u00f1o que viene con dos pilotos experimentados.<\/p>\n<p>&#13;<br \/>\n<img decoding=\"async\" class=\"mainImg r16x9\" width=\"416\" height=\"234\" fetchpriority=\"high\" src=\"https:\/\/www.europesays.com\/es\/wp-content\/uploads\/2025\/09\/cadillac-formula-1_416x234.webp.webp\"  alt=\"Cadillac F\u00f3rmula 1\" title=\"Cadillac F\u00f3rmula 1\"\/><\/p>\n<p>El campeonato de la F\u00f3rmula 1 est\u00e1 al rojo vivo con la disputa entre los McLaren de Oscar Piastri y Lando Norris, y el vigente campe\u00f3n Max Verstappen. Sin embargo, de cara a la pr\u00f3xima temporada <b>la F1 ya sabe que sufrir\u00e1 un cambio hist\u00f3rico con el ingreso de la escuder\u00eda Cadillac<\/b>, llevando a la parrilla de automovilistas a 22.<\/p>\n<p>&#13;<\/p>\n<p>        La llegada de la escuder\u00eda estadounidense a la parrilla de la F1 en 2026 tiene un plan que la marca viene trabajando desde hace varios a\u00f1os y uno de sus fundamentos es que <b>General Motors, empresa automotriz fabricante de los Cadillac, decidi\u00f3 asociarse con TWG Motorsports y Andretti Global<\/b>, estructuras que le garantizaron respaldo financiero y experiencia en la gesti\u00f3n de un equipo en la \u00e9lite.<\/p>\n<p>A su vez, <b>Cadillac decidi\u00f3 apostar por pilotos experimentados<\/b> y con mucho recorrido en la F\u00f3rmula 1 de cara a su primera temporada y es por eso que <b>ya confirm\u00f3 a Valtteri Bottas y Sergio P\u00e9rez como titulares<\/b>. Conf\u00edan en que tanto el finland\u00e9s como el mexicano aporten conocimientos t\u00e9cnicos y capacidad de desarrollo, factores clave para un equipo que arranca desde cero.<\/p>\n<p><b>La escuder\u00eda estadounidense tambi\u00e9n oficializ\u00f3 a Colton Herta, nacido en California, como piloto de pruebas<\/b>, y esta elecci\u00f3n no es casual: adem\u00e1s de representar al mercado local, el californiano se prepara para ganar experiencia dentro del paddock con miras a un posible ascenso en alg\u00fan momento de la temporada o para los a\u00f1os venideros. La combinaci\u00f3n de veteranos y j\u00f3venes talentos es parte de la f\u00f3rmula de Cadillar para asentarse dentro de la parrilla.<\/p>\n<p><img decoding=\"async\" class=\"mainImg r16x9\" width=\"416\" height=\"234\" fetchpriority=\"low\" loading=\"lazy\" src=\"https:\/\/www.europesays.com\/es\/wp-content\/uploads\/2025\/09\/bottas-y-perez_416x234.webp\"  alt=\"Bottas y P\u00e9rez\" title=\"Bottas y P\u00e9rez\"\/><\/p>\n<p>En lo que respecta a la conformaci\u00f3n de sus monoplazas, <b>Cadillac adopt\u00f3 una estrategia dual. Para 2026 utilizar\u00e1 unidades de potencia Ferrari, intentando asegurar rendimiento en su primera temporada<\/b>. Paralelamente, General Motors est\u00e1 trabajando en su propio motor, que ya fue aprobado por la FIA, para estrenar en la temporada 2029. Esta transici\u00f3n le permite al equipo enfocarse inicialmente en el chasis, la aerodin\u00e1mica y la organizaci\u00f3n deportiva, sin la presi\u00f3n de homologar un propulsor desde el inicio.<\/p>\n<p>El m\u00e9todo tambi\u00e9n contempla un programa de pruebas inteligente porque Cadillac aprovechar\u00e1 los reglamentos de TPC (Testing of Previous Cars) para correr con monoplazas de a\u00f1os anteriores y ya firm\u00f3 acuerdos con otras escuder\u00edas para acceder a material t\u00e9cnico probado.<\/p>\n<p>Con este plan integral que combina socios industriales, pilotos experimentados, pruebas con autos previos y fichaje de personal, <b>Cadillac busca debutar a 2026 como un equipo con bases s\u00f3lidas para competir en la F\u00f3rmula 1 y sumar puntos, y no como un simple debutante<\/b>.<\/p>\n<p><img decoding=\"async\" class=\"mainImg r16x9\" width=\"416\" height=\"234\" fetchpriority=\"low\" loading=\"lazy\" src=\"https:\/\/www.europesays.com\/es\/wp-content\/uploads\/2025\/09\/1757504586_17_cadillac-formula-1_416x234.webp.webp\"  alt=\"Cadillac F\u00f3rmula 1\" title=\"Cadillac F\u00f3rmula 1\"\/>&#13;<\/p>\n<p class=\"subs-tag\">&#13;<br \/>\n            &#13;<br \/>\n            &#13;<br \/>\n            &#13;<br \/>\n            &#13;<br \/>\n            &#13;<br \/>\n         No te pierdas nada<\/p>\n<p>        &#13;<br \/>\n            Recib\u00ed las \u00faltimas noticias de F1 \u00a1y m\u00e1s!    &#13;<br \/>\n    &#13;<\/p>\n<p>&#13;<br \/>\n    &#13;<br \/>\n       &#13;<br \/>\n&#13;<br \/>\n        Te puede interesar<a href=\"https:\/\/www.tycsports.com\/automovilismo\/pilotos-acompanar-verstappen-red-bull-formula-1-f1-2026--id684951.html\" onclick=\"ga4SelectContentEvent(&quot;Qu\\u00e9 pilotos podr\\u00edan acompa\\u00f1ar a Verstappen en Red Bull para 2026&quot;,&quot;Automovilismo&quot;,&quot;page_nota-comun-2024-blo_4109&quot;,&quot;Federico Zbogar&quot;);\" class=\"cardImageHolder\" rel=\"nofollow noopener\" target=\"_blank\"><img decoding=\"async\" class=\"cardImage r16x9\" width=\"416\" height=\"234\" fetchpriority=\"low\" loading=\"lazy\" src=\"https:\/\/www.europesays.com\/es\/wp-content\/uploads\/2025\/09\/max-verstappen-tetracampeon-del-mundo_416x234.webp\"  alt=\"Qu\u00e9 pilotos podr\u00edan acompa\u00f1ar a Verstappen en Red Bull para 2026\" title=\"Qu\u00e9 pilotos podr\u00edan acompa\u00f1ar a Verstappen en Red Bull para 2026\"\/><\/a><a href=\"https:\/\/www.tycsports.com\/automovilismo\/f1-que-se-juega-colapinto-en-el-gp-de-azerbaiyan-id684846.html\" onclick=\"ga4SelectContentEvent(&quot;Qu\\u00e9 se juega Colapinto en el GP de Azerbaiy\\u00e1n&quot;,&quot;Automovilismo&quot;,&quot;page_nota-comun-2024-blo_4109&quot;,&quot;Daniel Melluso&quot;);\" class=\"cardImageHolder\" rel=\"nofollow noopener\" target=\"_blank\">&#13;<br \/>\n                    &#13;<br \/>\n                    &#13;<br \/>\n                <img decoding=\"async\" class=\"cardImage r16x9\" width=\"416\" height=\"234\" fetchpriority=\"low\" loading=\"lazy\" src=\"https:\/\/www.europesays.com\/es\/wp-content\/uploads\/2025\/09\/1757504586_344_franco-colapinto_416x234.webp.webp\"  alt=\"Qu\u00e9 se juega Colapinto en el GP de Azerbaiy\u00e1n\" title=\"Qu\u00e9 se juega Colapinto en el GP de Azerbaiy\u00e1n\"\/><\/a><a href=\"https:\/\/www.tycsports.com\/automovilismo\/sin-autodromo-por-el-plan-f1-asi-sera-el-nuevo-callejero-de-buenos-aires-id684841.html\" onclick=\"ga4SelectContentEvent(&quot;Sin Aut\\u00f3dromo por el plan F1, as\\u00ed ser\\u00e1 el nuevo callejero de Buenos Aires&quot;,&quot;Automovilismo&quot;,&quot;page_nota-comun-2024-blo_4109&quot;,&quot;Juan Manuel Collazo&quot;);\" class=\"cardImageHolder\" rel=\"nofollow noopener\" target=\"_blank\">&#13;<br \/>\n                    &#13;<br \/>\n                    &#13;<br \/>\n                <img decoding=\"async\" class=\"cardImage r16x9\" width=\"416\" height=\"234\" fetchpriority=\"low\" loading=\"lazy\" src=\"https:\/\/www.europesays.com\/es\/wp-content\/uploads\/2025\/09\/tc2000_416x234.webp.webp\"  alt=\"Sin Aut\u00f3dromo por el plan F1, as\u00ed ser\u00e1 el nuevo callejero de Buenos Aires\" title=\"Sin Aut\u00f3dromo por el plan F1, as\u00ed ser\u00e1 el nuevo callejero de Buenos Aires\"\/><\/a><a href=\"https:\/\/www.tycsports.com\/automovilismo\/ranking-velocidad-monza-como-quedo-franco-colapinto-y-piloto-top-con-que-compartio-puesto-id684779.html\" onclick=\"ga4SelectContentEvent(&quot;El ranking de velocidad en Monza: c\\u00f3mo qued\\u00f3 Colapinto y el piloto top con el que comparti\\u00f3 el puesto&quot;,&quot;Automovilismo&quot;,&quot;page_nota-comun-2024-blo_4109&quot;,&quot;Marisa Pontieri&quot;);\" class=\"cardImageHolder\" rel=\"nofollow noopener\" target=\"_blank\"><img decoding=\"async\" class=\"cardImage r16x9\" width=\"416\" height=\"234\" fetchpriority=\"low\" loading=\"lazy\" src=\"https:\/\/www.europesays.com\/es\/wp-content\/uploads\/2025\/09\/1757426357_715_franco-colapinto_416x234.webp\"  alt=\"El ranking de velocidad en Monza: c\u00f3mo qued\u00f3 Colapinto y el piloto top con el que comparti\u00f3 el puesto\" title=\"El ranking de velocidad en Monza: c\u00f3mo qued\u00f3 Colapinto y el piloto top con el que comparti\u00f3 el puesto\"\/><\/a><a href=\"https:\/\/www.tycsports.com\/automovilismo\/max-verstappen-correra-con-ferrari-circuito-mas-peligroso-mundo-id684756.html\" onclick=\"ga4SelectContentEvent(&quot;Verstappen correr\\u00e1 con Ferrari en el circuito m\\u00e1s peligroso del mundo&quot;,&quot;Automovilismo&quot;,&quot;page_nota-comun-2024-blo_4109&quot;,&quot;Marisa Pontieri&quot;);\" class=\"cardImageHolder\" rel=\"nofollow noopener\" target=\"_blank\"><img decoding=\"async\" class=\"cardImage r16x9\" width=\"416\" height=\"234\" fetchpriority=\"low\" loading=\"lazy\" src=\"https:\/\/www.europesays.com\/es\/wp-content\/uploads\/2025\/07\/max-verstappen-red-bull_416x234.webp.webp\"  alt=\"Verstappen correr\u00e1 con Ferrari en el circuito m\u00e1s peligroso del mundo\" title=\"Verstappen correr\u00e1 con Ferrari en el circuito m\u00e1s peligroso del mundo\"\/><\/a><a href=\"https:\/\/www.tycsports.com\/automovilismo\/que-le-toco-pierre-gasly-al-auto-de-franco-colapinto-id684708.html\" onclick=\"ga4SelectContentEvent(&quot;Qu\\u00e9 le toc\\u00f3 Gasly al auto de Colapinto&quot;,&quot;Automovilismo&quot;,&quot;page_nota-comun-2024-blo_4109&quot;,&quot;Federico Gullo&quot;);\" class=\"cardImageHolder\" rel=\"nofollow noopener\" target=\"_blank\">&#13;<br \/>\n                    &#13;<br \/>\n                    &#13;<br \/>\n                <img decoding=\"async\" class=\"cardImage r16x9\" width=\"416\" height=\"234\" fetchpriority=\"low\" loading=\"lazy\" src=\"https:\/\/www.europesays.com\/es\/wp-content\/uploads\/2025\/09\/gasly-alpine_416x234.webp.webp\"  alt=\"Qu\u00e9 le toc\u00f3 Gasly al auto de Colapinto\" title=\"Qu\u00e9 le toc\u00f3 Gasly al auto de Colapinto\"\/><\/a>&#13;<br \/>\n&#13;<br \/>\n    &#13;<br \/>\n&#13;<br \/>\n&#13;<br \/>\n                  &#13;<\/p>\n","protected":false},"excerpt":{"rendered":"&#13; &#13; &#13; &#13; De la mano de General Motors y TWG Motorsports, la escuder\u00eda estadounidense desembarcar\u00e1 en&hellip;\n","protected":false},"author":2,"featured_media":105415,"comment_status":"","ping_status":"","sticky":false,"template":"","format":"standard","meta":{"footnotes":""},"categories":[270],"tags":[1763,168,25,24,306,271,272,23,167],"class_list":{"0":"post-105414","1":"post","2":"type-post","3":"status-publish","4":"format-standard","5":"has-post-thumbnail","7":"category-formula-1","8":"tag-automovilismo","9":"tag-deportes","10":"tag-es","11":"tag-espana","12":"tag-f1","13":"tag-formula-1","14":"tag-formula1","15":"tag-spain","16":"tag-sports"},"share_on_mastodon":{"url":"","error":""},"_links":{"self":[{"href":"https:\/\/www.europesays.com\/es\/wp-json\/wp\/v2\/posts\/105414","targetHints":{"allow":["GET"]}}],"collection":[{"href":"https:\/\/www.europesays.com\/es\/wp-json\/wp\/v2\/posts"}],"about":[{"href":"https:\/\/www.europesays.com\/es\/wp-json\/wp\/v2\/types\/post"}],"author":[{"embeddable":true,"href":"https:\/\/www.europesays.com\/es\/wp-json\/wp\/v2\/users\/2"}],"replies":[{"embeddable":true,"href":"https:\/\/www.europesays.com\/es\/wp-json\/wp\/v2\/comments?post=105414"}],"version-history":[{"count":0,"href":"https:\/\/www.europesays.com\/es\/wp-json\/wp\/v2\/posts\/105414\/revisions"}],"wp:featuredmedia":[{"embeddable":true,"href":"https:\/\/www.europesays.com\/es\/wp-json\/wp\/v2\/media\/105415"}],"wp:attachment":[{"href":"https:\/\/www.europesays.com\/es\/wp-json\/wp\/v2\/media?parent=105414"}],"wp:term":[{"taxonomy":"category","embeddable":true,"href":"https:\/\/www.europesays.com\/es\/wp-json\/wp\/v2\/categories?post=105414"},{"taxonomy":"post_tag","embeddable":true,"href":"https:\/\/www.europesays.com\/es\/wp-json\/wp\/v2\/tags?post=105414"}],"curies":[{"name":"wp","href":"https:\/\/api.w.org\/{rel}","templated":true}]}}