{"id":105422,"date":"2025-09-10T11:48:12","date_gmt":"2025-09-10T11:48:12","guid":{"rendered":"https:\/\/www.europesays.com\/es\/105422\/"},"modified":"2025-09-10T11:48:12","modified_gmt":"2025-09-10T11:48:12","slug":"cuando-el-viaje-no-acaba-con-los-lapices-queriamos-que-los-ninos-jugaran-imaginaran-y-compartieran-ese-momento-con-sus-familias","status":"publish","type":"post","link":"https:\/\/www.europesays.com\/es\/105422\/","title":{"rendered":"Cuando el viaje no acaba con los l\u00e1pices: \u00abQuer\u00edamos que los ni\u00f1os jugaran, imaginaran y compartieran ese momento con sus familias\u00bb"},"content":{"rendered":"<p><a class=\"v-mdl-ath__fig-a\" href=\"https:\/\/www.lagacetadesalamanca.es\/autor\/roberto-zamarbide-6022.html\" title=\"Roberto Zamarbide\" rel=\"nofollow noopener\" target=\"_blank\"><br \/>\n<img decoding=\"async\" class=\"v-mdl-ath__img\" src=\"https:\/\/s3.ppllstatics.com\/comun\/img\/2014\/autor\/autor-6022-foto-1.png\" alt=\"Roberto Zamarbide\"\/><br \/>\n<\/a><\/p>\n<p class=\"v-mdl-ath__p v-mdl-ath__p--6\">\nMi\u00e9rcoles, 10 de septiembre 2025, 10:50<\/p>\n<p class=\"v-p\"><strong>\u00bfC\u00f3mo lograr que un libro infantil cobre vida y salga literalmente de sus p\u00e1ginas?<\/strong> La periodista y especialista en comunicaci\u00f3n zamorana <strong>Teresa Pern\u00eda<\/strong> se ha propuesto responder a esa pregunta con <strong>&#8216;Animales astronautas&#8217;<\/strong>, un innovador cuento interactivo que combina ilustraci\u00f3n, v\u00eddeo y animaci\u00f3n 3D.<\/p>\n<p class=\"v-p\"><strong>La original obra, disponible en espa\u00f1ol e ingl\u00e9s y dirigida a ni\u00f1os de entre 4 y 10 a\u00f1os, invita a colorear a los miembros de la Expedici\u00f3n Animalia, una tripulaci\u00f3n de 23 animales entrenados para explorar los secretos del universo<\/strong>. Pero el viaje no acaba con los l\u00e1pices: gracias a c\u00f3digos QR, cada personaje salta del papel a la pantalla y puede aparecer en el sal\u00f3n, el aula o el parque a trav\u00e9s de realidad aumentada, sin necesidad de descargar aplicaciones externas. \u00abQuer\u00edamos que los ni\u00f1os no s\u00f3lo pintaran, sino que jugaran, imaginaran y compartieran ese momento con sus familias. Que el papel se convirtiera en una ventana a un universo digital lleno de creatividad\u00bb, explica Pern\u00eda.<\/p>\n<p class=\"v-p\"><strong>La autora reconoce que el germen del proyecto est\u00e1 en su experiencia profesional<\/strong>. \u00abYo ya aplicaba estas herramientas en mi agencia, pero con objetivos empresariales. Decid\u00ed trasladarlas al \u00e1mbito infantil para crear algo propio, sin l\u00edmites\u00bb, cuenta. El resultado es un libro de colorear donde los ni\u00f1os desarrollan habilidades art\u00edsticas y, al mismo tiempo, descubren contenidos digitales que los sorprenden: desde un koala que aparece en 3D junto a su dibujo hasta un cocodrilo que nos mete un buen susto en la pantalla del m\u00f3vil.<\/p>\n<p><img decoding=\"async\" loading=\"lazy\" src=\"https:\/\/s3.ppllstatics.com\/lagacetadesalamanca\/www\/multimedia\/2025\/09\/10\/cuento-audivisual2-kCNG--1920x1344@Gaceta%20Salamanca.jpg\" class=\"v-a-img\" width=\"1920\" height=\"1344\" alt=\"\" data-voc-vtm-id=\"in-text-traffic\"\/><\/p>\n<p><img loading=\"lazy\" decoding=\"async\" src=\"https:\/\/s3.ppllstatics.com\/lagacetadesalamanca\/www\/multimedia\/2025\/09\/10\/cuento-audivisual2-kCNG--1920x1344@Gaceta%20Salamanca.jpg\" class=\"v-mdl__img-z\" width=\"1920\" height=\"1344\" alt=\"\"\/><\/p>\n<p class=\"v-p\"><strong>La propuesta tambi\u00e9n busca reforzar la relaci\u00f3n entre padres e hijos<\/strong>. \u00abNo se trata de que los peque\u00f1os tengan su propio m\u00f3vil. La idea es que compartan la experiencia con sus padres, que coloreen juntos y luego disfruten de los v\u00eddeos o hagan fotos con los animales en realidad aumentada\u00bb, se\u00f1ala.<\/p>\n<p class=\"v-p\">Pern\u00eda, <strong>graduada por la Universidad de Salamanca<\/strong>, ciudad donde se inici\u00f3 en la pr\u00e1ctica period\u00edstica, se ha encargado de todo el proceso: dise\u00f1o, edici\u00f3n, publicaci\u00f3n y promoci\u00f3n. Una aventura de autoedici\u00f3n que ha encontrado en plataformas como Amazon o Lantia la v\u00eda para llegar a librer\u00edas y lectores. \u00abEs la primera vez que me embarco en algo as\u00ed. Ha supuesto mucho aprendizaje, sobre todo en la creaci\u00f3n de personajes 3D con inteligencia artificial, pero demuestra que hoy es posible dar forma a proyectos que antes requer\u00edan presupuestos inalcanzables\u00bb, apunta.<\/p>\n<p class=\"v-p\">&#8216;Animales astronautas&#8217; ya est\u00e1 disponible en librer\u00edas y en las principales plataformas online. Un libro que no s\u00f3lo se colorea, sino que se vive.<\/p>\n<p>Comenta<\/p>\n<p>Reporta un error<\/p>\n","protected":false},"excerpt":{"rendered":"Mi\u00e9rcoles, 10 de septiembre 2025, 10:50 \u00bfC\u00f3mo lograr que un libro infantil cobre vida y salga literalmente de&hellip;\n","protected":false},"author":2,"featured_media":105423,"comment_status":"","ping_status":"","sticky":false,"template":"","format":"standard","meta":{"footnotes":""},"categories":[172],"tags":[2887,224,36614,146,147,25,24,630,36613,36612,36611,225,2812,2932,31235,23,12856],"class_list":{"0":"post-105422","1":"post","2":"type-post","3":"status-publish","4":"format-standard","5":"has-post-thumbnail","7":"category-libros","8":"tag-acaba","9":"tag-books","10":"tag-compartieran","11":"tag-entertainment","12":"tag-entretenimiento","13":"tag-es","14":"tag-espana","15":"tag-familias","16":"tag-imaginaran","17":"tag-jugaran","18":"tag-lapices","19":"tag-libros","20":"tag-momento","21":"tag-ninos","22":"tag-queriamos","23":"tag-spain","24":"tag-viaje"},"share_on_mastodon":{"url":"","error":""},"_links":{"self":[{"href":"https:\/\/www.europesays.com\/es\/wp-json\/wp\/v2\/posts\/105422","targetHints":{"allow":["GET"]}}],"collection":[{"href":"https:\/\/www.europesays.com\/es\/wp-json\/wp\/v2\/posts"}],"about":[{"href":"https:\/\/www.europesays.com\/es\/wp-json\/wp\/v2\/types\/post"}],"author":[{"embeddable":true,"href":"https:\/\/www.europesays.com\/es\/wp-json\/wp\/v2\/users\/2"}],"replies":[{"embeddable":true,"href":"https:\/\/www.europesays.com\/es\/wp-json\/wp\/v2\/comments?post=105422"}],"version-history":[{"count":0,"href":"https:\/\/www.europesays.com\/es\/wp-json\/wp\/v2\/posts\/105422\/revisions"}],"wp:featuredmedia":[{"embeddable":true,"href":"https:\/\/www.europesays.com\/es\/wp-json\/wp\/v2\/media\/105423"}],"wp:attachment":[{"href":"https:\/\/www.europesays.com\/es\/wp-json\/wp\/v2\/media?parent=105422"}],"wp:term":[{"taxonomy":"category","embeddable":true,"href":"https:\/\/www.europesays.com\/es\/wp-json\/wp\/v2\/categories?post=105422"},{"taxonomy":"post_tag","embeddable":true,"href":"https:\/\/www.europesays.com\/es\/wp-json\/wp\/v2\/tags?post=105422"}],"curies":[{"name":"wp","href":"https:\/\/api.w.org\/{rel}","templated":true}]}}