{"id":105424,"date":"2025-09-10T11:49:07","date_gmt":"2025-09-10T11:49:07","guid":{"rendered":"https:\/\/www.europesays.com\/es\/105424\/"},"modified":"2025-09-10T11:49:07","modified_gmt":"2025-09-10T11:49:07","slug":"rtve-ramon-espinar-anuncia-que-deja-de-colaborar-en-lasexta-al-fichar-por-rtve-hay-algunas-incompatibilidades","status":"publish","type":"post","link":"https:\/\/www.europesays.com\/es\/105424\/","title":{"rendered":"RTVE: Ram\u00f3n Espinar anuncia que deja de colaborar en laSexta al fichar por RTVE: \u00abHay algunas incompatibilidades\u00bb"},"content":{"rendered":"<p class=\"article-text\">\n        El mercado televisivo de fichajes contin\u00faa abierto, a juzgar por los \u00faltimos movimientos. <strong>Ram\u00f3n Espinar<\/strong>, rostro habitual de las tertulias de actualidad, <strong>abandona por sorpresa laSexta<\/strong>. A trav\u00e9s de un comunicado en sus redes sociales, el polit\u00f3logo <strong>ha anunciado su marcha a RTVE<\/strong>, tras anunciarse como uno de los <a href=\"https:\/\/www.eldiario.es\/vertele\/noticias\/directo-grano-anuncia-tendra-35-colaboradores-rtve-lobaton-ada-colau-antonio-jimenez_1_12574286.html\" data-mrf-recirculation=\"links-noticia\" class=\"link\" rel=\"nofollow noopener\" target=\"_blank\">nuevos colaboradores de <\/a><a href=\"https:\/\/www.eldiario.es\/vertele\/noticias\/directo-grano-anuncia-tendra-35-colaboradores-rtve-lobaton-ada-colau-antonio-jimenez_1_12574286.html\" data-mrf-recirculation=\"links-noticia\" class=\"link\" rel=\"nofollow noopener\" target=\"_blank\"><strong>Directo al grano<\/strong><\/a>. Bien es cierto que no se ha pronunciado sobre sus apariciones en espacios de Mediaset Espa\u00f1a, como En boca de todos.\n    <\/p>\n<p>    <a href=\"https:\/\/www.eldiario.es\/noticias\/directo-grano-anuncia-tendra-35-colaboradores-rtve-lobaton-ada-colau-antonio-jimenez_1_12574286.html\" data-mrf-recirculation=\"saber-mas\" data-dl-event=\"saber-mas\" rel=\"nofollow noopener\" target=\"_blank\"><\/p>\n<p class=\"know-more__title\">&#8216;Directo al grano&#8217; anuncia que tendr\u00e1 \u00a135! colaboradores en RTVE, con Lobat\u00f3n, Sarah Santaolalla o Antonio Jim\u00e9nez<\/p>\n<p>            <img decoding=\"async\" class=\"lazy\" loading=\"lazy\" data-src=\"https:\/\/static.eldiario.es\/clip\/a81ddd63-2b26-4557-8348-8c05cb8e3eab_16-9-aspect-ratio_default_0.jpg\" src=\"data:image\/svg+xml,%3Csvg xmlns=\" http:=\"\" viewbox=\"0 0 880 495\" alt=\"'Directo al grano' anuncia que tendr\u00e1 \u00a135! colaboradores en RTVE, con Lobat\u00f3n, Sarah Santaolalla o Antonio Jim\u00e9nez\"\/><\/p>\n<p>                        <\/a><\/p>\n<p class=\"article-text\">\n        Con una dilatada trayectoria pol\u00edtica en nuestro pa\u00eds, Espinar ha decidido dar un giro en su desarrollo profesional: \u201cAprovecho para contaros que esta temporada no voy a estar en laSexta porque me voy a RTVE\u201d. Respecto a los motivos, ha se\u00f1alado a trav\u00e9s de su perfil en X que \u201c<strong>hay algunas incompatibilidades<\/strong>\u201d.\n    <\/p>\n<p class=\"article-text\">\n        No obstante, el hasta ahora colaborador de <strong>Al Rojo Vivo<\/strong>, <strong>M\u00e1s Vale Tarde<\/strong><strong> <\/strong>y<strong> <\/strong><a href=\"https:\/\/www.eldiario.es\/vertele\/audiencias-tv\/sabado-6-septiembre-2025-vaya-fama-estreno-telecinco-aruseros-weekend-la-roca-lasexta_1_12584103.html\" data-mrf-recirculation=\"links-noticia\" class=\"link\" rel=\"nofollow noopener\" target=\"_blank\"><strong>La Roca<\/strong><\/a> ha lanzado un agradecimiento a sus compa\u00f1eros: \u201cHa sido un placer colaborar all\u00ed estos a\u00f1os. <strong>Siempre he podido decir lo que me ha dado la gana<\/strong> y tengo el m\u00e1ximo respeto por sus profesionales\u201d.\n    <\/p>\n<blockquote class=\"twitter-tweet\" data-lang=\"es\"><p><a href=\"https:\/\/twitter.com\/X\/status\/1965404186117636421?ref_src=twsrc%5Etfw\" rel=\"nofollow noopener\" target=\"_blank\"><\/p><\/blockquote>\n<p class=\"article-text\">\n        El hilo redactado para confirmar su despedida tambi\u00e9n ha reservado un espacio a un episodio pasado de lo m\u00e1s controvertido. \u201c<strong>Sobre laSexta y Ferreras, Iglesias decidi\u00f3 volcar una campa\u00f1a infame<\/strong>\u201d, ha comunicado, considerando que el fundador de Podemos \u201c<strong>incid\u00eda en algunas miserias<\/strong> (que son verdad) <strong>y ocultaba las grandezas<\/strong> (que tambi\u00e9n lo son) de un proyecto de comunicaci\u00f3n que es referencia informativa en Espa\u00f1a\u201d.\n    <\/p>\n<p>    <a href=\"https:\/\/www.eldiario.es\/vertele\/noticias\/marilo-montero-revuelta-cargar-rtve-apoyar-toros-reaccion-broncano-1945_1_12590678.html\" data-mrf-recirculation=\"saber-mas-abajo\" data-dl-event=\"saber-mas-abajo\" rel=\"nofollow noopener\" target=\"_blank\"><\/p>\n<p class=\"know-more__title\">Maril\u00f3 Montero us\u00f3 &#8216;La Revuelta&#8217; para cargar contra RTVE y apoyar los toros, con reacci\u00f3n de Broncano: \u201cEst\u00e1s en 1945\u201d<\/p>\n<p>            <img decoding=\"async\" class=\"lazy\" loading=\"lazy\" data-src=\"https:\/\/static.eldiario.es\/clip\/9f89957c-3389-422c-9948-f19825322813_16-9-aspect-ratio_default_0.jpg\" src=\"data:image\/svg+xml,%3Csvg xmlns=\" http:=\"\" viewbox=\"0 0 880 495\" alt=\"Maril\u00f3 Montero us\u00f3 'La Revuelta' para cargar contra RTVE y apoyar los toros, con reacci\u00f3n de Broncano: &quot;Est\u00e1s en 1945&quot;\"\/><\/p>\n<p>                        <\/a><\/p>\n<p class=\"article-text\">\n        Para cerrar su comunicado, Espinar ha destacado que su experiencia en laSexta siempre fue \u201cfant\u00e1stica\u201d. Incluso ha destacado que <strong>\u201cjam\u00e1s\u201d recibi\u00f3 \u201cindicaci\u00f3n\u201d alguna<\/strong> ni tampoco un \u201creproche\u201d: \u201cSiempre un trato fant\u00e1stico en un ambiente de profesionalidad y respeto\u201d. Tras enviar agradecimientos a M\u00e1s vale tarde y La Roca, el polit\u00f3logo ha lanzado un \u00faltimo mensaje: \u201cSeguro que volvemos a encontrarnos\u201d.\n    <\/p>\n<blockquote class=\"twitter-tweet\" data-lang=\"es\"><p><a href=\"https:\/\/twitter.com\/X\/status\/1965404775727677696?ref_src=twsrc%5Etfw\" rel=\"nofollow noopener\" target=\"_blank\"><\/p><\/blockquote>\n<p>                                <script async src=\"https:\/\/platform.twitter.com\/widgets.js\" charset=\"utf-8\"><\/script><\/p>\n","protected":false},"excerpt":{"rendered":"El mercado televisivo de fichajes contin\u00faa abierto, a juzgar por los \u00faltimos movimientos. Ram\u00f3n Espinar, rostro habitual de&hellip;\n","protected":false},"author":2,"featured_media":105425,"comment_status":"","ping_status":"","sticky":false,"template":"","format":"standard","meta":{"footnotes":""},"categories":[171],"tags":[6814,146,147,25,24,18263,1750,36615,5622,11082,36616,518,23,214],"class_list":{"0":"post-105424","1":"post","2":"type-post","3":"status-publish","4":"format-standard","5":"has-post-thumbnail","7":"category-tv","8":"tag-baja","9":"tag-entertainment","10":"tag-entretenimiento","11":"tag-es","12":"tag-espana","13":"tag-espinar","14":"tag-ficha","15":"tag-incompatibilidades","16":"tag-lasexta","17":"tag-ramon","18":"tag-ramon-espinar","19":"tag-rtve","20":"tag-spain","21":"tag-tv"},"share_on_mastodon":{"url":"","error":""},"_links":{"self":[{"href":"https:\/\/www.europesays.com\/es\/wp-json\/wp\/v2\/posts\/105424","targetHints":{"allow":["GET"]}}],"collection":[{"href":"https:\/\/www.europesays.com\/es\/wp-json\/wp\/v2\/posts"}],"about":[{"href":"https:\/\/www.europesays.com\/es\/wp-json\/wp\/v2\/types\/post"}],"author":[{"embeddable":true,"href":"https:\/\/www.europesays.com\/es\/wp-json\/wp\/v2\/users\/2"}],"replies":[{"embeddable":true,"href":"https:\/\/www.europesays.com\/es\/wp-json\/wp\/v2\/comments?post=105424"}],"version-history":[{"count":0,"href":"https:\/\/www.europesays.com\/es\/wp-json\/wp\/v2\/posts\/105424\/revisions"}],"wp:featuredmedia":[{"embeddable":true,"href":"https:\/\/www.europesays.com\/es\/wp-json\/wp\/v2\/media\/105425"}],"wp:attachment":[{"href":"https:\/\/www.europesays.com\/es\/wp-json\/wp\/v2\/media?parent=105424"}],"wp:term":[{"taxonomy":"category","embeddable":true,"href":"https:\/\/www.europesays.com\/es\/wp-json\/wp\/v2\/categories?post=105424"},{"taxonomy":"post_tag","embeddable":true,"href":"https:\/\/www.europesays.com\/es\/wp-json\/wp\/v2\/tags?post=105424"}],"curies":[{"name":"wp","href":"https:\/\/api.w.org\/{rel}","templated":true}]}}