{"id":105426,"date":"2025-09-10T11:50:08","date_gmt":"2025-09-10T11:50:08","guid":{"rendered":"https:\/\/www.europesays.com\/es\/105426\/"},"modified":"2025-09-10T11:50:08","modified_gmt":"2025-09-10T11:50:08","slug":"los-premios-konex-reconocieron-a-100-figuras-clave-de-la-musica-popular-argentina-del-periodo-2015-2024","status":"publish","type":"post","link":"https:\/\/www.europesays.com\/es\/105426\/","title":{"rendered":"Los Premios Konex reconocieron a 100 figuras clave de la m\u00fasica popular argentina del per\u00edodo 2015-2024"},"content":{"rendered":"<p><img alt=\"La Fundaci\u00f3n Konex entreg\u00f3 100\" class=\"global-image\" decoding=\"async\" fetchpriority=\"high\" height=\"1533\" loading=\"eager\" src=\"https:\/\/www.europesays.com\/es\/wp-content\/uploads\/2025\/09\/Y2NGO7RUGZHTVKAZGC3SGGQUZA.jpg\" width=\"3649\"\/>La Fundaci\u00f3n Konex entreg\u00f3 100 Diplomas al M\u00e9rito a los principales exponentes de la m\u00fasica popular argentina 2015-2024<\/p>\n<p class=\"paragraph\">El reconocimiento a las trayectorias m\u00e1s sobresalientes de la <b>m\u00fasica popular argentina<\/b> durante el per\u00edodo 2015-2024 tuvo su punto culminante este martes por la noche, cuando la <b>Fundaci\u00f3n Konex<\/b> celebr\u00f3 la entrega de los <b>100 Diplomas al M\u00e9rito<\/b>. En esta edici\u00f3n, la instituci\u00f3n distingui\u00f3 a los cinco principales exponentes en cada una de las veinte disciplinas que conforman el panorama musical nacional, abarcando g\u00e9neros y roles tan diversos como Solista de Tango, Conjunto de Folklore, Solista de Jazz, Conjunto de Rock, DJ\/Electr\u00f3nica, Productor Art\u00edstico y Arreglador\/Orquestador, entre otros.<\/p>\n<p class=\"paragraph\">La responsabilidad de seleccionar a los galardonados recay\u00f3 en un Gran Jurado compuesto por veinte figuras de reconocida trayectoria. La presidencia estuvo a cargo de <b>Sandra Mihanovich<\/b>, quien ya hab\u00eda sido distinguida con el Premio Konex de Platino en 1995 y 2015, y con el Premio Konex en 2005. El rol de Secretario General lo ocup\u00f3 <b>Alejandro Lerner<\/b>, premiado en 1985, 1995 y 2005, mientras que <b>Dino Saluzzi<\/b>, quien recibi\u00f3 el Premio Konex de Brillante en 2015, asumi\u00f3 la presidencia honoraria.<\/p>\n<p><img alt=\"Estos premios reconocen a &quot;figuras\" class=\"global-image\" decoding=\"async\" fetchpriority=\"low\" height=\"1929\" loading=\"lazy\" src=\"https:\/\/www.europesays.com\/es\/wp-content\/uploads\/2025\/09\/UGKJCSGVQNAGDJUHIRTBIKCT6M.jpg\" width=\"2893\"\/>Estos premios reconocen a \u00abfiguras memorables y obras que ya forman parte del patrimonio cultural de los argentinos\u00bb, dijo Luis Ovsejevich, presidente de la Fundaci\u00f3n Konex<\/p>\n<p class=\"paragraph\">\u201cHoy celebramos a nuestros m\u00fasicos populares, verdaderos <b>int\u00e9rpretes del alma argentina<\/b>. Ustedes representan una tradici\u00f3n que ha sabido transformarse y renovarse sin perder las ra\u00edces. El tango, que naci\u00f3 en los arrabales y conquist\u00f3 el mundo, dialoga hoy con la vanguardia. El folclore mantiene vivo su origen en las nuevas generaciones. El jazz encontr\u00f3 en nuevos artistas un terreno f\u00e9rtil para expandirse. El rock, s\u00edmbolo cultural de una \u00e9poca, contin\u00faa explorando otras formas. El pop supo integrar lo local con lo global. Y los g\u00e9neros tropical, urbano y alternativo ampl\u00edan hoy el mapa sonoro de la identidad argentina. As\u00ed, nuestra m\u00fasica sigue dialogando con el presente y proyect\u00e1ndose hacia el futuro. Cada etapa nos deja figuras memorables y obras que ya forman parte del <b>patrimonio cultural<\/b> de los argentinos. As\u00ed lo har\u00e1 tambi\u00e9n esta d\u00e9cada que estamos premiando y celebrando\u00bb, dijo <b>Luis Ovsejevich<\/b>, presidente de la <b>Fundaci\u00f3n Konex<\/b>, en su discurso de bienvenida.<\/p>\n<p class=\"paragraph\">Luego, <b>Sandra Mihanovich<\/b> expres\u00f3: \u201cSer presidente del jurado de los Premios Konex, de los premios m\u00e1s prestigiosos de la Argentina, es una responsabilidad enorme. <b>La m\u00fasica ha ido cambiando mucho<\/b> con el correr de los a\u00f1os, sobre todo en su forma de ser compartida. Ya casi no hay formatos f\u00edsicos y la variedad enorme de disciplinas, formas y g\u00e9neros ha crecido de una forma inconmensurable. Mil ciento siete evaluamos para poder llegar a esta selecci\u00f3n de cien. Y <b>los mil merec\u00edan el Premio Konex<\/b>, seguramente\u00bb.<\/p>\n<p><img alt=\"El Gran Jurado, presidido por\" class=\"global-image\" decoding=\"async\" fetchpriority=\"low\" height=\"1435\" loading=\"lazy\" src=\"https:\/\/www.europesays.com\/es\/wp-content\/uploads\/2025\/09\/JUS3ONW4PNCQNBSPNUSQLG3QP4.jpg\" width=\"2153\"\/>El Gran Jurado, presidido por Sandra Mihanovich, seleccion\u00f3 a los galardonados entre m\u00e1s de mil candidatos<\/p>\n<p class=\"paragraph\">Y en representaci\u00f3n de los m\u00fasicos seleccionados, la cantante de tangos <b>Lidia Borda<\/b> tom\u00f3 la palabra: \u201cMe gustar\u00eda poder, efectivamente, representar a los cien, pero eso es algo imposible. As\u00ed que lo \u00fanico que puedo hacer es hablarles desde mi propio coraz\u00f3n a todos y a todas, muchos queridos amigos, otros conocidos, todos sinceramente apreciados. Quienes estamos aqu\u00ed hoy trabajamos cada d\u00eda para que, de manera consciente o no, honrar una herencia que llevamos con nosotros, aquello que nos constituye, eso que sabemos por memoria colectiva y ancestral, porque somos fundamentalmente lo que no sabemos que somos. <\/p>\n<p class=\"paragraph\">Estamos hechos de puro misterio, de una historia acumulada en nuestras existencias. Cada uno de nosotros y nosotras es testigo y representante fiel de una <b>realidad cultural generosa<\/b>, del pensamiento art\u00edstico sonoro sobre nuestras geograf\u00edas, nuestro sentir y nuestro ser como pueblo&#8230; Somos parte de esa especie de cosmograf\u00eda que eligi\u00f3 decirse a s\u00ed misma a trav\u00e9s de la m\u00fasica. Y hay tantas maneras de decirse en esta geograf\u00eda y en esta realidad argentina, que ser\u00eda absurdo pensar que uno solo de nosotros puede representar todo eso que somos. Por fortuna, cada uno de los que estamos aqu\u00ed puede contar un aspecto diferente de cada cosa que nos conforma como cultura en el universo. <b>Somos parte de una enorme red din\u00e1mica y flexible<\/b>. <\/p>\n<p><img alt=\"La ceremonia de entrega de\" class=\"global-image\" decoding=\"async\" fetchpriority=\"low\" height=\"1908\" loading=\"lazy\" src=\"https:\/\/www.europesays.com\/es\/wp-content\/uploads\/2025\/09\/U7IQT5V6SZH3BI7QE7EBVV5WOU.jpg\" width=\"2862\"\/>La ceremonia de entrega de diplomas al m\u00e9rito en la M\u00fasica Popular Argentina fue conducida por Silvina Chediek<\/p>\n<p class=\"paragraph\">La flexibilidad con que nos habilita la m\u00fasica popular, esa que se aprende de boca en boca, de o\u00eddo en o\u00eddo, de coraz\u00f3n a coraz\u00f3n, que se reinterpreta a cada momento y que hoy est\u00e1 representada por un pu\u00f1adito. Porque los tejedores de esta extensa red son miles, millones, an\u00f3nimos y honrosos, muchas veces injustamente ignorados u olvidados. Hoy nos reunimos m\u00fasicos, arregladores, int\u00e9rpretes, productores de distintos g\u00e9neros. Somos la Biblia y el calef\u00f3n conviviendo en tumultuosa existencia, cont\u00e1ndonos de infinitas maneras, sobrevolados por los esp\u00edritus sagrados de Mercedes, Gardel, el Flaco, el Cuchi, el Polaco, \u00c1stor, Atahualpa, tantos otros. Por eso se agradece este reconocimiento\u00bb.<\/p>\n<p class=\"paragraph\">Durante la ceremonia, conducida por <b>Silvina Chediek<\/b>, tambi\u00e9n hubo un espacio especial para recordar a diez artistas fallecidos en los \u00faltimos diez a\u00f1os, a quienes design\u00f3 como \u201cLos Inolvidables\u201d. Los homenajeados fueron <b>Ram\u00f3n Ayala<\/b>,<b> Rosario Bl\u00e9fari<\/b>,<b> Sergio Denis<\/b>,<b> Horacio Fontova<\/b>,<b> Rodolfo Garc\u00eda<\/b>,<b> Manolo Ju\u00e1rez<\/b>,<b> Chico Novarro<\/b>, <b>Palo Pandolfo<\/b>,<b> Atilio Stampone<\/b> y <b>Jaime Torres<\/b>, todos reconocidos y aplaudidos con respeto y emoci\u00f3n. <\/p>\n<p class=\"paragraph\">La entrega de los Diplomas al M\u00e9rito marca el inicio de un proceso que continuar\u00e1 en los pr\u00f3ximos meses. En una segunda etapa, prevista para noviembre, se seleccionar\u00e1n los <b>Konex de Platino<\/b>, que distinguir\u00e1n a quienes hayan alcanzado las trayectorias m\u00e1s relevantes dentro de cada disciplina. Adem\u00e1s, se otorgar\u00e1 el <b>Konex de Brillante<\/b> a la figura m\u00e1s destacada de la d\u00e9cada, junto con el <b>Konex de Honor<\/b> y las <b>Menciones Especiales<\/b>. <\/p>\n<p class=\"paragraph\">[Fotos: Gustavo Gavotti]<\/p>\n","protected":false},"excerpt":{"rendered":"La Fundaci\u00f3n Konex entreg\u00f3 100 Diplomas al M\u00e9rito a los principales exponentes de la m\u00fasica popular argentina 2015-2024&hellip;\n","protected":false},"author":2,"featured_media":105427,"comment_status":"","ping_status":"","sticky":false,"template":"","format":"standard","meta":{"footnotes":""},"categories":[170],"tags":[146,147,25,24,184,185,23],"class_list":{"0":"post-105426","1":"post","2":"type-post","3":"status-publish","4":"format-standard","5":"has-post-thumbnail","7":"category-musica","8":"tag-entertainment","9":"tag-entretenimiento","10":"tag-es","11":"tag-espana","12":"tag-music","13":"tag-musica","14":"tag-spain"},"share_on_mastodon":{"url":"","error":""},"_links":{"self":[{"href":"https:\/\/www.europesays.com\/es\/wp-json\/wp\/v2\/posts\/105426","targetHints":{"allow":["GET"]}}],"collection":[{"href":"https:\/\/www.europesays.com\/es\/wp-json\/wp\/v2\/posts"}],"about":[{"href":"https:\/\/www.europesays.com\/es\/wp-json\/wp\/v2\/types\/post"}],"author":[{"embeddable":true,"href":"https:\/\/www.europesays.com\/es\/wp-json\/wp\/v2\/users\/2"}],"replies":[{"embeddable":true,"href":"https:\/\/www.europesays.com\/es\/wp-json\/wp\/v2\/comments?post=105426"}],"version-history":[{"count":0,"href":"https:\/\/www.europesays.com\/es\/wp-json\/wp\/v2\/posts\/105426\/revisions"}],"wp:featuredmedia":[{"embeddable":true,"href":"https:\/\/www.europesays.com\/es\/wp-json\/wp\/v2\/media\/105427"}],"wp:attachment":[{"href":"https:\/\/www.europesays.com\/es\/wp-json\/wp\/v2\/media?parent=105426"}],"wp:term":[{"taxonomy":"category","embeddable":true,"href":"https:\/\/www.europesays.com\/es\/wp-json\/wp\/v2\/categories?post=105426"},{"taxonomy":"post_tag","embeddable":true,"href":"https:\/\/www.europesays.com\/es\/wp-json\/wp\/v2\/tags?post=105426"}],"curies":[{"name":"wp","href":"https:\/\/api.w.org\/{rel}","templated":true}]}}