{"id":105431,"date":"2025-09-10T11:53:17","date_gmt":"2025-09-10T11:53:17","guid":{"rendered":"https:\/\/www.europesays.com\/es\/105431\/"},"modified":"2025-09-10T11:53:17","modified_gmt":"2025-09-10T11:53:17","slug":"la-obesidad-supera-por-primera-vez-a-la-desnutricion-entre-los-menores-de-5-a-19-anos-advierte-unicef-2","status":"publish","type":"post","link":"https:\/\/www.europesays.com\/es\/105431\/","title":{"rendered":"La obesidad supera por primera vez a la desnutrici\u00f3n entre los menores de 5 a 19 a\u00f1os, advierte Unicef"},"content":{"rendered":"<p>    <img src=\"https:\/\/www.europesays.com\/es\/wp-content\/uploads\/2025\/09\/2025-09-10T103A593A54Z-89980556.jpg\" width=\"1024\" height=\"576\" alt=\"\" loading=\"eager\" decoding=\"sync\" fetchpriority=\"high\"\/><\/p>\n<p>            afp_tickers        <\/p>\n<p>        Este contenido fue publicado en    <\/p>\n<p>        10 septiembre 2025 &#8211; 12:59\n<\/p>\n<p>La obesidad se ha disparado en los \u00faltimos a\u00f1os entre los ni\u00f1os y adolescentes, bombardeados por la publicidad de comida chatarra, llegando a convertirse en la principal forma de malnutrici\u00f3n entre los 5 y 19 a\u00f1os a nivel mundial este a\u00f1o, incluso superando a la desnutrici\u00f3n, advirti\u00f3 Unicef el martes.<\/p>\n<p>\u00abHoy, cuando hablamos de malnutrici\u00f3n, ya no nos referimos \u00fanicamente a ni\u00f1os con bajo peso\u00bb, coment\u00f3 Catherine Russell, directora general de la agencia de la ONU. \u00abLa obesidad es un problema creciente que puede repercutir en la salud y el desarrollo infantil\u00bb, agreg\u00f3.<\/p>\n<p>Aunque la lucha para reducir el hambre en el mundo est\u00e1 dando sus frutos en cierta medida, con la prevalencia del peso inferior al normal en ni\u00f1os y adolescentes mostrando una tendencia a la baja al pasar del 13% al 10% entre 2000 y 2022 en el grupo etario de 5 a 19 a\u00f1os, seg\u00fan datos recopilados en 190 pa\u00edses.<\/p>\n<p>Sin embargo, en el mismo per\u00edodo, el sobrepeso se dispar\u00f3: el n\u00famero de j\u00f3venes de 5 a 19 a\u00f1os afectados entre 2000 y 2022 por esta condici\u00f3n se duplic\u00f3 de 194 millones a 391 millones.<\/p>\n<p>Y el aumento es a\u00fan m\u00e1s marcado en el caso de la obesidad, una forma m\u00e1s grave de sobrepeso asociada a trastornos metab\u00f3licos como la diabetes y ciertos tipos de c\u00e1ncer, que en ocasiones se acompa\u00f1a de baja autoestima, ansiedad y depresi\u00f3n.\u00a0<\/p>\n<p>En 2022, el 8% de los j\u00f3venes de 5 a 19 a\u00f1os a nivel mundial (163 millones) padec\u00eda obesidad, en comparaci\u00f3n con el 3% en 2000.<\/p>\n<p>\u2013 \u00abFracaso de la sociedad\u00bb \u2013<\/p>\n<p>En base a estas dos tendencias opuestas, Unicef estima que \u00ab2025 marca un punto de inflexi\u00f3n hist\u00f3rico\u00bb: \u00abPor primera vez, la prevalencia mundial de la obesidad entre ni\u00f1os y adolescentes en edad escolar supera la de la insuficiencia ponderal (9,4 % frente al 9,2 %)\u00bb.<\/p>\n<p>Esto equivale a 188 millones de ni\u00f1os y adolescentes de entre 5 y 19 a\u00f1os que viven con esta enfermedad cr\u00f3nica, seg\u00fan estas proyecciones.\u00a0<\/p>\n<p>El principal culpable: un entorno t\u00f3xico creado por la industria de alimentos ultraprocesados y sus \u00abpr\u00e1cticas comerciales poco \u00e9ticas\u00bb destinadas a obtener ganancias, se\u00f1ala Unicef.<\/p>\n<p>Los ni\u00f1os \u00abson bombardeados por publicidad de comida poco saludable\u00bb, incluso en la escuela, donde est\u00e1n expuestos a bebidas ultraendulzadas y refrigerios ultraprocesados deficientes en nutrientes, explic\u00f3 a AFP Katherine Shats, una de las autoras del informe.<\/p>\n<p>Estos productos suelen ser m\u00e1s baratos que los alimentos frescos, las frutas, las verduras y las prote\u00ednas que est\u00e1n reemplazando gradualmente en la dieta familiar.\u00a0<\/p>\n<p>Pero Unicef insiste: la culpa no es de los ni\u00f1os ni de sus familias, sino de un \u00abfracaso de la sociedad\u00bb.<\/p>\n<p>La agencia de la ONU para la infancia tambi\u00e9n rechaza el \u00abmito\u00bb que rodea al deporte: es \u00abimposible escapar de las consecuencias para la salud\u00bb de la comida basura \u00abs\u00f3lo a trav\u00e9s de la actividad f\u00edsica\u00bb.<\/p>\n<p>\u2013 \u00abNecesidad urgente\u00bb \u2013<\/p>\n<p>Hist\u00f3ricamente, la prevalencia del sobrepeso en ni\u00f1os y adolescentes era mayor en los pa\u00edses desarrollados. Sigue siendo alta, por ejemplo, en Chile (27% de los j\u00f3venes de 5 a 19 a\u00f1os) y Estados Unidos (21%).\u00a0<\/p>\n<p>Sin embargo, desde el a\u00f1o 2000, la brecha entre pa\u00edses ricos y pobres se ha reducido, con tasas de obesidad que se disparan en algunas islas del Pac\u00edfico donde las importaciones est\u00e1n sustituyendo a los productos tradicionales, como Niue (38%), las Islas Cook (37%) y Nauru (33%).<\/p>\n<p>Y para algunos pa\u00edses, esto supone un doble golpe, con la coexistencia de la desnutrici\u00f3n y la obesidad.\u00a0<\/p>\n<p>Esto ocurre en algunas zonas de crisis humanitaria y conflictos, donde grandes empresas \u00abdonan grandes cantidades de comida chatarra\u00bb para promocionar su imagen, y los ni\u00f1os que padecen hambre solo tienen acceso a alimentos perjudiciales para su salud, lamenta Shats.<\/p>\n<p>\u00abExiste una necesidad urgente de pol\u00edticas que ayuden a los padres y cuidadores a acceder a alimentos nutritivos y saludables para sus ni\u00f1os\u00bb, argumenta Russell.<\/p>\n<p>Unicef hace un llamado a los gobiernos para que apliquen medidas vinculantes como restricciones a la publicidad, impuestos a las bebidas azucaradas y a los alimentos poco saludables, un mejor etiquetado sanitario y pol\u00edticas para reorientar el sistema agroalimentario hacia la producci\u00f3n de productos frescos.<\/p>\n<p>abd\/aem\/db\/val<\/p>\n","protected":false},"excerpt":{"rendered":"afp_tickers Este contenido fue publicado en 10 septiembre 2025 &#8211; 12:59 La obesidad se ha disparado en los&hellip;\n","protected":false},"author":2,"featured_media":105432,"comment_status":"","ping_status":"","sticky":false,"template":"","format":"standard","meta":{"footnotes":""},"categories":[92],"tags":[82,30343,83,8543,25,24,4672,165,8551,14688,86,36617,15948,4444,88,36618,166,5799,2005,23,90],"class_list":{"0":"post-105431","1":"post","2":"type-post","3":"status-publish","4":"format-standard","5":"has-post-thumbnail","7":"category-salud","8":"tag-business","9":"tag-children","10":"tag-diplomacy","11":"tag-disease","12":"tag-es","13":"tag-espana","14":"tag-food","15":"tag-health","16":"tag-illness","17":"tag-international-organisation","18":"tag-international-relations","19":"tag-medical-conditions","20":"tag-obesity","21":"tag-people","22":"tag-politics","23":"tag-process-industry","24":"tag-salud","25":"tag-social-issues-general","26":"tag-society","27":"tag-spain","28":"tag-ticker"},"share_on_mastodon":{"url":"","error":""},"_links":{"self":[{"href":"https:\/\/www.europesays.com\/es\/wp-json\/wp\/v2\/posts\/105431","targetHints":{"allow":["GET"]}}],"collection":[{"href":"https:\/\/www.europesays.com\/es\/wp-json\/wp\/v2\/posts"}],"about":[{"href":"https:\/\/www.europesays.com\/es\/wp-json\/wp\/v2\/types\/post"}],"author":[{"embeddable":true,"href":"https:\/\/www.europesays.com\/es\/wp-json\/wp\/v2\/users\/2"}],"replies":[{"embeddable":true,"href":"https:\/\/www.europesays.com\/es\/wp-json\/wp\/v2\/comments?post=105431"}],"version-history":[{"count":0,"href":"https:\/\/www.europesays.com\/es\/wp-json\/wp\/v2\/posts\/105431\/revisions"}],"wp:featuredmedia":[{"embeddable":true,"href":"https:\/\/www.europesays.com\/es\/wp-json\/wp\/v2\/media\/105432"}],"wp:attachment":[{"href":"https:\/\/www.europesays.com\/es\/wp-json\/wp\/v2\/media?parent=105431"}],"wp:term":[{"taxonomy":"category","embeddable":true,"href":"https:\/\/www.europesays.com\/es\/wp-json\/wp\/v2\/categories?post=105431"},{"taxonomy":"post_tag","embeddable":true,"href":"https:\/\/www.europesays.com\/es\/wp-json\/wp\/v2\/tags?post=105431"}],"curies":[{"name":"wp","href":"https:\/\/api.w.org\/{rel}","templated":true}]}}