{"id":105433,"date":"2025-09-10T11:54:11","date_gmt":"2025-09-10T11:54:11","guid":{"rendered":"https:\/\/www.europesays.com\/es\/105433\/"},"modified":"2025-09-10T11:54:11","modified_gmt":"2025-09-10T11:54:11","slug":"susanna-griso-acepta-la-propuesta-de-david-broncano-que-los-uniria-junto-a-ana-rosa-quintana-y-marilo-montero","status":"publish","type":"post","link":"https:\/\/www.europesays.com\/es\/105433\/","title":{"rendered":"Susanna Griso acepta la propuesta de David Broncano que los unir\u00eda junto a Ana Rosa Quintana y Maril\u00f3 Montero"},"content":{"rendered":"<p><img decoding=\"async\" class=\"voc-author__img\" src=\"https:\/\/www.europesays.com\/es\/wp-content\/uploads\/2025\/08\/1756455608_235_autor-5261-foto-4.png\" alt=\"Mari Carmen Parra\"\/><\/p>\n<p class=\"voc-p\" style=\"\">Este mi\u00e9rcoles &#8216;Espejo P\u00fablico&#8217; ha visto como Televisi\u00f3n Espa\u00f1ola (TVE) se colaba entre sus contenidos. Y es que, <a href=\"https:\/\/www.abc.es\/play\/television\/noticias\/ayuso-raja-morderse-lengua-tve-pone-aprietos-20250910124001-nt.html\" target=\"_self\" data-voc-vtm-id=\"in-text-traffic\" title=\"Isabel D\u00edaz Ayuso\" data-mrf-link=\"www.abc.es\" rel=\"nofollow noopener\">Isabel D\u00edaz Ayuso<\/a>, presidenta de la Comunidad de Madrid, arremet\u00eda desde el plat\u00f3 del matinal de Antena 3 contra la cadena p\u00fablica, con &#8216;dardo&#8217; incluido a Gonzalo Mir\u00f3, poniendo en aprietos a <strong>Susanna Griso<\/strong>, pero es que tambi\u00e9n en el espacio se pon\u00eda sobre la mesa la comentada visita de <strong>Maril\u00f3 Montero<\/strong>, colaboradora, a &#8216;La Revuelta&#8217; de David Broncano, en donde &#8216;raj\u00f3&#8217; sin medias tintas de TVE. Una pol\u00e9mica que ha sido relatada por la propia periodista y que ha terminado con esta transmiti\u00e9ndole a Susanna Griso la propuesta que Broncano le hab\u00eda hecho y que los unir\u00eda a los tres con Ana Rosa Quintana.<\/p>\n<p class=\"voc-p\" style=\"\">&#8216;Espejo P\u00fablico&#8217; estaba en la secci\u00f3n de actualidad pero la entrevista a Isabel D\u00edaz Ayuso hab\u00eda dejado muchos titulares que eran debatidos por los colaboradores del matinal. As\u00ed, <strong>Susanna Griso<\/strong> destacaba las palabras de la pol\u00edtica contra TVE y recordaba que <strong>Maril\u00f3 Montero<\/strong>, en plat\u00f3, tambi\u00e9n se hab\u00eda pronunciado en contra de la cadena p\u00fablica en &#8216;<a href=\"https:\/\/www.abc.es\/play\/television\/noticias\/marilo-montero-critica-duramente-tve-revuelta-encargo-20250909232732-nt.html\" target=\"_self\" data-voc-vtm-id=\"in-text-traffic\" title=\"La Revuelta\" data-mrf-link=\"www.abc.es\" rel=\"nofollow noopener\">La Revuelta<\/a>&#8216;.<\/p>\n<p class=\"voc-p\" style=\"\">Esto llevaba a la colaboradora de &#8216;Espejo P\u00fablico&#8217; a contar su experiencia en el programa de <strong>David Broncano<\/strong>. \u00abFue una conversaci\u00f3n amable entre dos personas\u00bb, apuntaba <strong>Maril\u00f3 Montero<\/strong> que dejaba buenas palabras para el humorista. \u00abYo acepto a ir a la casa de David a &#8216;La Revuelta&#8217; con todo agradecimiento\u00bb, afirmaba la colaboradora del <a href=\"https:\/\/www.abc.es\/play\/television\/noticias\/gema-lopez-pone-sitio-mar-flores-tras-20250909133012-nt.html\" target=\"_self\" data-voc-vtm-id=\"in-text-traffic\" title=\"programa\" data-mrf-link=\"www.abc.es\" rel=\"nofollow noopener\">programa<\/a> de Antena 3. \u00abYo quer\u00eda compartir con el p\u00fablico la tolerancia a la hora de aceptar la opini\u00f3n del contrario. Es que hay una especie de mordaza que el &#8216;sanchismo&#8217; no quiere escuchar algo que se oponga a su discurso\u00bb, manifestaba la periodista.<\/p>\n<p class=\"voc-p\" style=\"\">Entonces, con la conversaci\u00f3n a punto de finalizar, Maril\u00f3 Montero le traslad\u00f3 a Susanna Griso la proposici\u00f3n que le hab\u00eda dejado <strong>David Broncano<\/strong>. \u00abY, por cierto, de David, ya que estoy aqu\u00ed, tengo que decirle a Susanna que tenemos una invitaci\u00f3n conjunta de David y m\u00eda para que comamos <strong>Ana Rosa<\/strong>, t\u00fa, \u00e9l y yo. Si aceptas&#8230;\u00bb, le comentaba la colaboradora a la presentadora que aceptaba la idea del conductor de &#8216;La Revuelta&#8217;. \u00abClaro, vale\u00bb, afirm\u00f3 la comunicadora. \u00abVale, pues ahora me queda, <a href=\"https:\/\/www.abc.es\/play\/television\/noticias\/ana-rosa-quintana-sobrecogida-ante-susto-gordo-20250910113323-nt.html\" target=\"_self\" data-voc-vtm-id=\"in-text-traffic\" title=\"Quintana\" data-mrf-link=\"www.abc.es\" rel=\"nofollow noopener\">Quintana<\/a>. No la voy a llamar que est\u00e1 en su programa\u00bb, se\u00f1al\u00f3 con humor Montero antes de que el matinal continuara por otros asuntos.<\/p>\n<p>Reportar un error<\/p>\n","protected":false},"excerpt":{"rendered":"Este mi\u00e9rcoles &#8216;Espejo P\u00fablico&#8217; ha visto como Televisi\u00f3n Espa\u00f1ola (TVE) se colaba entre sus contenidos. Y es que,&hellip;\n","protected":false},"author":2,"featured_media":105434,"comment_status":"","ping_status":"","sticky":false,"template":"","format":"standard","meta":{"footnotes":""},"categories":[91],"tags":[23529,683,13289,2429,146,147,25,24,32231,2326,36325,2466,7679,27011,2465,23,32230,36619],"class_list":{"0":"post-105433","1":"post","2":"type-post","3":"status-publish","4":"format-standard","5":"has-post-thumbnail","7":"category-entretenimiento","8":"tag-acepta","9":"tag-ana","10":"tag-broncano","11":"tag-david","12":"tag-entertainment","13":"tag-entretenimiento","14":"tag-es","15":"tag-espana","16":"tag-griso","17":"tag-junto","18":"tag-marilo","19":"tag-montero","20":"tag-propuesta","21":"tag-quintana","22":"tag-rosa","23":"tag-spain","24":"tag-susanna","25":"tag-uniria"},"share_on_mastodon":{"url":"","error":""},"_links":{"self":[{"href":"https:\/\/www.europesays.com\/es\/wp-json\/wp\/v2\/posts\/105433","targetHints":{"allow":["GET"]}}],"collection":[{"href":"https:\/\/www.europesays.com\/es\/wp-json\/wp\/v2\/posts"}],"about":[{"href":"https:\/\/www.europesays.com\/es\/wp-json\/wp\/v2\/types\/post"}],"author":[{"embeddable":true,"href":"https:\/\/www.europesays.com\/es\/wp-json\/wp\/v2\/users\/2"}],"replies":[{"embeddable":true,"href":"https:\/\/www.europesays.com\/es\/wp-json\/wp\/v2\/comments?post=105433"}],"version-history":[{"count":0,"href":"https:\/\/www.europesays.com\/es\/wp-json\/wp\/v2\/posts\/105433\/revisions"}],"wp:featuredmedia":[{"embeddable":true,"href":"https:\/\/www.europesays.com\/es\/wp-json\/wp\/v2\/media\/105434"}],"wp:attachment":[{"href":"https:\/\/www.europesays.com\/es\/wp-json\/wp\/v2\/media?parent=105433"}],"wp:term":[{"taxonomy":"category","embeddable":true,"href":"https:\/\/www.europesays.com\/es\/wp-json\/wp\/v2\/categories?post=105433"},{"taxonomy":"post_tag","embeddable":true,"href":"https:\/\/www.europesays.com\/es\/wp-json\/wp\/v2\/tags?post=105433"}],"curies":[{"name":"wp","href":"https:\/\/api.w.org\/{rel}","templated":true}]}}