{"id":105453,"date":"2025-09-10T12:07:09","date_gmt":"2025-09-10T12:07:09","guid":{"rendered":"https:\/\/www.europesays.com\/es\/105453\/"},"modified":"2025-09-10T12:07:09","modified_gmt":"2025-09-10T12:07:09","slug":"zamora-fue-el-unico-que-se-preocupo-de-mi-este-verano","status":"publish","type":"post","link":"https:\/\/www.europesays.com\/es\/105453\/","title":{"rendered":"\u00abZamora fue el \u00fanico que se preocup\u00f3 de m\u00ed este verano\u00bb"},"content":{"rendered":"<p>El <strong><a href=\"https:\/\/www.menorca.info\/etiqueta\/Hestia+Menorca.html?utm_source=Inline-tag&amp;utm_medium=internal\" rel=\"nofollow noopener\" target=\"_blank\">Hestia Menorca<\/a> prosigue con su puesta a punto de cara a la <a href=\"https:\/\/www.menorca.info\/etiqueta\/Primera+FEB.html?utm_source=Inline-tag&amp;utm_medium=internal\" rel=\"nofollow noopener\" target=\"_blank\">Primera FEB<\/a> 2025-26<\/strong> que est\u00e1 a la vuelta de la esquina y esta semana los menorquines trabajan, ya con su primera cita oficial de pretemporada en liza, ya que este s\u00e1bado se las ver\u00e1n en un atractivo Estrella Damm Ciutat de Ma\u00f3 2025 frente al Joventut de Badalona. Unos d\u00edas antes de esta esperada primera puesta en escena de los hombres de Javi Zamora, u<strong>no de los fichajes de los que m\u00e1s se espera este a\u00f1o en el Pavell\u00f3 Menorca, el \u2018tres\u2019 \u00c9dgar Vicedo<\/strong>, habl\u00f3 anteayer por la noche con el periodista Pablo Romero, en el programa \u2018Tablero FEB\u2019, donde la flamante adquisici\u00f3n habl\u00f3 de lo que espera de su estancia en Ma\u00f3.<\/p>\n<p>Sensaciones de un veterano<\/p>\n<p>Considerado para muchos como uno de los fichajes de este verano en la Primera FEB, Vicedo este pasado lunes habl\u00f3 de su regreso a las pistas, \u00abdespu\u00e9s de<strong> nueve meses parado por culpa de una rotura de la fascia<\/strong>; y tras unos \u00faltimos a\u00f1os en los que quiz\u00e1s no tuve tanto protagonismo, decido venir al Hestia\u00bb, relataba el alero ex ACB. <strong>\u00abZamora me hizo la propuesta, me convenci\u00f3, me gust\u00f3 volver a sentirme jugador y qu\u00e9 mejor que con alguien que me conoce muy bien\u00bb<\/strong>.<\/p>\n<p>El jugador de 30 a\u00f1os y formado en la cantera del Movistar Estudiantes admite que \u2018Zamo\u2019 fue\u2013 refiri\u00e9ndose al baloncesto\u2013, <strong>\u00abel \u00fanico que se preocup\u00f3 por m\u00ed, tanto al salir del Granada como en verano y estoy seguro que voy a recuperar ese nivel deportivo<\/strong> y volver\u00e9 a sentirme jugador porque nueve meses son muchos. Y con \u00e9l al mando lo conseguir\u00e9\u00bb, exclama, encantado de poder jugar en la Isla. En referencia a esta soledad tras su lesi\u00f3n grave, Vicedo abundaba en el sentido de que, \u00abestos nueve meses no fall\u00e9 ni un d\u00eda con los \u2018fisios\u2019 y dem\u00e1s y reconozco que estar solo fue duro. Un trabajo mental personal\u00bb, se sinceraba Vicedo, quien no quiso ponerse, de 0 a 100, d\u00f3nde cree que se encuentra en respeto al jugador que quiere volver a ser en Menorca. \u00abA nivel f\u00edsico perfecto y con ganas de competir de nuevo y con mucha hambre. Ganas de querer hacer una gran temporada aqu\u00ed\u00bb, prosegu\u00eda, sin ponerse una nota exacta de su momento.<\/p>\n<p>El exterior del Hestia, que aboga por \u00abtrabajar diariamente y darlo todo\u00bb, se\u00f1ala que estas primeras semanas de trabajo van viento en popa. \u00abLa pretemporada es la gasolina de todo el a\u00f1o, somos muchas caras nuevas y se trata de din\u00e1mica de equipo, buena qu\u00edmica y entendernos en la pista\u00bb. Despu\u00e9s de su salida precipitada del Covir\u00e1n Granada de la Liga ACB, Vicedo asegura que Zamora todav\u00eda no les ha puesto los primeros objetivos, como equipo, en Bintalfa. \u00abSeguro hablaremos de ello estos d\u00edas pero s\u00ed est\u00e1 claro que la filosof\u00eda que queremos es de equipo \u2018pele\u00f3n\u2019, que se agarre a los partidos y poner las cosas dif\u00edciles cada fin de semana\u00bb.<\/p>\n<p>Exterior de gran envergadura y capacidad para rebotear, habla de manera dubitativa sobre d\u00f3nde ve a nivel clasificatorio al Hestia Menorca esta Primera FEB 2025-26. \u00abNo lo veo con exactitud, es la segunda semana que estamos todos y en este sentido soy algo \u2018cholista\u2019. Partido a partido, prepar\u00e1ndonos para llegar lo mejor posible y ya la liga nos pondr\u00e1 en el sitio\u00bb, expresa, sin \u2018mojarse\u2019 demasiado de momento y reconociendo que se siente muy c\u00f3modo en la Isla, dentro y fuera de la pista, siempre con su equipo de trabajo fotogr\u00e1fico a su lado, como gran aficionado a la fotograf\u00eda.<\/p>\n<p>        El apunte        <\/p>\n<p>                        Cuatro partidos en nueve d\u00edas desde el s\u00e1bado<\/p>\n","protected":false},"excerpt":{"rendered":"El Hestia Menorca prosigue con su puesta a punto de cara a la Primera FEB 2025-26 que est\u00e1&hellip;\n","protected":false},"author":2,"featured_media":105454,"comment_status":"","ping_status":"","sticky":false,"template":"","format":"standard","meta":{"footnotes":""},"categories":[269],"tags":[299,298,168,25,24,4078,3917,23,167],"class_list":{"0":"post-105453","1":"post","2":"type-post","3":"status-publish","4":"format-standard","5":"has-post-thumbnail","7":"category-baloncesto","8":"tag-baloncesto","9":"tag-basketball","10":"tag-deportes","11":"tag-es","12":"tag-espana","13":"tag-hestia-menorca","14":"tag-primera-feb","15":"tag-spain","16":"tag-sports"},"share_on_mastodon":{"url":"","error":""},"_links":{"self":[{"href":"https:\/\/www.europesays.com\/es\/wp-json\/wp\/v2\/posts\/105453","targetHints":{"allow":["GET"]}}],"collection":[{"href":"https:\/\/www.europesays.com\/es\/wp-json\/wp\/v2\/posts"}],"about":[{"href":"https:\/\/www.europesays.com\/es\/wp-json\/wp\/v2\/types\/post"}],"author":[{"embeddable":true,"href":"https:\/\/www.europesays.com\/es\/wp-json\/wp\/v2\/users\/2"}],"replies":[{"embeddable":true,"href":"https:\/\/www.europesays.com\/es\/wp-json\/wp\/v2\/comments?post=105453"}],"version-history":[{"count":0,"href":"https:\/\/www.europesays.com\/es\/wp-json\/wp\/v2\/posts\/105453\/revisions"}],"wp:featuredmedia":[{"embeddable":true,"href":"https:\/\/www.europesays.com\/es\/wp-json\/wp\/v2\/media\/105454"}],"wp:attachment":[{"href":"https:\/\/www.europesays.com\/es\/wp-json\/wp\/v2\/media?parent=105453"}],"wp:term":[{"taxonomy":"category","embeddable":true,"href":"https:\/\/www.europesays.com\/es\/wp-json\/wp\/v2\/categories?post=105453"},{"taxonomy":"post_tag","embeddable":true,"href":"https:\/\/www.europesays.com\/es\/wp-json\/wp\/v2\/tags?post=105453"}],"curies":[{"name":"wp","href":"https:\/\/api.w.org\/{rel}","templated":true}]}}