{"id":105467,"date":"2025-09-10T12:15:19","date_gmt":"2025-09-10T12:15:19","guid":{"rendered":"https:\/\/www.europesays.com\/es\/105467\/"},"modified":"2025-09-10T12:15:19","modified_gmt":"2025-09-10T12:15:19","slug":"la-policia-identifica-a-tres-ultras-del-espanyol-por-la-pancarta-de-un-arbitro-con-una-diana-en-la-cabeza-futbol-deportes","status":"publish","type":"post","link":"https:\/\/www.europesays.com\/es\/105467\/","title":{"rendered":"La Polic\u00eda identifica a tres ultras del Espanyol por la pancarta de un \u00e1rbitro con una diana en la cabeza | F\u00fatbol | Deportes"},"content":{"rendered":"<p class=\"\">La Polic\u00eda Nacional ha identificado a tres personas \u201crelacionadas con el grupo radical ultradeportivo La Curva\u201d por difundir im\u00e1genes de una pancarta amenazante contra el \u00e1rbitro Carlos del Cerro Grande aparecida en los aleda\u00f1os del RCDE Stadium el 29 de marzo, antes del <a href=\"https:\/\/elpais.com\/noticias\/rcd-espanyol\/\" target=\"_self\" rel=\"nofollow noopener\" title=\"https:\/\/elpais.com\/noticias\/rcd-espanyol\/\">Espanyol<\/a>-Atl\u00e9tico de Madrid. En la tela se ve\u00eda un dibujo de la cabeza del colegiado con una diana apuntando a la frente, bajo la leyenda \u201cSE BUSCA\u201d, que la Polic\u00eda investiga como un posible delito de amenazas.<\/p>\n<p class=\"\">La denominada operaci\u00f3n Pitch comenz\u00f3 cuando tanto Del Cerro como la Real Federaci\u00f3n Espa\u00f1ola de F\u00fatbol y LaLiga presentaron sendas denuncias por la pancarta. El colectivo arbitral tambi\u00e9n hab\u00eda manifestado su malestar: \u201cSon unos hechos inadmisibles\u201d, dijeron un comunicado. \u201cConsideramos que esta situaci\u00f3n es consecuencia directa de la escalada de violencia verbal que estamos sufriendo por parte de determinados sectores de la sociedad y de muchos protagonistas del mundo del f\u00fatbol. Lejos de contribuir a rebajar la tensi\u00f3n, algunos discursos p\u00fablicos parecen promover este tipo de comportamientos, generando un clima cada vez m\u00e1s hostil hacia nuestro colectivo\u201d<\/p>\n<p class=\"\">Del Cerro Grande no estaba designado para arbitrar ese partido del 29 de marzo, sino que hab\u00eda oficiado como colegiado de VAR dos semanas antes en el Mallorca-Espanyol. Aquella tarde intervino para pedir al \u00e1rbitro de campo que revisara un penalti que Joan Garc\u00eda hab\u00eda detenido a Abd\u00f3n Prats. Dos futbolistas hab\u00edan entrado al \u00e1rea antes de tiempo. Se repiti\u00f3 el lanzamiento, Muriqi acert\u00f3 con el que result\u00f3 ser el 2-1 final.<\/p>\n<p class=\"\">Esa noche el club barcelon\u00e9s public\u00f3 en su web <a href=\"https:\/\/www.rcdespanyol.com\/es\/noticia\/comunicado-oficial-del-rcd-espanyol\/18389\" target=\"_self\" rel=\"nofollow noopener\" title=\"https:\/\/www.rcdespanyol.com\/es\/noticia\/comunicado-oficial-del-rcd-espanyol\/18389\">un comunicado<\/a> en el que criticaba la actuaci\u00f3n de Del Cerro: \u201cEl RCD Espanyol desea expresar su profunda preocupaci\u00f3n por las decisiones arbitrales tomadas, muchas de ellas a instancias del VAR, que han dejado a nuestro club y afici\u00f3n con una sensaci\u00f3n de indefensi\u00f3n y frustraci\u00f3n ante resoluciones que consideramos dif\u00edciles de comprender\u201d. <\/p>\n<p class=\"\">Emitieron <a href=\"https:\/\/www.rcdespanyol.com\/ca\/noticia\/comunicat-oficial\/18461\" target=\"_self\" rel=\"nofollow noopener\" title=\"https:\/\/www.rcdespanyol.com\/ca\/noticia\/comunicat-oficial\/18461\">otro comunicado<\/a> despu\u00e9s de que apareciera la pancarta con la diana sobre la cabeza de ese \u00e1rbitro de VAR: \u201cEl RCD Espanyol de Barcelona condena en\u00e9rgicamente cualquier incitaci\u00f3n a la violencia en el mundo del f\u00fatbol. El club lamenta profundamente la aparici\u00f3n de una pancarta, fuera de las instalaciones del RCDE Stadium, que cruza los l\u00edmites deportivos y personales en contra de uno de los integrantes del colectivo arbitral. La tensi\u00f3n manifiesta que se est\u00e1 viviendo en nuestro f\u00fatbol hace m\u00e1s necesiario, si cabe, extremar las medidas para conseguir erradicar cualquier tipo de acto violento\u201d.<\/p>\n<p class=\"\">La Polic\u00eda ha identificado ahora a tres personas encargadas de gestionar las cuentas de redes sociales que publicaron fotograf\u00edas de la pancarta, \u201cacompa\u00f1adas de frases injuriosas y amenazantes, as\u00ed como mensajes que suscitaban una inequ\u00edvoca animadversi\u00f3n y hostilidad hacia el \u00e1rbitro, exteriorizando una amenaza real, seria y objetiva con entidad suficiente para amendrentarle e inducirle temor\u201d, seg\u00fan la nota difundida este martes por el Ministerio del Interior.<\/p>\n","protected":false},"excerpt":{"rendered":"La Polic\u00eda Nacional ha identificado a tres personas \u201crelacionadas con el grupo radical ultradeportivo La Curva\u201d por difundir&hellip;\n","protected":false},"author":2,"featured_media":105468,"comment_status":"","ping_status":"","sticky":false,"template":"","format":"standard","meta":{"footnotes":""},"categories":[93],"tags":[17453,12572,1540,168,1539,25,24,282,1538,11783,23,167,7662,36629],"class_list":{"0":"post-105467","1":"post","2":"type-post","3":"status-publish","4":"format-standard","5":"has-post-thumbnail","7":"category-deportes","8":"tag-arbitraje-deportivo","9":"tag-arbitros","10":"tag-competiciones","11":"tag-deportes","12":"tag-entrenadores","13":"tag-es","14":"tag-espana","15":"tag-futbol","16":"tag-futbolistas","17":"tag-rcd-espanyol","18":"tag-spain","19":"tag-sports","20":"tag-ultras","21":"tag-violencia-deportiva"},"share_on_mastodon":{"url":"","error":""},"_links":{"self":[{"href":"https:\/\/www.europesays.com\/es\/wp-json\/wp\/v2\/posts\/105467","targetHints":{"allow":["GET"]}}],"collection":[{"href":"https:\/\/www.europesays.com\/es\/wp-json\/wp\/v2\/posts"}],"about":[{"href":"https:\/\/www.europesays.com\/es\/wp-json\/wp\/v2\/types\/post"}],"author":[{"embeddable":true,"href":"https:\/\/www.europesays.com\/es\/wp-json\/wp\/v2\/users\/2"}],"replies":[{"embeddable":true,"href":"https:\/\/www.europesays.com\/es\/wp-json\/wp\/v2\/comments?post=105467"}],"version-history":[{"count":0,"href":"https:\/\/www.europesays.com\/es\/wp-json\/wp\/v2\/posts\/105467\/revisions"}],"wp:featuredmedia":[{"embeddable":true,"href":"https:\/\/www.europesays.com\/es\/wp-json\/wp\/v2\/media\/105468"}],"wp:attachment":[{"href":"https:\/\/www.europesays.com\/es\/wp-json\/wp\/v2\/media?parent=105467"}],"wp:term":[{"taxonomy":"category","embeddable":true,"href":"https:\/\/www.europesays.com\/es\/wp-json\/wp\/v2\/categories?post=105467"},{"taxonomy":"post_tag","embeddable":true,"href":"https:\/\/www.europesays.com\/es\/wp-json\/wp\/v2\/tags?post=105467"}],"curies":[{"name":"wp","href":"https:\/\/api.w.org\/{rel}","templated":true}]}}