{"id":105473,"date":"2025-09-10T12:18:09","date_gmt":"2025-09-10T12:18:09","guid":{"rendered":"https:\/\/www.europesays.com\/es\/105473\/"},"modified":"2025-09-10T12:18:09","modified_gmt":"2025-09-10T12:18:09","slug":"la-llegada-del-iphone-air-lo-ha-cambiado-todo-guia-para-elegir-iphone-perfecto-en-la-nueva-familia-de-apple","status":"publish","type":"post","link":"https:\/\/www.europesays.com\/es\/105473\/","title":{"rendered":"La llegada del iPhone Air lo ha cambiado todo. Gu\u00eda para elegir iPhone perfecto en la nueva familia de Apple"},"content":{"rendered":"<p>Apple ha presentado nuevos iPhone, cuatro para ser exactos: <a class=\"text-outboundlink\" href=\"https:\/\/www.xataka.com\/moviles\/iphone-17-caracteristicas-ficha-tecnica-precio-fecha-lanzamiento\" data-vars-post-title=\"iPhone 17: Apple pone soluci\u00f3n a uno de los aspectos m\u00e1s criticados del iPhone base\" data-vars-post-url=\"https:\/\/www.xataka.com\/moviles\/iphone-17-caracteristicas-ficha-tecnica-precio-fecha-lanzamiento\" rel=\"nofollow noopener\" target=\"_blank\">iPhone 17<\/a>, <a class=\"text-outboundlink\" href=\"https:\/\/www.xataka.com\/moviles\/iphone-17-air-caracteristicas-precio-ficha-tecnica\" data-vars-post-title=\"iPhone Air: tan absurdamente fino que Apple lo ha tenido que redise\u00f1ar por completo\" data-vars-post-url=\"https:\/\/www.xataka.com\/moviles\/iphone-17-air-caracteristicas-precio-ficha-tecnica\" rel=\"nofollow noopener\" target=\"_blank\">iPhone Air<\/a>, <a class=\"text-outboundlink\" href=\"https:\/\/www.xataka.com\/moviles\/iphone-17-pro-iphone-17-pro-max-caracteristicas-precio-ficha-tecnica\" data-vars-post-title=\"Nuevos iPhone 17 Pro y iPhone 17 Pro Max: el primer iPhone unibody que llega para redefinir el concepto &#039;Pro&#039;\" data-vars-post-url=\"https:\/\/www.xataka.com\/moviles\/iphone-17-pro-iphone-17-pro-max-caracteristicas-precio-ficha-tecnica\" rel=\"nofollow noopener\" target=\"_blank\">iPhone 17 Pro y Pro Max<\/a>. A diferencia de otros a\u00f1os, la alineaci\u00f3n ha cambiado. La novedad es que <strong>el modelo plus nos dice adi\u00f3s y en su lugar llega el nuevo iPhone Air. <\/strong>Veamos c\u00f3mo queda la familia iPhone tras el lanzamiento.<\/p>\n<p>iPhone 17: el modelo base de siempre<\/p>\n<p>                   <img class=\"centro_sinmarco\" height=\"768\" width=\"1366\" loading=\"lazy\" decoding=\"async\"  fetchpriority=\"high\"  src=\"https:\/\/www.europesays.com\/es\/wp-content\/uploads\/2025\/09\/1757506688_626_450_1000.jpeg\" alt=\"iPhone 17\"\/><\/p>\n<p>        iPhone 17<\/p>\n<p>El iPhone a secas. Es el sucesor del <a class=\"text-outboundlink\" href=\"https:\/\/www.xataka.com\/moviles\/iphone-16-iphone-16-plus-caracteristicas-precio-ficha-tecnica\" data-vars-post-title=\"Nuevos iPhone 16 y iPhone 16 Plus: m\u00e1s potencia y un nuevo bot\u00f3n de c\u00e1mara que eleva las opciones fotogr\u00e1ficas\" data-vars-post-url=\"https:\/\/www.xataka.com\/moviles\/iphone-16-iphone-16-plus-caracteristicas-precio-ficha-tecnica\" rel=\"nofollow noopener\" target=\"_blank\">iPhone 16<\/a> y mantiene el esp\u00edritu de siempre: un tama\u00f1o m\u00e1s contenido y doble c\u00e1mara. <strong>Es el iPhone para quienes no necesitan la c\u00e1mara triple ni el procesador m\u00e1s potente de los Pro.<\/strong> \u00a0Este a\u00f1o el iPhone 17 gana puntos porque su pantalla por fin se suma a los 120Hz, algo que hasta ahora lo alejaba a\u00fan m\u00e1s de sus hermanos mayores.\u00a0<\/p>\n<p>Est\u00e1 hecho en aluminio y, para proteger la pantalla, cuenta con el nuevo Ceramic Shield 2 que es hasta tres veces m\u00e1s resistente a ara\u00f1azos. Llega en cinco colores; blanco y negro para los m\u00e1s tradicionales y tres tonos m\u00e1s desenfadados (lavanda, verde y azul). Su precio parte de<strong> 959 euros<\/strong> para la versi\u00f3n de 256GB.\u00a0<\/p>\n<p>    <a href=\"https:\/\/www.xataka.com\/robotica-e-ia\/ano-tenemos-nuevos-iphone-ano-apple-se-queda-atras-ia-generativa-para-moviles\" class=\"pivot-outboundlink\" data-vars-post-title=\"Un a\u00f1o m\u00e1s, tenemos nuevos iPhone. Y un a\u00f1o m\u00e1s, Apple se queda atr\u00e1s en IA generativa para m\u00f3viles \" rel=\"nofollow noopener\" target=\"_blank\"><br \/>\n     <img loading=\"lazy\" decoding=\"async\" alt=\"Un a\u00f1o m\u00e1s, tenemos nuevos iPhone. Y un a\u00f1o m\u00e1s, Apple se queda atr\u00e1s en IA generativa para m\u00f3viles \" width=\"375\" height=\"142\" src=\"https:\/\/www.europesays.com\/es\/wp-content\/uploads\/2025\/09\/1757506688_211_375_142.jpeg\"\/><br \/>\n    <\/a><\/p>\n<p>iPhone Air: el nuevo de la clase llega luciendo tipazo<\/p>\n<p>                   <img class=\"centro_sinmarco\" height=\"552\" width=\"1068\" loading=\"lazy\" decoding=\"async\"  fetchpriority=\"high\"  src=\"https:\/\/www.europesays.com\/es\/wp-content\/uploads\/2025\/09\/1757506688_225_450_1000.jpeg\" alt=\"iPhone Air\"\/><\/p>\n<p>        iPhone Air<\/p>\n<p>Es <strong>la gran novedad<\/strong> de este a\u00f1o. Tras <a class=\"text-outboundlink\" href=\"https:\/\/www.xataka.com\/moviles\/apple-ha-matado-iphone-mini-culpa-tenemos-todos-nosotros-no-queremos-moviles-compactos\" data-vars-post-title=\"Apple ha matado el iPhone mini y la culpa la tenemos todos nosotros: ya no queremos m\u00f3viles compactos \" data-vars-post-url=\"https:\/\/www.xataka.com\/moviles\/apple-ha-matado-iphone-mini-culpa-tenemos-todos-nosotros-no-queremos-moviles-compactos\" rel=\"nofollow noopener\" target=\"_blank\">el fracaso de los modelos &#8216;mini&#8217;<\/a>, Apple prob\u00f3 con lo contrario: un iPhone &#8216;plus&#8217; que apostaba por una pantalla mucho m\u00e1s grande. La f\u00f3rmula tampoco ha cuajado y el iPhone Air es el nuevo <a class=\"text-outboundlink\" href=\"https:\/\/www.xataka.com\/moviles\/iphone-air-nuevo-intento-para-solucionar-que-atormenta-a-apple-hace-anos-sindrome-cuarto-iphone\" data-vars-post-title=\"El iPhone Air es el nuevo intento para solucionar lo que atormenta a Apple desde hace a\u00f1os: el s\u00edndrome del cuarto iPhone\" data-vars-post-url=\"https:\/\/www.xataka.com\/moviles\/iphone-air-nuevo-intento-para-solucionar-que-atormenta-a-apple-hace-anos-sindrome-cuarto-iphone\" rel=\"nofollow noopener\" target=\"_blank\">intento de Apple para conseguir vendernos un cuarto iPhone<\/a>.\u00a0<\/p>\n<p>Como con los Macbook Air, <strong>el reclamo del iPhone Air es la delgadez.<\/strong> Concretamente mide 5,6 mil\u00edmetros de grosor (a excepci\u00f3n del m\u00f3dulo de c\u00e1mara, donde por cierto Apple ha conseguido meter pr\u00e1cticamente todo el hardware) y pesa 165 gramos.\u00a0<\/p>\n<p>                   <img class=\"centro_sinmarco\" height=\"827\" width=\"1366\" loading=\"lazy\" decoding=\"async\"  fetchpriority=\"high\"  src=\"https:\/\/www.europesays.com\/es\/wp-content\/uploads\/2025\/09\/1757506688_202_450_1000.jpeg\" alt=\"iPhone Air\"\/><\/p>\n<p><strong>El iPhone Air es para quienes quieran el dise\u00f1o m\u00e1s exclusivo, aunque sea a costa de hacer ciertos sacrificios<\/strong>. S\u00f3lo tiene una c\u00e1mara y, aunque las cifras de autonom\u00eda no son tan desastrosas como se rumoreaba (27 horas de reproducci\u00f3n de v\u00eddeo), el hecho de que Apple anunciara una bater\u00eda externa especialmente dise\u00f1ada para este modelo nos deja con bastantes dudas. Otro factor importante es que <strong>no tiene SIM f\u00edsica,<\/strong> por lo que si decides ir a por el nuevo iPhone ultradelgado, <a class=\"text-outboundlink\" href=\"https:\/\/www.xataka.com\/moviles\/te-compras-iphone-air-no-podras-utilizar-sim-fisica-apple-obliga-a-sus-usuarios-a-pasarse-a-esim\" data-vars-post-title=\"Si te compras un iPhone Air, no podr\u00e1s utilizar una SIM f\u00edsica: Apple obliga a sus usuarios a pasarse a la eSIM \" data-vars-post-url=\"https:\/\/www.xataka.com\/moviles\/te-compras-iphone-air-no-podras-utilizar-sim-fisica-apple-obliga-a-sus-usuarios-a-pasarse-a-esim\" rel=\"nofollow noopener\" target=\"_blank\">toca contratar una eSIM.<\/a><\/p>\n<p>El iPhone Air llega en blanco, dorado, azul cielo y negro y su precio parte de <strong>1.219 euros<\/strong> para la versi\u00f3n de 256GB. Esto son 260 euros m\u00e1s caro que el iPhone 17, pero 100 euros m\u00e1s barato que el iPhone 17 Pro.\u00a0<\/p>\n<p>iPhone 17 Pro y iPhone 17 Pro Max: para los m\u00e1s exigentes<\/p>\n<p>                   <img class=\"centro_sinmarco\" height=\"1125\" width=\"2000\" loading=\"lazy\" decoding=\"async\"  fetchpriority=\"high\"  src=\"https:\/\/www.europesays.com\/es\/wp-content\/uploads\/2025\/09\/1757506689_751_450_1000.jpeg\" alt=\"Iphone 17 Pro\"\/><\/p>\n<p>        iPhone 17 Pro Max y iPhone 17 Pro<\/p>\n<p><strong>Si buscas la mejor experiencia, sobre todo a nivel fotogr\u00e1fico, tienes que ir a por un Pro.<\/strong> Tienen c\u00e1mara triple que, adem\u00e1s del gran angular, tambi\u00e9n incluyen un teleobjetivo que llega hasta los 8 aumentos. Tambi\u00e9n tienen el procesador Apple A19 Pro con c\u00e1mara de vapor para evitar y llevan Ceramic Shield 2 tanto en la parte frontal como en la trasera.<\/p>\n<p>\u00bfQu\u00e9 modelo elegir? Depender\u00e1 del tama\u00f1o que prefieras (6,3 o 6,9 pulgadas) y tambi\u00e9n del presupuesto. El iPhone 17 Pro Max cuesta <strong>1.319 euros <\/strong>y el iPhone 17 Pro Max <strong>1.469 euros <\/strong>en las versiones de 256GB, eso son 150 euros de diferencia. Un punto a tener en cuenta es que, adem\u00e1s del tama\u00f1o de pantalla, el Pro Max tambi\u00e9n tiene m\u00e1s bater\u00eda.<\/p>\n<p>iPhone 16 y 16 Plus: los modelos del a\u00f1o pasado a\u00fan tienen mucho que decir<\/p>\n<p>                   <img class=\"centro_sinmarco\" height=\"1125\" width=\"2000\" loading=\"lazy\" decoding=\"async\"  fetchpriority=\"high\"  src=\"https:\/\/www.europesays.com\/es\/wp-content\/uploads\/2025\/09\/1757506689_697_450_1000.jpeg\" alt=\"Iphone 16\"\/><\/p>\n<p>        iPhone 16 Plus y iPhone 16<\/p>\n<p>Como ya es habitual, Apple mantiene a la venta los iPhone 16 y iPhone 16 Plus un a\u00f1o m\u00e1s. Aunque son modelos con un a\u00f1o de antig\u00fcedad, siguen siendo dos opciones muy interesantes <strong>para quien quiera pagar menos, siempre que no le importe renunciar a algunas novedades.\u00a0<\/strong><\/p>\n<p>La principal y m\u00e1s importante es la tasa de refresco. En los nuevos modelos ya es de 120Hz, pero en los iPhone 16 todav\u00eda era de 60Hz. Tambi\u00e9n tienen el chip del a\u00f1o pasado (Apple A18) y la c\u00e1mara ultra angular a\u00fan era de 12 megap\u00edxeles. Los precios de salida son 859 euros para el iPhone 16 y 959 euros para el iPhone 16 Plus, <strong>100 euros de rebaja.<\/strong><\/p>\n<p>iPhone 16e: el iPhone \u00abbarato\u00bb<\/p>\n<p>                   <img class=\"centro_sinmarco\" height=\"844\" width=\"1500\" loading=\"lazy\" decoding=\"async\"  fetchpriority=\"high\"  src=\"https:\/\/www.europesays.com\/es\/wp-content\/uploads\/2025\/09\/1757506689_658_450_1000.jpeg\" alt=\"Iphone 16e\"\/><\/p>\n<p>        iPhone 16e<\/p>\n<p>Aunque no form\u00f3 parte de la presentaci\u00f3n del 9 de septiembre, el <a class=\"text-outboundlink\" href=\"https:\/\/www.xataka.com\/analisis\/iphone-16e-analisis-caracteristicas-precio-especificaciones\" data-vars-post-title=\"iPhone 16e, an\u00e1lisis: el iPhone calidad-precio ha perdido su calidad-precio\" data-vars-post-url=\"https:\/\/www.xataka.com\/analisis\/iphone-16e-analisis-caracteristicas-precio-especificaciones\" rel=\"nofollow noopener\" target=\"_blank\">iPhone 16e<\/a> sigue vendi\u00e9ndose en la web de Apple por lo que forma parte de la familia. Es el sucesor del <a class=\"text-outboundlink\" href=\"https:\/\/www.xataka.com\/analisis\/iphone-se-2022-analisis-caracteristicas-precio-especificaciones\" data-vars-post-title=\"iPhone SE (2022), an\u00e1lisis: un procesador para lucir en un formato para olvidar\" data-vars-post-url=\"https:\/\/www.xataka.com\/analisis\/iphone-se-2022-analisis-caracteristicas-precio-especificaciones\" rel=\"nofollow noopener\" target=\"_blank\">iPhone SE<\/a> y el primero de su especie que apuesta por un<strong> frontal sin bot\u00f3n donde la pantalla es la protagonista.<\/strong> Eso s\u00ed, aqu\u00ed no hay isla din\u00e1mica sino el notch cl\u00e1sico de anteriores modelos. Hace algunas concesiones como que s\u00f3lo lleva una c\u00e1mara o una pantalla m\u00e1s peque\u00f1a.<\/p>\n<p>Es <strong>el iPhone para quienes buscan el modelo m\u00e1s asequible. <\/strong>Sin embargo, con un precio de<strong> 709 euros<\/strong> para los 128GB, no es precisamente barato, sobre todo si lo comparamos con los anteriores SE cuyo precio rondaba los 530 euros.<\/p>\n<p>Especificaciones de toda la familia iPhone<\/p>\n<tr>\n<p>iphone 17<\/p>\n<p>iphone air<\/p>\n<p>iphone 17 pro<\/p>\n<p>Iphone 17 pro max<\/p>\n<p>iphone 16<\/p>\n<p>iphone 16 plus<\/p>\n<p>iphone 16e<\/p>\n<\/tr>\n<tr>\n<p>pantalla<\/p>\n<td class=\"align-left\">\n<p>6,3 pulgadas\u00a0<\/p>\n<p>2.622 x 1.260, 460ppp\u00a0<\/p>\n<p>Brillo hasta 3.000 nits<\/p>\n<p>ProMotion 120Hz<\/p>\n<p>True Tone, HDR<\/p>\n<p>Isla din\u00e1mica<\/p>\n<\/td>\n<td class=\"align-left\">\n<p>6,5 pulgadas\u00a0<\/p>\n<p>2.736 x 1.260, 460ppp\u00a0<\/p>\n<p>Brillo hasta 3.000 nits<\/p>\n<p>ProMotion 120Hz<\/p>\n<p>True Tone, HDR<\/p>\n<p>Isla din\u00e1mica<\/p>\n<\/td>\n<td class=\"align-left\">\n<p>6,3 pulgadas\u00a0<\/p>\n<p>2.622 x 1.260, 460ppp\u00a0<\/p>\n<p>Brillo hasta 3.000 nits<\/p>\n<p>ProMotion 120Hz<\/p>\n<p>True Tone, HDR<\/p>\n<p>Isla din\u00e1mica<\/p>\n<\/td>\n<td class=\"align-left\">\n<p>6,9 pulgadas\u00a0<\/p>\n<p>2.868 x 1.320, 460ppp\u00a0<\/p>\n<p>Brillo hasta 3.000 nits<\/p>\n<p>ProMotion 120Hz<\/p>\n<p>True Tone, HDR<\/p>\n<p>Isla din\u00e1mica<\/p>\n<\/td>\n<td class=\"align-left\">\n<p>6,1 pulgadas\u00a0<\/p>\n<p>2.556 x 1.179, 460ppp\u00a0<\/p>\n<p>Brillo hasta 2.000 nits<\/p>\n<p>True Tone, HDR<\/p>\n<p>Isla din\u00e1mica<\/p>\n<\/td>\n<td class=\"align-left\">\n<p>6,7 pulgadas\u00a0<\/p>\n<p>2.796 x 1.290, 460ppp\u00a0<\/p>\n<p>Brillo hasta 2.000 nits<\/p>\n<p>True Tone, HDR<\/p>\n<p>Isla din\u00e1mica<\/p>\n<\/td>\n<td class=\"align-left\">\n<p>6,1 pulgadas\u00a0<\/p>\n<p>2.532 x 1.170, 460ppp\u00a0<\/p>\n<p>Brillo hasta 1.200 nits<\/p>\n<p>True Tone<\/p>\n<p>Notch<\/p>\n<\/td>\n<\/tr>\n<tr>\n<p>procesador<\/p>\n<td class=\"align-left\">\n<p>Apple A19<\/p>\n<\/td>\n<td class=\"align-left\">\n<p>Apple A19 Pro<\/p>\n<\/td>\n<td class=\"align-left\">\n<p>Apple A19 Pro<\/p>\n<\/td>\n<td class=\"align-left\">\n<p>Apple A19 Pro<\/p>\n<\/td>\n<td class=\"align-left\">\n<p>Apple A18<\/p>\n<\/td>\n<td class=\"align-left\">\n<p>Apple A18<\/p>\n<\/td>\n<td class=\"align-left\">\n<p>Apple A18<\/p>\n<\/td>\n<\/tr>\n<tr>\n<p>almacenamiento<\/p>\n<td class=\"align-left\">\n<p>256GB<\/p>\n<p>512GB<\/p>\n<\/td>\n<td class=\"align-left\">\n<p>256GB<\/p>\n<p>512GB<\/p>\n<p>1TB<\/p>\n<\/td>\n<td class=\"align-left\">\n<p>256GB<\/p>\n<p>512GB<\/p>\n<p>1TB<\/p>\n<\/td>\n<td class=\"align-left\">\n<p>256GB<\/p>\n<p>512GB<\/p>\n<p>1TB<\/p>\n<p>2 TB<\/p>\n<\/td>\n<td class=\"align-left\">\n<p>128GB<\/p>\n<\/td>\n<td class=\"align-left\">\n<p>128GB<\/p>\n<p>256GB<\/p>\n<\/td>\n<td class=\"align-left\">\n<p>128GB<\/p>\n<p>256GB<\/p>\n<p>512GB<\/p>\n<\/td>\n<\/tr>\n<tr>\n<p>software<\/p>\n<td class=\"align-left\">\n<p>iOS 26<\/p>\n<p>Apple Intelligence<\/p>\n<\/td>\n<td class=\"align-left\">\n<p>iOS 26<\/p>\n<p>Apple Intelligence<\/p>\n<\/td>\n<td class=\"align-left\">\n<p>iOS 26<\/p>\n<p>Apple Intelligence<\/p>\n<\/td>\n<td class=\"align-left\">\n<p>iOS 26<\/p>\n<p>Apple Intelligence<\/p>\n<\/td>\n<td class=\"align-left\">\n<p>iOS 26<\/p>\n<p>Apple Intelligence<\/p>\n<\/td>\n<td class=\"align-left\">\n<p>iOS 26<\/p>\n<p>Apple Intelligence<\/p>\n<\/td>\n<td class=\"align-left\">\n<p>iOS 26<\/p>\n<p>Apple Intelligence<\/p>\n<\/td>\n<\/tr>\n<tr>\n<p>dimensiones y peso<\/p>\n<td class=\"align-left\">\n<p>149,6 x 71,5 x 8 mm<\/p>\n<p>177g<\/p>\n<\/td>\n<td class=\"align-left\">\n<p>156,2 x 74,7 x 5,6 mm<\/p>\n<p>165g<\/p>\n<\/td>\n<td class=\"align-left\">\n<p>150 x 71,9 x 8,8 mm<\/p>\n<p>204g<\/p>\n<\/td>\n<td class=\"align-left\">\n<p>163,4 x 78 x 8,8 mm<\/p>\n<p>231g\u00a0<\/p>\n<\/td>\n<td class=\"align-left\">\n<p>147,6 x 71,6 x 7,8 mm<\/p>\n<p>170g<\/p>\n<\/td>\n<td class=\"align-left\">\n<p>160,9 x 7,78 x 7,8 mm<\/p>\n<p>199g<\/p>\n<\/td>\n<td class=\"align-left\">\n<p>146,7 x 71,5 x 7,8 mm<\/p>\n<p>167<\/p>\n<\/td>\n<\/tr>\n<tr>\n<p>c\u00e1maras traseras<\/p>\n<td class=\"align-left\">\n<p>Principal: 48MP<\/p>\n<p>Ultra angular: 48MP<\/p>\n<\/td>\n<td class=\"align-left\">\n<p>48MP<\/p>\n<\/td>\n<td class=\"align-left\">\n<p>Principal: 48MP<\/p>\n<p>Ultra angular: 48MP<\/p>\n<p>Teleobjetivo: 48MP<\/p>\n<\/td>\n<td class=\"align-left\">\n<p>Principal: 48MP<\/p>\n<p>Ultra angular: 48MP<\/p>\n<p>Teleobjetivo: 48MP<\/p>\n<\/td>\n<td class=\"align-left\">\n<p>Principal: 48MP<\/p>\n<p>Ultra angular: 12MP<\/p>\n<\/td>\n<td class=\"align-left\">\n<p>Principal: 48MP<\/p>\n<p>Ultra angular: 12MP<\/p>\n<\/td>\n<td class=\"align-left\">\n<p>48MP<\/p>\n<\/td>\n<\/tr>\n<tr>\n<p>c\u00e1mara frontal<\/p>\n<td class=\"align-left\">\n<p>18MP con Center Stage<\/p>\n<\/td>\n<td class=\"align-left\">\n<p>18MP con Center Stage<\/p>\n<\/td>\n<td class=\"align-left\">\n<p>18MP con Center Stage<\/p>\n<\/td>\n<td class=\"align-left\">\n<p>18MP con Center Stage<\/p>\n<\/td>\n<td class=\"align-left\">\n<p>12MP TrueDepth<\/p>\n<\/td>\n<td class=\"align-left\">\n<p>12MP TrueDepth<\/p>\n<\/td>\n<td class=\"align-left\">\n<p>12MP TrueDepth<\/p>\n<\/td>\n<\/tr>\n<tr>\n<p>conectividad<\/p>\n<td class=\"align-left\">\n<p>USB-C<\/p>\n<p>SIM f\u00edsica + eSIM<\/p>\n<p>WiFi 7, Bluetooth 6<\/p>\n<\/td>\n<td class=\"align-left\">\n<p>USB-C<\/p>\n<p>eSIM<\/p>\n<p>WiFi 7, Bluetooth 6<\/p>\n<\/td>\n<td class=\"align-left\">\n<p>USB-C<\/p>\n<p>SIM f\u00edsica + eSIM<\/p>\n<p>WiFi 7, Bluetooth 6<\/p>\n<\/td>\n<td class=\"align-left\">\n<p>USB-C<\/p>\n<p>SIM f\u00edsica + eSIM<\/p>\n<p>WiFi 7, Bluetooth 6<\/p>\n<\/td>\n<td class=\"align-left\">\n<p>USB-C<\/p>\n<p>SIM f\u00edsica + eSIM<\/p>\n<p>WiFi 7, Bluetooth 5.3<\/p>\n<\/td>\n<td class=\"align-left\">\n<p>USB-C<\/p>\n<p>SIM f\u00edsica + eSIM<\/p>\n<p>WiFi 7, Bluetooth 5.3<\/p>\n<\/td>\n<td class=\"align-left\">\n<p>USB-C<\/p>\n<p>SIM f\u00edsica + eSIM<\/p>\n<p>WiFi 6, Bluetooth 5.3<\/p>\n<\/td>\n<\/tr>\n<tr>\n<p>bater\u00eda<\/p>\n<td class=\"align-left\">\n<p>Hasta 30 horas de reproducci\u00f3n de v\u00eddeo<\/p>\n<p>Carga inal\u00e1mbrica Qi y Magsafe<\/p>\n<p>Carga r\u00e1pida hasta 40W\u00a0<\/p>\n<\/td>\n<td class=\"align-left\">\n<p>Hasta 27 horas de reproducci\u00f3n de v\u00eddeo<\/p>\n<p>Carga inal\u00e1mbrica Qi y Magsafe<\/p>\n<p>Carga r\u00e1pida hasta 30W<\/p>\n<\/td>\n<td class=\"align-left\">\n<p>Hasta 31 horas de reproducci\u00f3n de v\u00eddeo<\/p>\n<p>Carga inal\u00e1mbrica Qi y Magsafe<\/p>\n<p>Carga r\u00e1pida hasta 40W\u00a0<\/p>\n<\/td>\n<td class=\"align-left\">\n<p>Hasta 37 horas de reproducci\u00f3n de v\u00eddeo<\/p>\n<p>Carga inal\u00e1mbrica Qi y Magsafe<\/p>\n<p>Carga r\u00e1pida hasta 40W<\/p>\n<\/td>\n<td class=\"align-left\">\n<p>Hasta 22 horas de reproducci\u00f3n de v\u00eddeo<\/p>\n<p>Carga inal\u00e1mbrica Qi y Magsafe<\/p>\n<p>Carga r\u00e1pida hasta 30W<\/p>\n<\/td>\n<td class=\"align-left\">\n<p>Hasta 27 horas de reproducci\u00f3n de v\u00eddeo<\/p>\n<p>Carga inal\u00e1mbrica Qi y Magsafe<\/p>\n<p>Carga r\u00e1pida hasta 30W<\/p>\n<\/td>\n<td class=\"align-left\">\n<p>Hasta 26 horas de reproducci\u00f3n de v\u00eddeo<\/p>\n<p>Carga inal\u00e1mbrica Qi<\/p>\n<p>Carga r\u00e1pida hasta 30W\u00a0<\/p>\n<\/td>\n<\/tr>\n<tr>\n<p>otros<\/p>\n<td class=\"align-left\">\n<p>Resistencia IP68<\/p>\n<p>Ceramic Shield 2<\/p>\n<p>Estructura de aluminio<\/p>\n<p>FaceID<\/p>\n<\/td>\n<td class=\"align-left\">\n<p>Resistencia IP68<\/p>\n<p>Ceramic Shield 2<\/p>\n<p>Estructura de titanio<\/p>\n<p>FaceID<\/p>\n<\/td>\n<td class=\"align-left\">\n<p>Resistencia IP68<\/p>\n<p>Ceramic Shield 2<\/p>\n<p>Estructura de aluminio unibody<\/p>\n<p>FaceID<\/p>\n<\/td>\n<td class=\"align-left\">\n<p>Resistencia IP68<\/p>\n<p>Ceramic Shield 2<\/p>\n<p>Estructura de aluminio unibody<\/p>\n<p>FaceID<\/p>\n<\/td>\n<td class=\"align-left\">\n<p>Resistencia IP68<\/p>\n<p>Ceramic Shield\u00a0<\/p>\n<p>Estructura de aluminio<\/p>\n<p>FaceID<\/p>\n<\/td>\n<td class=\"align-left\">\n<p>Resistencia IP68<\/p>\n<p>Ceramic Shield\u00a0<\/p>\n<p>Estructura de aluminio<\/p>\n<p>FaceID<\/p>\n<\/td>\n<td class=\"align-left\">\n<p>Resistencia IP68<\/p>\n<p>Ceramic Shield\u00a0<\/p>\n<p>Estructura de aluminio<\/p>\n<p>FaceID<\/p>\n<\/td>\n<\/tr>\n<tr>\n<p>precio<\/p>\n<td class=\"align-left\">\n<p>256GB: 959 euros<\/p>\n<p>512GB: 1.209 euros<\/p>\n<\/td>\n<td class=\"align-left\">\n<p>256GB: 1.219 euros<\/p>\n<p>512GB: 1.469 euros<\/p>\n<p>1TB: 1.719 euros<\/p>\n<\/td>\n<td class=\"align-left\">\n<p>256GB: 1.319 euros<\/p>\n<p>512GB: 1.569 euros<\/p>\n<p>1TB: 1.819 euros<\/p>\n<\/td>\n<td class=\"align-left\">\n<p>256GB: 1.469 euros<\/p>\n<p>512GB: 1.719 euros<\/p>\n<p>1TB: 1.969 euros<\/p>\n<p>2TB: 2.469 euros<\/p>\n<\/td>\n<td class=\"align-left\">\n<p>128GB: 859 euros<\/p>\n<\/td>\n<td class=\"align-left\">\n<p>128GB: 959 euros<\/p>\n<p>256GB: 1.089 euros<\/p>\n<\/td>\n<td class=\"align-left\">\n<p>128GB: 709 euros<\/p>\n<p>256GB: 839 euros<\/p>\n<p>512GB: 1.089 euros<\/p>\n<\/td>\n<\/tr>\n<p>Im\u00e1genes | Apple<\/p>\n<p>En Xataka | <a class=\"text-outboundlink\" href=\"https:\/\/www.xataka.com\/eventos\/iphone-air-iphone-17-17-pro-apple-watch-series-11-airpods-pro-3-todas-novedades-keynote-apple\" data-vars-post-title=\"iPhone Air, iPhone 17 y 17 Pro, Apple Watch Series 11, AirPods Pro 3 y todas las novedades de la Keynote de Apple\" data-vars-post-url=\"https:\/\/www.xataka.com\/eventos\/iphone-air-iphone-17-17-pro-apple-watch-series-11-airpods-pro-3-todas-novedades-keynote-apple\" rel=\"nofollow noopener\" target=\"_blank\">iPhone Air, iPhone 17 y 17 Pro, Apple Watch Series 11, AirPods Pro 3 y todas las novedades de la Keynote de Apple<\/a><\/p>\n","protected":false},"excerpt":{"rendered":"Apple ha presentado nuevos iPhone, cuatro para ser exactos: iPhone 17, iPhone Air, iPhone 17 Pro y Pro&hellip;\n","protected":false},"author":2,"featured_media":105474,"comment_status":"","ping_status":"","sticky":false,"template":"","format":"standard","meta":{"footnotes":""},"categories":[81],"tags":[119,123,124,25,24,117,121,122,23,118,120],"class_list":{"0":"post-105473","1":"post","2":"type-post","3":"status-publish","4":"format-standard","5":"has-post-thumbnail","7":"category-ciencia-y-tecnologia","8":"tag-ciencia","9":"tag-ciencia-y-tecnologia","10":"tag-cienciaytecnologia","11":"tag-es","12":"tag-espana","13":"tag-science","14":"tag-science-and-technology","15":"tag-scienceandtechnology","16":"tag-spain","17":"tag-technology","18":"tag-tecnologia"},"share_on_mastodon":{"url":"","error":""},"_links":{"self":[{"href":"https:\/\/www.europesays.com\/es\/wp-json\/wp\/v2\/posts\/105473","targetHints":{"allow":["GET"]}}],"collection":[{"href":"https:\/\/www.europesays.com\/es\/wp-json\/wp\/v2\/posts"}],"about":[{"href":"https:\/\/www.europesays.com\/es\/wp-json\/wp\/v2\/types\/post"}],"author":[{"embeddable":true,"href":"https:\/\/www.europesays.com\/es\/wp-json\/wp\/v2\/users\/2"}],"replies":[{"embeddable":true,"href":"https:\/\/www.europesays.com\/es\/wp-json\/wp\/v2\/comments?post=105473"}],"version-history":[{"count":0,"href":"https:\/\/www.europesays.com\/es\/wp-json\/wp\/v2\/posts\/105473\/revisions"}],"wp:featuredmedia":[{"embeddable":true,"href":"https:\/\/www.europesays.com\/es\/wp-json\/wp\/v2\/media\/105474"}],"wp:attachment":[{"href":"https:\/\/www.europesays.com\/es\/wp-json\/wp\/v2\/media?parent=105473"}],"wp:term":[{"taxonomy":"category","embeddable":true,"href":"https:\/\/www.europesays.com\/es\/wp-json\/wp\/v2\/categories?post=105473"},{"taxonomy":"post_tag","embeddable":true,"href":"https:\/\/www.europesays.com\/es\/wp-json\/wp\/v2\/tags?post=105473"}],"curies":[{"name":"wp","href":"https:\/\/api.w.org\/{rel}","templated":true}]}}