{"id":105498,"date":"2025-09-10T12:33:23","date_gmt":"2025-09-10T12:33:23","guid":{"rendered":"https:\/\/www.europesays.com\/es\/105498\/"},"modified":"2025-09-10T12:33:23","modified_gmt":"2025-09-10T12:33:23","slug":"ocupa-espacio-y-no-siempre-resulta-comodo","status":"publish","type":"post","link":"https:\/\/www.europesays.com\/es\/105498\/","title":{"rendered":"ocupa espacio y no siempre resulta c\u00f3modo\u00bb"},"content":{"rendered":"<p>Aunque <a href=\"https:\/\/www.elmueble.com\/decoracion\/salones-encanto-verano-12-ideas-sello-mueble-que-arrasan-agosto_61256\" rel=\"nofollow noopener\" target=\"_blank\">el sal\u00f3n de nuestros hogares<\/a> es la zona con m\u00e1s posibilidades creativas, no podemos amueblarlo con todas las piezas que quisi\u00e9ramos.<strong> Saber decir adi\u00f3s a ciertos elementos y priorizar otros es se\u00f1al de sabidur\u00eda y buen gusto<\/strong>. M\u00e1s a\u00fan si hablamos de salas peque\u00f1as o salones en planta irregular. En estos casos, debemos tener mucho cuidado con no recargar el lugar ni generar ruido visual a trav\u00e9s de colores estridentes, muebles sobrantes o demasiados accesorios. Para saber qu\u00e9 elegir y qu\u00e9 no, conversamos con la<strong> estilista y decoradora de interiores Irene Rivero<\/strong>, fundadora del estudio <a href=\"https:\/\/sirabarcelona.com\/\" rel=\"nofollow noopener\" target=\"_blank\">Sira Barcelona<\/a>\u00a0(@<a href=\"https:\/\/www.instagram.com\/sirabarcelona\/?hl=es\" rel=\"nofollow noopener\" target=\"_blank\">sirabarcelona<\/a>). Descubre la opini\u00f3n de una experta en dise\u00f1ar espacios elegantes y equilibrados.\u00a0\u00a0<\/p>\n<p>&#13;<img decoding=\"async\" src=\"https:\/\/www.europesays.com\/es\/wp-content\/uploads\/2025\/09\/salon-con-chimenea-y-estantes-00538420_e246611b_250829125723_600x600.webp.webp\" alt=\"salon con chimenea y estantes 00538420\" class=\"image lazyload\"\/><\/p>\n<p class=\"epigraph\">\u00bfLo sab\u00edas?<\/p>\n<p><a href=\"https:\/\/www.elmueble.com\/decoracion\/jordan-samson-interiorista-colocar-todos-tus-muebles-pegados-pared-puede-parecer-que-hace-tu-salon-mas-grande-pero-dificulta-conversacion-flujo-espacio_61516\" rel=\"nofollow noopener\" target=\"_blank\">Jordan Samson, interiorista: \u00abColocar todos tus muebles pegados a la pared puede parecer que hace tu sal\u00f3n m\u00e1s grande, pero dificulta la conversaci\u00f3n o el flujo del espacio\u00bb<\/a><br \/>\nAdi\u00f3s al cl\u00e1sico chaise longue\u00a0<img loading=\"lazy\" decoding=\"async\" src=\"https:\/\/content.elmueble.com\/medio\/2025\/09\/01\/sofa_dc668e93_270523Merce\u0300GostPhoto3894pd_250901220710_1000x1321.webp\" alt=\"sof\u00e1\" class=\"lazyload\" width=\"1000\" height=\"1321\" data-aspectratio=\"1000\/1321\"\/><\/p>\n<p>Sal\u00f3n con mesitas de centro modernas.<\/p>\n<p>&#13;Merc\u00e8 Gost | Proyecto de Sira Barcelona<\/p>\n<p>A pesar de su fama y su elegante nombre, <a href=\"https:\/\/www.elmueble.com\/decoracion\/sofa-chaise-longue-o-rinconera-expertos-te-dan-claves-para-elegir-bien_55076\" rel=\"nofollow noopener\" target=\"_blank\">el chaise longue<\/a> es uno de los candidatos en esta selecci\u00f3n de elementos innecesarios. \u00ab<strong>Uno de los muebles innecesarios que a veces se sigue comprando es el chaise longue. <\/strong>No suelen ser los m\u00e1s c\u00f3modos y saturan el espacio. <strong>Es mejor comprar un sof\u00e1 normal y acompa\u00f1arlo de alguna butaca auxiliar y pufs estables para sentarse<\/strong>. De esta manera, en el d\u00eda a d\u00eda todo se ve m\u00e1s despejado y cuando tenemos invitados se genera un espacio ideal para la comunicaci\u00f3n\u00bb, afirma Irene.\u00a0<\/p>\n<p>Mesitas de centro: cuida la proporci\u00f3n<\/p>\n<p>Otro mueble que muchas veces es innecesario en un sal\u00f3n son <a href=\"https:\/\/www.elmueble.com\/buenas-compras\/26-ideas-compras-para-tener-mesa-centro-como-mueble_44542\" rel=\"nofollow noopener\" target=\"_blank\">las mesas de centro<\/a> excesivamente grandes\u00bb, nos dice Irene. \u00ab<strong>Hay que mirar bien su proporci\u00f3n en el ambiente. A veces, es mejor colocar un par de mesas nido<\/strong> o, como hacemos en Sira Barcelona, poner dos pufs con doble funci\u00f3n: por un lado, para usarlos como mesa de centro o bien para el relax en el d\u00eda a d\u00eda\u00bb, aconseja la experta.\u00a0<\/p>\n<p>Volumen: lo justo y necesario\u00a0<img loading=\"lazy\" decoding=\"async\" src=\"https:\/\/content.elmueble.com\/medio\/2025\/09\/01\/salon-elegante-en-blanco_3d8bf7be_091123Merce\u0300GostPhoto0780pj_250901220504_1000x714.webp\" alt=\"Sal\u00f3n elegante en blanco\" class=\"lazyload\" width=\"1000\" height=\"714\" data-aspectratio=\"1000\/714\"\/><\/p>\n<p>Prefiere sof\u00e1s modulares en lugar de un chaise longue.<\/p>\n<p>&#13;Merc\u00e9 Gost | Proyecto de Sira Barcelona<\/p>\n<p>\u00ab<strong>Tambi\u00e9n hay que prestar atenci\u00f3n a los muebles reclinables que sean muy voluminosos. Son c\u00f3modos para las personas, pero roban demasiado espacio y hacen dif\u00edcil la distribuci\u00f3n<\/strong>\u00ab, advierte Irene. \u00abEn el mercado existen alternativas de butacas c\u00f3modas. Lo mismo ocurre con los sof\u00e1s que no precisan dicho volumen. No son reclinables, pero no nos obligan a renunciar al confort\u00bb, se\u00f1ala.\u00a0<\/p>\n<p>En la zona de ocio que es el espacio destinado a la TV, sucede algo similar. \u00abHar\u00eda una <a href=\"https:\/\/www.elmueble.com\/decoracion\/asi-tiene-que-ser-tu-mueble-televisor-segun-decoracion-y-distribucion-salon_47504\" rel=\"nofollow noopener\" target=\"_blank\">menci\u00f3n especial al mueble de la TV<\/a>\u00ab, afirma la interiorista. \u00ab<strong>Hay que ver el conjunto del sal\u00f3n para valorar si es mejor colocar una pieza exenta o dise\u00f1arlo a medida<\/strong>. <strong>Muchas veces, el mercado nos ofrece muebles muy voluminosos que invaden todo el ambiente y su dise\u00f1o no genera armon\u00eda.<\/strong> Vale la pena pensarlo bien, ya que la zona TV suele ser el punto focal y de reuni\u00f3n del sal\u00f3n\u00bb, indica la experta.\u00a0<\/p>\n<p>&#13;<img decoding=\"async\" src=\"https:\/\/www.europesays.com\/es\/wp-content\/uploads\/2025\/09\/dormitorio-gris_d2a81961_00577758_250829104754_600x600.webp.webp\" alt=\"dormitorio gris\" class=\"image lazyload\"\/><\/p>\n<p class=\"epigraph\">LO QUE SOBRA<\/p>\n<p><a href=\"https:\/\/www.elmueble.com\/decoracion\/mar-gausachs-estilista-muebles-innecesarios-dormitorio-son-que-estan-adorno-no-cumplen-funcion-real_61543\" rel=\"nofollow noopener\" target=\"_blank\">Mar Gausachs, estilista: \u00abLos muebles innecesarios del dormitorio son los que est\u00e1n \u00abde adorno\u00bb y no cumplen una funci\u00f3n real\u00bb<\/a><\/p>\n<p class=\"author-title\">Mar Gausachs, Graciela Olave Ramos<\/p>\n<p> La importancia de dejar que el sal\u00f3n respire<img loading=\"lazy\" decoding=\"async\" src=\"https:\/\/www.europesays.com\/es\/wp-content\/uploads\/2025\/09\/viladecans-07_9b623a8c_250901220734_1000x1406.webp.webp\" alt=\"Viladecans 07\" class=\"lazyload\" width=\"1000\" height=\"1406\" data-aspectratio=\"1000\/1406\"\/><\/p>\n<p>Comedor con l\u00e1mpara y sillas tejidas.<\/p>\n<p>&#13;Proyecto de Sira Barcelona<\/p>\n<p><strong>\u00abA veces, en el estudio nos encontramos con salones con consolas que van de corrido desde el recibidor al sal\u00f3n por el miedo de los clientes a dejar los espacios libres<\/strong>\u00ab, dice Irene. \u00abEs mejor no sobrecargar y delimitar con un buen mueble de TV de una zona de la otra\u00bb, recomienda.\u00a0<\/p>\n<p>La elecci\u00f3n de las l\u00e1mparas tambi\u00e9n puede marcar la diferencia entre una sala equilibrada y una mal iluminada.\u00a0<strong>\u00abOtro error frecuente en la <a href=\"https:\/\/www.elmueble.com\/estancias\/salones\/tips-para-un-salon-a-medida_5886\" rel=\"nofollow noopener\" target=\"_blank\">distribuci\u00f3n de mobiliario del sal\u00f3n<\/a> es la proporci\u00f3n de las l\u00e1mparas\u00bb<\/strong>, afirma la experta. \u00abEn nuestras visitas del d\u00eda a d\u00eda, vemos por ejemplo, l\u00e1mparas de sobremesa o de suelo que no tienen un tama\u00f1o correcto y no est\u00e1n bien colocadas. Con lo cual, al <strong>mirar el espacio con perspectiva<\/strong>, no Iluminan bien la escena de los ambientes\u00bb, indica.\u00a0<\/p>\n<p>Ahora bien, no todo se trata de muebles grandes, algunas piezas peque\u00f1as tambi\u00e9n sobran. \u00ab<strong>Hay muebles peque\u00f1os que son innecesarios como el mueble bar exento<\/strong>. Mejor integrarlo en el propio mueble de TV o colocar las botellas en el buffet\u00bb, dice Irene.\u00a0<\/p>\n<p>&#13;<img decoding=\"async\" src=\"https:\/\/www.europesays.com\/es\/wp-content\/uploads\/2025\/08\/00500659-0ad88dfd-1511x2000_00000000_75bae083_250805125401_600x600.webp.webp\" alt=\"00500659 0ad88dfd 1511x2000\" class=\"image lazyload\"\/><\/p>\n<p class=\"epigraph\">Grandes ideas<\/p>\n<p><a href=\"https:\/\/www.elmueble.com\/decoracion\/xavi-martinell-arquitecto-salones-pequenos-es-fundamental-permitir-maxima-entrada-luz-natural-por-eso-recomiendo-usar-cortinas-telas-finas-colores-claros_60771\" rel=\"nofollow noopener\" target=\"_blank\">Xavi Martinell, arquitecto: \u00abEn los salones peque\u00f1os es fundamental permitir la m\u00e1xima entrada de luz natural. Por eso recomiendo usar cortinas de telas finas y colores claros\u00bb<\/a><br \/>\nLa visi\u00f3n de una experta para un sal\u00f3n equilibrado<img loading=\"lazy\" decoding=\"async\" src=\"https:\/\/content.elmueble.com\/medio\/2025\/09\/01\/comedor_33994e80_270523Merce\u0300GostPhoto3881p_250901221619_1000x1084.webp\" alt=\"comedor\" class=\"lazyload\" width=\"1000\" height=\"1084\" data-aspectratio=\"1000\/1084\"\/><\/p>\n<p>Un sal\u00f3n comedor bien distribuido crea una atm\u00f3sfera serena.<\/p>\n<p>&#13;Merc\u00e8 Gost | Proyecto de Sira Barcelona<\/p>\n<p>\u00abPara que un sal\u00f3n sea funcional sin verse sobrecargado, lo importante es <strong>comprar piezas proporcionales al espacio<\/strong>, ya sea sof\u00e1, mesa de centro, mueble TV o mesa de comedor\u00bb, recomienda Irene. Tambi\u00e9n nos anima a <strong>\u00abjugar con una paleta suave de tonos y que concuerden entre s\u00ed<\/strong>\u00ab, de manera que \u00abel ambiente se vea amplio y relajado\u00bb.<\/p>\n<p>Como toda experta, la interiorista guarda un truco bajo la manga: <strong>\u00abPara la zona de sof\u00e1 en Sira Barcelona siempre hablamos del \u00abjuego de 6\u00bb, que ser\u00eda sof\u00e1, cuadros, alfombra que nos delimita esa parte, cojines, mesa de centro y una l\u00e1mpara de pie bonita. <\/strong>Todos estos elementos han de estar\u00bb, aconseja.<\/p>\n<p><img loading=\"lazy\" decoding=\"async\" src=\"https:\/\/www.europesays.com\/es\/wp-content\/uploads\/2025\/09\/091123mercegostphoto0799pb_3a0db692_250901220803_1000x1413.webp.webp\" alt=\"091123Merce\u0300GostPhoto0799pb\" class=\"lazyload\" width=\"1000\" height=\"1413\" data-aspectratio=\"1000\/1413\"\/><\/p>\n<p>Elegante comedor con sillas tapizadas.<\/p>\n<p>&#13;Merc\u00e9 Gost | Proyecto de Sira Barcelona<\/p>\n<p>\u00ab<strong>Para la zona del comedor, no somos muy amantes de las mesas extensibles.<\/strong> Aunque si los clientes insisten, las colocamos. Le otorgamos mucha importancia a las sillas, visten mucho. Cuida que no queden \u00abenterradas\u00bb en la mesa, error s\u00faper frecuente en las viviendas\u00bb, advierte Irene. Finalmente, aconseja adornar con \u00abuna l\u00e1mpara o o dos grandes y con solera para rematar esa zona\u00bb.\u00a0<\/p>\n<p>Por \u00faltimo, la experta nos anima a planificar y pensar muy bien la decoraci\u00f3n del sal\u00f3n. <strong>\u00abEnfrentarnos a la decoraci\u00f3n del sal\u00f3n muchas veces se hace tarea complicada y compramos por inercia y fases\u00bb,<\/strong> reflexiona. \u00ab<strong>Es muy importante tener clara la hoja de ruta de todo lo que vamos a necesitar y no ir improvisando para no cometer errores.<\/strong> Luego, las compras las puedes hacer de corrido o no, pero ya tendr\u00e1s en tu mente el conjunto global y la atm\u00f3sfera de tu proyecto\u00bb, afirma.\u00a0<\/p>\n<p>Si quieres estar al d\u00eda de todo lo que publicamos en www.elmueble.com,\u00a0<a href=\"https:\/\/www.elmueble.com\/newsletters\" rel=\"nofollow noopener\" target=\"_blank\">suscr\u00edbete a nuestra newsletter.<\/a><\/p>\n<p><script async src=\"\/\/www.instagram.com\/embed.js\"><\/script><\/p>\n","protected":false},"excerpt":{"rendered":"Aunque el sal\u00f3n de nuestros hogares es la zona con m\u00e1s posibilidades creativas, no podemos amueblarlo con todas&hellip;\n","protected":false},"author":2,"featured_media":105499,"comment_status":"","ping_status":"","sticky":false,"template":"","format":"standard","meta":{"footnotes":""},"categories":[173],"tags":[229,233,231,230,232,234,146,147,25,24,23],"class_list":{"0":"post-105498","1":"post","2":"type-post","3":"status-publish","4":"format-standard","5":"has-post-thumbnail","7":"category-arte-y-diseno","8":"tag-arte","9":"tag-arte-y-diseno","10":"tag-arts","11":"tag-arts-and-design","12":"tag-design","13":"tag-diseno","14":"tag-entertainment","15":"tag-entretenimiento","16":"tag-es","17":"tag-espana","18":"tag-spain"},"share_on_mastodon":{"url":"","error":""},"_links":{"self":[{"href":"https:\/\/www.europesays.com\/es\/wp-json\/wp\/v2\/posts\/105498","targetHints":{"allow":["GET"]}}],"collection":[{"href":"https:\/\/www.europesays.com\/es\/wp-json\/wp\/v2\/posts"}],"about":[{"href":"https:\/\/www.europesays.com\/es\/wp-json\/wp\/v2\/types\/post"}],"author":[{"embeddable":true,"href":"https:\/\/www.europesays.com\/es\/wp-json\/wp\/v2\/users\/2"}],"replies":[{"embeddable":true,"href":"https:\/\/www.europesays.com\/es\/wp-json\/wp\/v2\/comments?post=105498"}],"version-history":[{"count":0,"href":"https:\/\/www.europesays.com\/es\/wp-json\/wp\/v2\/posts\/105498\/revisions"}],"wp:featuredmedia":[{"embeddable":true,"href":"https:\/\/www.europesays.com\/es\/wp-json\/wp\/v2\/media\/105499"}],"wp:attachment":[{"href":"https:\/\/www.europesays.com\/es\/wp-json\/wp\/v2\/media?parent=105498"}],"wp:term":[{"taxonomy":"category","embeddable":true,"href":"https:\/\/www.europesays.com\/es\/wp-json\/wp\/v2\/categories?post=105498"},{"taxonomy":"post_tag","embeddable":true,"href":"https:\/\/www.europesays.com\/es\/wp-json\/wp\/v2\/tags?post=105498"}],"curies":[{"name":"wp","href":"https:\/\/api.w.org\/{rel}","templated":true}]}}