{"id":105512,"date":"2025-09-10T12:42:15","date_gmt":"2025-09-10T12:42:15","guid":{"rendered":"https:\/\/www.europesays.com\/es\/105512\/"},"modified":"2025-09-10T12:42:15","modified_gmt":"2025-09-10T12:42:15","slug":"prosegur-alarms-nombra-ceo-a-jaime-ron-lider-en-informacion-social","status":"publish","type":"post","link":"https:\/\/www.europesays.com\/es\/105512\/","title":{"rendered":"Prosegur Alarms nombra CEO a Jaime Ron | L\u00edder en Informaci\u00f3n Social"},"content":{"rendered":"<p>\n      Prosegur ha nombrado a Jaime Ron nuevo CEO de su filial Prosegur Alarms, seg\u00fan inform\u00f3 este mi\u00e9rcoles la compa\u00f1ia de seguridad.\n    <\/p>\n<p>Con esta designaci\u00f3n, la compa\u00f1\u00eda asegura en un comunicado que pretende reforzar su estrategia para acelerar el crecimiento de Prosegur Alarms en los ocho pa\u00edses en los que opera: Argentina, Colombia, Chile, Paraguay, Per\u00fa, Portugal, Sud\u00e1frica y Uruguay.<\/p>\n<p>Tambi\u00e9n busca con esta designaci\u00f3n impulsar la utilizaci\u00f3n de la tecnolog\u00eda de vanguardia y explorar nuevas oportunidades de comercializaci\u00f3n, v\u00eda acuerdos con terceros, como pilares de ese desarrollo de cara a acompa\u00f1ar a las fortalecidas capacidades comerciales propias.<\/p>\n<p>Ron ocupar\u00e1 el puesto de presidente no ejecutivo en el seno del Consejo de Movistar Prosegur Alarmas, la &#8216;joint venture&#8217; conformada al 50% entre Prosegur y Telef\u00f3nica para el desarrollo de su negocio conjunto de alarmas en Espa\u00f1a.<\/p>\n<p>Jaime Ron es licenciado en Administraci\u00f3n de Empresas por la Universidad Aut\u00f3noma de Madrid y MBA en la London Business School. Se incorpor\u00f3 a Prosegur en 2017, donde ha desarrollado una trayectoria de casi una d\u00e9cada, ocupando distintos puestos de alta responsabilidad.<\/p>\n<p>Innovaci\u00f3n y crecimiento en el sector de las alarmas<\/p>\n<p>Durante el primer semestre de este a\u00f1o, tanto Prosegur Alarms como Movistar Prosegur Alarmas han fortalecido su base de clientes y mejorado indicadores clave de rentabilidad y generaci\u00f3n de caja, consolidando sus posiciones empresariales en sus respectivos mercados.<\/p>\n","protected":false},"excerpt":{"rendered":"Prosegur ha nombrado a Jaime Ron nuevo CEO de su filial Prosegur Alarms, seg\u00fan inform\u00f3 este mi\u00e9rcoles la&hellip;\n","protected":false},"author":2,"featured_media":103142,"comment_status":"","ping_status":"","sticky":false,"template":"","format":"standard","meta":{"footnotes":""},"categories":[80],"tags":[82,95,94,25,24,8368,23],"class_list":{"0":"post-105512","1":"post","2":"type-post","3":"status-publish","4":"format-standard","5":"has-post-thumbnail","7":"category-economia","8":"tag-business","9":"tag-economia","10":"tag-economy","11":"tag-es","12":"tag-espana","13":"tag-prosegur","14":"tag-spain"},"share_on_mastodon":{"url":"","error":""},"_links":{"self":[{"href":"https:\/\/www.europesays.com\/es\/wp-json\/wp\/v2\/posts\/105512","targetHints":{"allow":["GET"]}}],"collection":[{"href":"https:\/\/www.europesays.com\/es\/wp-json\/wp\/v2\/posts"}],"about":[{"href":"https:\/\/www.europesays.com\/es\/wp-json\/wp\/v2\/types\/post"}],"author":[{"embeddable":true,"href":"https:\/\/www.europesays.com\/es\/wp-json\/wp\/v2\/users\/2"}],"replies":[{"embeddable":true,"href":"https:\/\/www.europesays.com\/es\/wp-json\/wp\/v2\/comments?post=105512"}],"version-history":[{"count":0,"href":"https:\/\/www.europesays.com\/es\/wp-json\/wp\/v2\/posts\/105512\/revisions"}],"wp:featuredmedia":[{"embeddable":true,"href":"https:\/\/www.europesays.com\/es\/wp-json\/wp\/v2\/media\/103142"}],"wp:attachment":[{"href":"https:\/\/www.europesays.com\/es\/wp-json\/wp\/v2\/media?parent=105512"}],"wp:term":[{"taxonomy":"category","embeddable":true,"href":"https:\/\/www.europesays.com\/es\/wp-json\/wp\/v2\/categories?post=105512"},{"taxonomy":"post_tag","embeddable":true,"href":"https:\/\/www.europesays.com\/es\/wp-json\/wp\/v2\/tags?post=105512"}],"curies":[{"name":"wp","href":"https:\/\/api.w.org\/{rel}","templated":true}]}}