{"id":105515,"date":"2025-09-10T12:44:11","date_gmt":"2025-09-10T12:44:11","guid":{"rendered":"https:\/\/www.europesays.com\/es\/105515\/"},"modified":"2025-09-10T12:44:11","modified_gmt":"2025-09-10T12:44:11","slug":"indignacion-generalizada-por-las-palabras-de-nacho-cano-sobre-la-situacion-de-espana-en-el-hormiguero","status":"publish","type":"post","link":"https:\/\/www.europesays.com\/es\/105515\/","title":{"rendered":"Indignaci\u00f3n generalizada por las palabras de Nacho Cano sobre la situaci\u00f3n de Espa\u00f1a en &#8216;El Hormiguero&#8217;"},"content":{"rendered":"<p>\u00a1Jo, qu\u00e9 noche! As\u00ed tradujeron en Espa\u00f1a la aclamada pel\u00edcula de Martin Scorsese After Hours y sirve a la perfecci\u00f3n para definir lo que pas\u00f3 en las televisiones espa\u00f1olas en la noche del martes.\u00a0<\/p>\n<p><a href=\"https:\/\/www.huffingtonpost.es\/virales\/marilo-montero-le-dice-broncano-decir-respuesta-esculpirla-piedra.html\" target=\"_blank\" rel=\"nofollow noopener\">Por un lado, Maril\u00f3 Montero se enzarz\u00f3 con David Broncano a cuenta de la ideolog\u00eda de TVE, supuestamente controlada por el sanchismo, y por otro, en El Hormiguero<\/a>, Nacho Cano criticaba al Gobierno y dec\u00eda que la \u00fanica soluci\u00f3n para salir de esta situaci\u00f3n es la Guardia Civil.\u00a0<\/p>\n<p>\u00abMe importa que todos sep\u00e1is que estamos jodidos. <b>Esta es la cartilla de la Guardia Civil del Duque de Ahumada en 1845,<\/b> es un c\u00f3digo de honor que se lo recomiendo a todo el mundo que lo lea. Creo firmemente que los \u00fanicos que nos pueden sacar de esta ruina son esta gente y perdona, no s\u00e9 si he sido demasiado&#8230;. pero es lo que tengo en el coraz\u00f3n. <b>Estamos un momento muy mal<\/b>\u00ab, dijo Nacho Cano, dejando sin palabras a Pablo Motos.\u00a0<\/p>\n<p>Unas palabras en las que muchos han visto una incitaci\u00f3n <b>\u00aba un golpe de Estado en un programa de m\u00e1xima audiencia\u00bb.\u00a0<\/b><\/p>\n<p>Antes, el cantante y productor musical, amigo personal de Isabel D\u00edaz Ayuso, ha afirmado que en Espa\u00f1a gobierna una banda criminal al hablar del caso de los becarios mexicanos que tuvo en su funci\u00f3n Malinche.\u00a0<\/p>\n<p>Le ha dicho a Pablo Motos que \u00e9l no es \u00abhijo de&#8230;\u00bb y que todo lo ha ganado por s\u00ed mismo: \u00abNo vengo con trampas, todo lo que tengo lo tengo de vender canciones, entradas y porque este p\u00fablico maravilloso que tienes t\u00fa y yo, al cual tengo que agradecer seguir vivo\u00bb.\u00a0<\/p>\n<p>Adem\u00e1s, ha se\u00f1alado que est\u00e1 en la tele para que \u00abno le pase a nadie m\u00e1s\u00bb lo mismo que a \u00e9l y <b>\u00abpara que sep\u00e1is como opera esta banda criminal que nos gobierna, que es una banda criminal\u00bb.<\/b>\u00a0<\/p>\n","protected":false},"excerpt":{"rendered":"\u00a1Jo, qu\u00e9 noche! As\u00ed tradujeron en Espa\u00f1a la aclamada pel\u00edcula de Martin Scorsese After Hours y sirve a&hellip;\n","protected":false},"author":2,"featured_media":105516,"comment_status":"","ping_status":"","sticky":false,"template":"","format":"standard","meta":{"footnotes":""},"categories":[8],"tags":[17,18,5813,25,24,13,14,11,19,20,36581,9,10,15,16,23,12,21,22],"class_list":{"0":"post-105515","1":"post","2":"type-post","3":"status-publish","4":"format-standard","5":"has-post-thumbnail","7":"category-espana","8":"tag-breaking-news","9":"tag-breakingnews","10":"tag-el-hormiguero","11":"tag-es","12":"tag-espana","13":"tag-featured-news","14":"tag-featurednews","15":"tag-headlines","16":"tag-latest-news","17":"tag-latestnews","18":"tag-nacho-cano","19":"tag-news","20":"tag-noticias","21":"tag-noticias-destacadas","22":"tag-noticiasdestacadas","23":"tag-spain","24":"tag-titulares","25":"tag-ultimas-noticias","26":"tag-ultimasnoticias"},"share_on_mastodon":{"url":"","error":""},"_links":{"self":[{"href":"https:\/\/www.europesays.com\/es\/wp-json\/wp\/v2\/posts\/105515","targetHints":{"allow":["GET"]}}],"collection":[{"href":"https:\/\/www.europesays.com\/es\/wp-json\/wp\/v2\/posts"}],"about":[{"href":"https:\/\/www.europesays.com\/es\/wp-json\/wp\/v2\/types\/post"}],"author":[{"embeddable":true,"href":"https:\/\/www.europesays.com\/es\/wp-json\/wp\/v2\/users\/2"}],"replies":[{"embeddable":true,"href":"https:\/\/www.europesays.com\/es\/wp-json\/wp\/v2\/comments?post=105515"}],"version-history":[{"count":0,"href":"https:\/\/www.europesays.com\/es\/wp-json\/wp\/v2\/posts\/105515\/revisions"}],"wp:featuredmedia":[{"embeddable":true,"href":"https:\/\/www.europesays.com\/es\/wp-json\/wp\/v2\/media\/105516"}],"wp:attachment":[{"href":"https:\/\/www.europesays.com\/es\/wp-json\/wp\/v2\/media?parent=105515"}],"wp:term":[{"taxonomy":"category","embeddable":true,"href":"https:\/\/www.europesays.com\/es\/wp-json\/wp\/v2\/categories?post=105515"},{"taxonomy":"post_tag","embeddable":true,"href":"https:\/\/www.europesays.com\/es\/wp-json\/wp\/v2\/tags?post=105515"}],"curies":[{"name":"wp","href":"https:\/\/api.w.org\/{rel}","templated":true}]}}