{"id":105525,"date":"2025-09-10T12:51:10","date_gmt":"2025-09-10T12:51:10","guid":{"rendered":"https:\/\/www.europesays.com\/es\/105525\/"},"modified":"2025-09-10T12:51:10","modified_gmt":"2025-09-10T12:51:10","slug":"un-policia-provoca-un-grave-accidente-en-la-vuelta-a-venezuela","status":"publish","type":"post","link":"https:\/\/www.europesays.com\/es\/105525\/","title":{"rendered":"Un polic\u00eda provoca un grave accidente en la Vuelta a Venezuela"},"content":{"rendered":"<p>                        Violenta ca\u00edda en el sprint final de la tercera etapa de la Vuelta a Venezuela\n<\/p>\n<p><img src=\"https:\/\/www.mundodeportivo.com\/files\/image_449_220\/files\/fp\/uploads\/2025\/09\/10\/68c1654184158.r_d.399-289.jpeg\" data-full-src=\"https:\/\/www.europesays.com\/es\/wp-content\/uploads\/2025\/09\/68c1654184158.jpeg\" alt=\"Instantes antes del fuerte accidente\" width=\"449\" height=\"220\" class=\"nolazy\" decoding=\"async\" fetchpriority=\"high\"\/><\/p>\n<p class=\"caption-title \">Instantes antes del fuerte accidente<\/p>\n<p>\n                        Actualizado a  10\/09\/2025 13:47 CEST\n                    <\/p>\n<p data-gtm-element-container=\"modulo-texto-link\" class=\"paragraph\">La tercera etapa de la <strong>Vuelta a Venezuela con final en Santa Elena de Arenales,\u00a0<\/strong>acab\u00f3 de forma accidentada. Un funcionario de la<strong> Polic\u00eda Nacional Bolivariana<\/strong> detuvo la moto en la que circulaba y por motivos que se desconocen cruz\u00f3 por delante de los ciclistas que estaban disputando el sprint. Una maniobra imprudente que provoc\u00f3 un fuerte accidente.<\/p>\n<blockquote class=\"twitter-tweet\" data-lang=\"es\"><p>\n<a href=\"https:\/\/twitter.com\/Louiz07219611\/status\/1965606833529520478\" rel=\"nofollow noopener\" target=\"_blank\">\n<\/p><\/blockquote>\n<blockquote class=\"twitter-tweet\" data-lang=\"es\"><p>\n<a href=\"https:\/\/twitter.com\/lucasaganronald\/status\/1965710392262623333\" rel=\"nofollow noopener\" target=\"_blank\">\n<\/p><\/blockquote>\n<p data-gtm-element-container=\"modulo-texto-link\" class=\"paragraph\">Seg\u00fan reportan medios locales, el accidente se sald\u00f3 con <strong>cinco heridos de diversa consideraci\u00f3n<\/strong>. El polic\u00eda y el juez de carrera que le acompa\u00f1aba, as\u00ed como tres ciclistas, fueron atendidos in situ y posteriormente trasladados al centro hospitalario para someterse a m\u00e1s pruebas.<\/p>\n<p>\n        Mostrar comentarios\n    <\/p>\n<p>{\u00aballowComment\u00bb:\u00bballowed\u00bb,\u00bbarticleId\u00bb:\u00bbarticle-1002529419&#8243;,\u00bburl\u00bb:\u00bbhttps:\\\/\\\/www.mundodeportivo.com\\\/ciclismo\\\/20250910\\\/1002529419\\\/policia-provoca-grave-accidente-vuelta-venezuela.html\u00bb,\u00bblivefyre-url\u00bb:\u00bbarticle-1002529419&#8243;}<\/p>\n<p>Cargando siguiente contenido&#8230;\n                <\/p>\n<p>    <script async src=\"https:\/\/platform.twitter.com\/widgets.js\" charset=\"utf-8\"><\/script><\/p>\n","protected":false},"excerpt":{"rendered":"Violenta ca\u00edda en el sprint final de la tercera etapa de la Vuelta a Venezuela Instantes antes del&hellip;\n","protected":false},"author":2,"featured_media":105526,"comment_status":"","ping_status":"","sticky":false,"template":"","format":"standard","meta":{"footnotes":""},"categories":[273],"tags":[313,312,168,25,24,23,167],"class_list":{"0":"post-105525","1":"post","2":"type-post","3":"status-publish","4":"format-standard","5":"has-post-thumbnail","7":"category-ciclismo","8":"tag-ciclismo","9":"tag-cycling","10":"tag-deportes","11":"tag-es","12":"tag-espana","13":"tag-spain","14":"tag-sports"},"share_on_mastodon":{"url":"","error":""},"_links":{"self":[{"href":"https:\/\/www.europesays.com\/es\/wp-json\/wp\/v2\/posts\/105525","targetHints":{"allow":["GET"]}}],"collection":[{"href":"https:\/\/www.europesays.com\/es\/wp-json\/wp\/v2\/posts"}],"about":[{"href":"https:\/\/www.europesays.com\/es\/wp-json\/wp\/v2\/types\/post"}],"author":[{"embeddable":true,"href":"https:\/\/www.europesays.com\/es\/wp-json\/wp\/v2\/users\/2"}],"replies":[{"embeddable":true,"href":"https:\/\/www.europesays.com\/es\/wp-json\/wp\/v2\/comments?post=105525"}],"version-history":[{"count":0,"href":"https:\/\/www.europesays.com\/es\/wp-json\/wp\/v2\/posts\/105525\/revisions"}],"wp:featuredmedia":[{"embeddable":true,"href":"https:\/\/www.europesays.com\/es\/wp-json\/wp\/v2\/media\/105526"}],"wp:attachment":[{"href":"https:\/\/www.europesays.com\/es\/wp-json\/wp\/v2\/media?parent=105525"}],"wp:term":[{"taxonomy":"category","embeddable":true,"href":"https:\/\/www.europesays.com\/es\/wp-json\/wp\/v2\/categories?post=105525"},{"taxonomy":"post_tag","embeddable":true,"href":"https:\/\/www.europesays.com\/es\/wp-json\/wp\/v2\/tags?post=105525"}],"curies":[{"name":"wp","href":"https:\/\/api.w.org\/{rel}","templated":true}]}}