{"id":10553,"date":"2025-07-29T00:33:15","date_gmt":"2025-07-29T00:33:15","guid":{"rendered":"https:\/\/www.europesays.com\/es\/10553\/"},"modified":"2025-07-29T00:33:15","modified_gmt":"2025-07-29T00:33:15","slug":"nicolas-tagliafico-volvera-a-firmar-con-el-olympique-de-lyon","status":"publish","type":"post","link":"https:\/\/www.europesays.com\/es\/10553\/","title":{"rendered":"Nicol\u00e1s Tagliafico volver\u00e1 a firmar con el Olympique de Lyon"},"content":{"rendered":"<p class=\"voc-pretitle\">\nSevilla FC\n<\/p>\n<p>El argentino era una de las opciones que ten\u00eda el Sevilla en su agenda para reforzar el lateral izquierdo<\/p>\n<p><img fetchpriority=\"high\" class=\"voc-img\" src=\"https:\/\/www.europesays.com\/es\/wp-content\/uploads\/2025\/07\/nicolas-tagliafico-olympique-lyon-24-25-673f8a388e199-ReymsJfNmJ3oJFaorgFUnjP-1200x840@diario_abc.jp.jpeg\" loading=\"eager\" decoding=\"async\" alt=\"Nicol\u00e1s Tagliafico, antes de un partido con el Olympique de Lyon\" width=\"1200\" height=\"840\"\/><\/p>\n<p>Nicol\u00e1s Tagliafico, antes de un partido con el Olympique de Lyon      <\/p>\n<p><img decoding=\"async\" class=\"voc-author__img\" src=\"https:\/\/www.europesays.com\/es\/wp-content\/uploads\/2025\/07\/1753740910_765_autor-6269-foto-5.jpeg\" alt=\"Nacho P\u00e9rez\"\/><\/p>\n<p>28\/07\/2025<br \/>\n<br \/><strong><br \/>\nActualizado a las 22:26h.<br \/>\n<\/strong><\/p>\n<p class=\"voc-p\" style=\"\">El <strong>Sevilla<\/strong> ha cerrado dos fichajes durante este mercado de fichajes invernal. <strong>Antonio Cord\u00f3n<\/strong> tendr\u00e1 que incorporar a m\u00e1s futbolistas a la plantilla de <strong>Mat\u00edas Almeyda<\/strong>, pero tambi\u00e9n deber\u00e1 seguir trabajando en dar salida a los futbolistas con los que el argentino no cuenta o tambi\u00e9n pactar ventas que beneficien econ\u00f3micamente al club. Uno de los refuerzos que ha sumado Cord\u00f3n a la plantilla ha sido <a href=\"https:\/\/www.abc.es\/deportes\/orgullodenervion\/noticias-sevilla-fc\/publicar-gaby-suazo-huele-fichajazo-20250727214633-nts.html\" target=\"_self\" data-voc-vtm-id=\"in-text-traffic\" title=\"Gabriel Suazo\" data-mrf-link=\"www.abc.es\" rel=\"nofollow noopener\">Gabriel Suazo<\/a>, jugador que ocupa el lateral izquierdo. No obstante, puede haber m\u00e1s movimientos en esta parcela y <strong>Nicol\u00e1s Tagliafico<\/strong> era uno de los futbolistas que estaban en la agenda del director de f\u00fatbol profesional, pero finalmente se escapa la opci\u00f3n de firmarlo. <\/p>\n<p class=\"voc-p\" style=\"\">Y es que seg\u00fan informa L&#8217;Equipe, <strong>el internacional argentino volver\u00e1 a firmar un nuevo contrato con el Olympique de Lyon<\/strong>. Tagliafico estuvo ligado al club hasta el 30 de junio, fecha en la que se extingui\u00f3 la vinculaci\u00f3n entre las partes, pero ahora ha decidido firmar por dos temporadas m\u00e1s con el cuadro galo. <\/p>\n<p class=\"voc-p\" style=\"\">El citado medio asegura que Tagliafico contaba con otras ofertas de equipos de fuera de Francia, pero que el futbolista de 32 a\u00f1os ha decidido rechazarlas para poder seguir vinculado al Olympique de Lyon. <\/p>\n<p class=\"voc-p\" style=\"\">Al Sevilla le convenc\u00eda la experiencia del futbolista y, l\u00f3gicamente, su situaci\u00f3n en el mercado. Cord\u00f3n apost\u00f3 por contratar a Gabriel Suazo, pero puede haber m\u00e1s cambios en el equipo en la posici\u00f3n de lateral izquierdo, ya que <a href=\"https:\/\/www.abc.es\/deportes\/orgullodenervion\/fichajes-sevilla-fc\/sevilla-ofrece-pedrosa-mercado-intentando-convencer-tagliafico-20250702121715-nts.html\" target=\"_self\" data-voc-vtm-id=\"in-text-traffic\" title=\"Pedrosa ha sido ofrecido en el mercado\" data-mrf-link=\"www.abc.es\" rel=\"nofollow noopener\">Pedrosa ha sido ofrecido en el mercado<\/a>. Brian Oliv\u00e1n, que se encuentra sin equipo tras acabar su contrato con el Espanyol, tambi\u00e9n estuvo sobre la mesa del director de f\u00fatbol profesional. <\/p>\n<p>Reportar un error<\/p>\n","protected":false},"excerpt":{"rendered":"Sevilla FC El argentino era una de las opciones que ten\u00eda el Sevilla en su agenda para reforzar&hellip;\n","protected":false},"author":2,"featured_media":10554,"comment_status":"","ping_status":"","sticky":false,"template":"","format":"standard","meta":{"footnotes":""},"categories":[268],"tags":[168,25,24,7706,280,282,7707,7703,6520,281,23,167,7704,7705],"class_list":{"0":"post-10553","1":"post","2":"type-post","3":"status-publish","4":"format-standard","5":"has-post-thumbnail","7":"category-futbol","8":"tag-deportes","9":"tag-es","10":"tag-espana","11":"tag-firmar","12":"tag-football","13":"tag-futbol","14":"tag-lyon","15":"tag-nicolas","16":"tag-olympique","17":"tag-soccer","18":"tag-spain","19":"tag-sports","20":"tag-tagliafico","21":"tag-volvera"},"share_on_mastodon":{"url":"","error":""},"_links":{"self":[{"href":"https:\/\/www.europesays.com\/es\/wp-json\/wp\/v2\/posts\/10553","targetHints":{"allow":["GET"]}}],"collection":[{"href":"https:\/\/www.europesays.com\/es\/wp-json\/wp\/v2\/posts"}],"about":[{"href":"https:\/\/www.europesays.com\/es\/wp-json\/wp\/v2\/types\/post"}],"author":[{"embeddable":true,"href":"https:\/\/www.europesays.com\/es\/wp-json\/wp\/v2\/users\/2"}],"replies":[{"embeddable":true,"href":"https:\/\/www.europesays.com\/es\/wp-json\/wp\/v2\/comments?post=10553"}],"version-history":[{"count":0,"href":"https:\/\/www.europesays.com\/es\/wp-json\/wp\/v2\/posts\/10553\/revisions"}],"wp:featuredmedia":[{"embeddable":true,"href":"https:\/\/www.europesays.com\/es\/wp-json\/wp\/v2\/media\/10554"}],"wp:attachment":[{"href":"https:\/\/www.europesays.com\/es\/wp-json\/wp\/v2\/media?parent=10553"}],"wp:term":[{"taxonomy":"category","embeddable":true,"href":"https:\/\/www.europesays.com\/es\/wp-json\/wp\/v2\/categories?post=10553"},{"taxonomy":"post_tag","embeddable":true,"href":"https:\/\/www.europesays.com\/es\/wp-json\/wp\/v2\/tags?post=10553"}],"curies":[{"name":"wp","href":"https:\/\/api.w.org\/{rel}","templated":true}]}}