{"id":105541,"date":"2025-09-10T12:59:10","date_gmt":"2025-09-10T12:59:10","guid":{"rendered":"https:\/\/www.europesays.com\/es\/105541\/"},"modified":"2025-09-10T12:59:10","modified_gmt":"2025-09-10T12:59:10","slug":"premios-konex-de-la-musica-popular-argentina-estos-son-los-100-elegidos-y-los-10-inolvidables","status":"publish","type":"post","link":"https:\/\/www.europesays.com\/es\/105541\/","title":{"rendered":"Premios Konex de la M\u00fasica Popular Argentina: estos son los 100 elegidos y los 10 \u201cinolvidables\u201d"},"content":{"rendered":"<p><img alt=\"Los Premios Konex distinguieron a\" class=\"global-image\" decoding=\"async\" fetchpriority=\"high\" height=\"2035\" loading=\"eager\" src=\"https:\/\/www.europesays.com\/es\/wp-content\/uploads\/2025\/09\/1757509148_54_MM77B3MH2BAPPN2MHMSSZFLFD4.jpg\" width=\"3618\"\/>Los Premios Konex distinguieron a las figuras m\u00e1s destacadas de la m\u00fasica popular argentina del per\u00edodo 2015-2024<\/p>\n<p class=\"paragraph\">Los <b>Premios Konex<\/b> seleccionaron como destinatarios a las figuras m\u00e1s sobresalientes de la <b>m\u00fasica popular argentina<\/b> correspondientes al per\u00edodo 2015-2024, reconociendo a cinco representantes en cada una de las veinte categor\u00edas definidas: Solista de Tango, Conjunto de Tango, Solista de Folklore, Conjunto de Folklore, Solista de Jazz, Conjunto de Jazz, Solista de Rock, Conjunto de Rock, Solista de Pop, Conjunto de Pop, Tropical, Urbano, Alternativo\/Nuevo, DJ\/Electr\u00f3nica, Mel\u00f3dico\/Rom\u00e1ntico, Infantil, Solista Instrumental, Autor\/Compositor, Productor Art\u00edstico y Arreglador\/Orquestador. La entrega de los cien Diplomas al M\u00e9rito se realiz\u00f3 la noche del martes 9 de septiembre en la Ciudad Cultural Konex.<\/p>\n<p class=\"paragraph\">Esta es la lista completa de reconocimientos.<\/p>\n<p class=\"paragraph\">Lidia Borda<\/p>\n<p class=\"paragraph\">Juan \u201cTata\u201d Cedr\u00f3n<\/p>\n<p class=\"paragraph\">Jos\u00e9 Col\u00e1ngelo<\/p>\n<p class=\"paragraph\">Julieta Laso<\/p>\n<p class=\"paragraph\">Hugo Rivas<\/p>\n<p class=\"paragraph\">Diego Schissi Quinteto<\/p>\n<p class=\"paragraph\">Nicol\u00e1s Ledesma Orquesta<\/p>\n<p class=\"paragraph\">Orquesta del Tango de Buenos Aires<\/p>\n<p class=\"paragraph\">Quinteto Lumi\u00e8re<\/p>\n<p class=\"paragraph\">Tr\u00edo Lavall\u00e9n &#8211; Estigarribia- Cabarcos<\/p>\n<p class=\"paragraph\">Jos\u00e9 Luis Aguirre<\/p>\n<p class=\"paragraph\">Raly Barrionuevo<\/p>\n<p class=\"paragraph\">Nadia Larcher<\/p>\n<p class=\"paragraph\">Soledad Pastorutti<\/p>\n<p class=\"paragraph\">Nahuel Pennisi<\/p>\n<p class=\"paragraph\">Arbolito<\/p>\n<p class=\"paragraph\">Don Olimpio<\/p>\n<p class=\"paragraph\">Dos M\u00e1s Uno<\/p>\n<p class=\"paragraph\">Duratierra<\/p>\n<p class=\"paragraph\">Los Manseros Santiague\u00f1os<\/p>\n<p><img alt=\"La Fundaci\u00f3n Konex entreg\u00f3 cien\" class=\"global-image\" decoding=\"async\" fetchpriority=\"low\" height=\"1546\" loading=\"lazy\" src=\"https:\/\/www.europesays.com\/es\/wp-content\/uploads\/2025\/09\/D5POOFMDENBKNLDR6VA763ETZQ.jpg\" width=\"2749\"\/>La Fundaci\u00f3n Konex entreg\u00f3 cien Diplomas al M\u00e9rito en veinte categor\u00edas musicales en Buenos Aires<\/p>\n<p class=\"paragraph\">Roxana Amed<\/p>\n<p class=\"paragraph\">Yamile Burich<\/p>\n<p class=\"paragraph\">Hern\u00e1n Jacinto<\/p>\n<p class=\"paragraph\">Ricardo Lew<\/p>\n<p class=\"paragraph\">Ligia Piro<\/p>\n<p class=\"paragraph\">ARGENTUM jazz quinteto<\/p>\n<p class=\"paragraph\">Bourbon Sweethearts<\/p>\n<p class=\"paragraph\">Escalandrum<\/p>\n<p class=\"paragraph\">Swing Summit Tr\u00edo<\/p>\n<p class=\"paragraph\">Tr\u00edo Sin Tiempo<\/p>\n<p class=\"paragraph\">Pedro Aznar<\/p>\n<p class=\"paragraph\">Marilina Bertoldi<\/p>\n<p class=\"paragraph\">David Leb\u00f3n<\/p>\n<p class=\"paragraph\">Hilda Lizarazu<\/p>\n<p class=\"paragraph\">Dante Spinetta<\/p>\n<p><img alt=\"Cien artistas y grupos recibieron\" class=\"global-image\" decoding=\"async\" fetchpriority=\"low\" height=\"2040\" loading=\"lazy\" src=\"https:\/\/www.europesays.com\/es\/wp-content\/uploads\/2025\/09\/ZZSIZGTA5VF25B4H2GUS4F3EVU.jpg\" width=\"3060\"\/>Cien artistas y grupos recibieron Diplomas al M\u00e9rito en veinte categor\u00edas musicales durante la ceremonia en la Ciudad Cultural Konex<\/p>\n<p class=\"paragraph\">Divididos<\/p>\n<p class=\"paragraph\">El Mat\u00f3 a un Polic\u00eda Motorizado<\/p>\n<p class=\"paragraph\">Eruca Sativa<\/p>\n<p class=\"paragraph\">La Renga<\/p>\n<p class=\"paragraph\">Los Esp\u00edritus<\/p>\n<p class=\"paragraph\">Mar\u00eda Becerra<\/p>\n<p class=\"paragraph\">Lali Esp\u00f3sito<\/p>\n<p class=\"paragraph\">Zoe Gotusso<\/p>\n<p class=\"paragraph\">Nicki Nicole<\/p>\n<p class=\"paragraph\">Tini Stoessel<\/p>\n<p class=\"paragraph\">Babas\u00f3nicos<\/p>\n<p class=\"paragraph\">Conociendo Rusia<\/p>\n<p class=\"paragraph\">El Kuelgue<\/p>\n<p class=\"paragraph\">Miranda!<\/p>\n<p class=\"paragraph\">Usted Se\u00f1alemelo<\/p>\n<p><img alt=\"Se reconocieron a cinco representantes\" class=\"global-image\" decoding=\"async\" fetchpriority=\"low\" height=\"1482\" loading=\"lazy\" src=\"https:\/\/www.europesays.com\/es\/wp-content\/uploads\/2025\/09\/IJ4VW5CJQZAR5MRATW2FRYX3ZU.jpg\" width=\"2470\"\/>Se reconocieron a cinco representantes en cada una de las veinte categor\u00edas musicales, abarcando g\u00e9neros como tango, folklore, rock, pop y jazz<\/p>\n<p class=\"paragraph\">La Delio Valdez<\/p>\n<p class=\"paragraph\">La Konga<\/p>\n<p class=\"paragraph\">Angela Leiva<\/p>\n<p class=\"paragraph\">Pablo Lescano<\/p>\n<p class=\"paragraph\">Luck Ra<\/p>\n<p class=\"paragraph\">Cazzu<\/p>\n<p class=\"paragraph\">Duki<\/p>\n<p class=\"paragraph\">Trueno<\/p>\n<p class=\"paragraph\">Wos<\/p>\n<p class=\"paragraph\">YSY A<\/p>\n<p class=\"paragraph\">Ainda<\/p>\n<p class=\"paragraph\">Bandalos Chinos<\/p>\n<p class=\"paragraph\">CA7RIEL y Paco Amoroso<\/p>\n<p class=\"paragraph\">Feli Colina<\/p>\n<p class=\"paragraph\">Dillom<\/p>\n<p class=\"paragraph\">Hern\u00e1n Catt\u00e1neo<\/p>\n<p class=\"paragraph\">Ignacia<\/p>\n<p class=\"paragraph\">Peces Raros<\/p>\n<p class=\"paragraph\">Tremor<\/p>\n<p class=\"paragraph\">Javier Zuker<\/p>\n<p><img alt=\"La ceremonia de entrega de\" class=\"global-image\" decoding=\"async\" fetchpriority=\"low\" height=\"1586\" loading=\"lazy\" src=\"https:\/\/www.europesays.com\/es\/wp-content\/uploads\/2025\/09\/GYSRNM3SLBEQZEHYZHA3BUB54I.jpg\" width=\"2819\"\/>La ceremonia de entrega de los Diplomas al M\u00e9rito se realiz\u00f3 el 9 de septiembre en la Ciudad Cultural Konex<\/p>\n<p class=\"paragraph\">Silvina Garr\u00e9<\/p>\n<p class=\"paragraph\">Dany Martin<\/p>\n<p class=\"paragraph\">Marcela Morelo<\/p>\n<p class=\"paragraph\">Luciano Pereyra<\/p>\n<p class=\"paragraph\">Abel Pintos<\/p>\n<p class=\"paragraph\">Canticu\u00e9nticos<\/p>\n<p class=\"paragraph\">Magdalena Fleitas<\/p>\n<p class=\"paragraph\">Los Raviolis<\/p>\n<p class=\"paragraph\">Pim Pau<\/p>\n<p class=\"paragraph\">Topa<\/p>\n<p class=\"paragraph\">Pablo Agri<\/p>\n<p class=\"paragraph\">Hilda Herrera<\/p>\n<p class=\"paragraph\">Franco Luciani<\/p>\n<p class=\"paragraph\">Daniel Maza<\/p>\n<p class=\"paragraph\">Manu Sija<\/p>\n<p><img alt=\"Gustavo Gavotti\" class=\"global-image\" decoding=\"async\" fetchpriority=\"low\" height=\"1838\" loading=\"lazy\" src=\"https:\/\/www.europesays.com\/es\/wp-content\/uploads\/2025\/09\/LM6H2R5HNJBWTOSPI7UXORZJLI.jpg\" width=\"3268\"\/>Gustavo Gavotti<\/p>\n<p class=\"paragraph\">Lisandro Aristimu\u00f1o<\/p>\n<p class=\"paragraph\">Vero Bellini<\/p>\n<p class=\"paragraph\">Juana Molina<\/p>\n<p class=\"paragraph\">Fito P\u00e1ez<\/p>\n<p class=\"paragraph\">Lili\u00e1n Saba<\/p>\n<p class=\"paragraph\">Bizarrap<\/p>\n<p class=\"paragraph\">Juan Blas Caballero<\/p>\n<p class=\"paragraph\">Nico Cotton<\/p>\n<p class=\"paragraph\">Fabi\u00e1n \u201cTweety\u201d Gonz\u00e1lez<\/p>\n<p class=\"paragraph\">Lucy Patan\u00e9<\/p>\n<p class=\"paragraph\">Gerardo Gardelin<\/p>\n<p class=\"paragraph\">Nora Sarmoria<\/p>\n<p class=\"paragraph\">Gustavo \u201cPopi\u201d Spatocco<\/p>\n<p class=\"paragraph\">Leo Sujatovich<\/p>\n<p class=\"paragraph\">Lito Vitale<\/p>\n<p><img alt=\"Los Premios Konex reconocieron a\" class=\"global-image\" decoding=\"async\" fetchpriority=\"low\" height=\"1632\" loading=\"lazy\" src=\"https:\/\/www.europesays.com\/es\/wp-content\/uploads\/2025\/09\/EJL4QNEUDNEGXF7ZL4UZEK63K4.jpg\" width=\"2847\"\/>Los Premios Konex reconocieron a cien artistas de la m\u00fasica popular argentina del per\u00edodo 2015-2024<\/p>\n<p class=\"paragraph\">Figuras fallecidas <\/p>\n<p class=\"paragraph\">Ram\u00f3n Ayala<\/p>\n<p class=\"paragraph\">Rosario Bl\u00e9fari<\/p>\n<p class=\"paragraph\">Sergio Denis<\/p>\n<p class=\"paragraph\">Horacio Fontova<\/p>\n<p class=\"paragraph\">Rodolfo Garc\u00eda<\/p>\n<p class=\"paragraph\">Manolo Ju\u00e1rez<\/p>\n<p class=\"paragraph\">Chico Novarro<\/p>\n<p class=\"paragraph\">Palo Pandolfo<\/p>\n<p class=\"paragraph\">Atilio Stampone<\/p>\n<p class=\"paragraph\">Jaime Torres<\/p>\n<p class=\"paragraph\">[Fotos: Gustavo Gavotti]<\/p>\n","protected":false},"excerpt":{"rendered":"Los Premios Konex distinguieron a las figuras m\u00e1s destacadas de la m\u00fasica popular argentina del per\u00edodo 2015-2024 Los&hellip;\n","protected":false},"author":2,"featured_media":105542,"comment_status":"","ping_status":"","sticky":false,"template":"","format":"standard","meta":{"footnotes":""},"categories":[170],"tags":[146,147,25,24,184,185,23],"class_list":{"0":"post-105541","1":"post","2":"type-post","3":"status-publish","4":"format-standard","5":"has-post-thumbnail","7":"category-musica","8":"tag-entertainment","9":"tag-entretenimiento","10":"tag-es","11":"tag-espana","12":"tag-music","13":"tag-musica","14":"tag-spain"},"share_on_mastodon":{"url":"","error":""},"_links":{"self":[{"href":"https:\/\/www.europesays.com\/es\/wp-json\/wp\/v2\/posts\/105541","targetHints":{"allow":["GET"]}}],"collection":[{"href":"https:\/\/www.europesays.com\/es\/wp-json\/wp\/v2\/posts"}],"about":[{"href":"https:\/\/www.europesays.com\/es\/wp-json\/wp\/v2\/types\/post"}],"author":[{"embeddable":true,"href":"https:\/\/www.europesays.com\/es\/wp-json\/wp\/v2\/users\/2"}],"replies":[{"embeddable":true,"href":"https:\/\/www.europesays.com\/es\/wp-json\/wp\/v2\/comments?post=105541"}],"version-history":[{"count":0,"href":"https:\/\/www.europesays.com\/es\/wp-json\/wp\/v2\/posts\/105541\/revisions"}],"wp:featuredmedia":[{"embeddable":true,"href":"https:\/\/www.europesays.com\/es\/wp-json\/wp\/v2\/media\/105542"}],"wp:attachment":[{"href":"https:\/\/www.europesays.com\/es\/wp-json\/wp\/v2\/media?parent=105541"}],"wp:term":[{"taxonomy":"category","embeddable":true,"href":"https:\/\/www.europesays.com\/es\/wp-json\/wp\/v2\/categories?post=105541"},{"taxonomy":"post_tag","embeddable":true,"href":"https:\/\/www.europesays.com\/es\/wp-json\/wp\/v2\/tags?post=105541"}],"curies":[{"name":"wp","href":"https:\/\/api.w.org\/{rel}","templated":true}]}}