{"id":105549,"date":"2025-09-10T13:05:13","date_gmt":"2025-09-10T13:05:13","guid":{"rendered":"https:\/\/www.europesays.com\/es\/105549\/"},"modified":"2025-09-10T13:05:13","modified_gmt":"2025-09-10T13:05:13","slug":"euribor-hoy-una-nueva-rebaja-en-la-tasa-diaria-del-euribor-alivia-la-carga-de-las-hipotecas-expansion","status":"publish","type":"post","link":"https:\/\/www.europesays.com\/es\/105549\/","title":{"rendered":"Eur\u00edbor hoy: una nueva rebaja en la tasa diaria del eur\u00edbor alivia la carga de las hipotecas &#8211; Expansi\u00f3n"},"content":{"rendered":"<ol>\n<li><a href=\"https:\/\/news.google.com\/rss\/articles\/CBMiiwFBVV95cUxQZUoxdkJlTVNXVlFNU0V1ZVU4Q0FVZ1NGVmxQVmpoR1E2OFpuc1AzU0VDZU9CWExLYVV5c0hfX1c3XzZEQklweFAwbnpkVVRSVEN1dEd4bUtpdjczbjlzamJBNGR4WEM4b29RTC14ZV9CN2V6UEhSaUVTdk93aWpMbE1MMG5FcmVUckI00gGLAUFVX3lxTE1TaFVucEtWWGVHVzBLUkJrcXotbFRaRzU5V2szeXM4dTdFUW1PVXRJaUFaTHhVbnYzaFVCT0Q5d256RzM1RDN4eXEzVEZNbklTbXRzZmM5R3JPZTluOU1RM3V6ZmdiTWpQNmFjbHZ0b0lqRXRRMkM0WXdsMTlhc08tVk1OODJXY3lLZVE?oc=5\" target=\"_blank\" rel=\"nofollow noopener\">Eur\u00edbor hoy: una nueva rebaja en la tasa diaria del eur\u00edbor alivia la carga de las hipotecas<\/a>&nbsp;&nbsp;Expansi\u00f3n<\/li>\n<li><a href=\"https:\/\/news.google.com\/rss\/articles\/CBMiiAFBVV95cUxOQzNIZXFvdmEyNjNTVEljeEE4aE9TNTJxRVl6T0daSFYxdU1nQ3V6eHNVajBpUDNyY2pqR3d1R0locUVfOGJodlJROXNmaTJuTDNxTVhDTmlNbjFSSlJoWUNhczBzSFhFc2owcGVPeDg3dEhPak9ZNGFwN0dRMFlhRE44ZER2LTJk0gGIAUFVX3lxTE5iWXI1Tl9wMzJkbUZKVF9BaEtNMG5JNUN2Q2c1SUdNTHdsWjVYakRCd0V2T244RUVRbHdBeVVEVUkwVDA0M1FxZ0ZLRnFDbTVNQmFyMDBDSWFvN2Q5WlgzRU43MGJiaUd5NFFSVjc4d3c5d0NfTUJoVVMwSzNlb1ZWTjk5Z2FONXQ?oc=5\" target=\"_blank\" rel=\"nofollow noopener\">Eur\u00edbor hoy, 10 de septiembre: nueva bajada para reforzar la tendencia<\/a>&nbsp;&nbsp;El Mundo<\/li>\n<li><a href=\"https:\/\/news.google.com\/rss\/articles\/CBMi1wFBVV95cUxOMXlRUUpuOHpLbGk4UmluV245dmw1THBLc0k4amQ4OTc2eXNBXzFBbXV4eWRMdE5ib01DTnpHaERQYzRybS1hUkRTdFZzSFJxMG5INmVCTnVWUGxWYTFfWkpGY25US1dTMVRDVGRnMEZtWUZsSUZoYkdpWDJETTlKMGpLMHBGVDNLOXFRWmNTd1k2ZWZ3N2RMTHk2ODlwaDMtaWNmMW94bTdrb0h1WVlYZTZwd2FybjhEMElMVlZDcTg3cDRySVZUR3hjZ0dMMUgwNmpyN1pabw?oc=5\" target=\"_blank\" rel=\"nofollow noopener\">Euribor hoy: valor actualizado del mi\u00e9rcoles 10 de septiembre y media provisional del mes<\/a>&nbsp;&nbsp;La Vanguardia<\/li>\n<li><a href=\"https:\/\/news.google.com\/rss\/articles\/CBMimgFBVV95cUxQRTVjclZPa3VYR0xDQktBSHg4c3d4eDNKeDRnU2dTNWpqTURiTktwZHUwdXRzanFWMlU3OU5wM0d4dTRiNVZwSGMxbE9xRGhxS0FSUHdDc241R0tWLWVsOXU2ZlJnUlI5UXdwZWw2R2tkQ3JZWXJ4QlJBMEVTNmhxTmpLckRKb3lnUTBmQng3bC1CLTFhYURuU0hR0gGaAUFVX3lxTE9WVUY4TldTUUhIcGREQVNBbHFoLWhaQ0dmazY5aGNZTEsxaVh1VUpsNEhvMkNacE1Oenk5OElVSXBuMFR4QmxyR3N4WEpfYWY2Q0xtdE9wWmpZQTRZMFdvQUF4M2VGZXlkZVB0Ylo0YW1hc3BldEc5RGNlb3lhYy1lbXVvdFFHalBPOVhDd3RpSXhVVTFpV3pYU1E?oc=5\" target=\"_blank\" rel=\"nofollow noopener\">El precio del eur\u00edbor hoy, 10 de septiembre: si tienes una hipoteca, est\u00e1s de enhorabuena<\/a>&nbsp;&nbsp;El Peri\u00f3dico<\/li>\n<li><a href=\"https:\/\/news.google.com\/rss\/articles\/CBMiiwFBVV95cUxOakpHSXJtOGl1TVN4TVdjQVNrQ2xzZTBNMnFCak5YOXVVSEMyX0NXdlNYVGRYczgzd181OU5haXlTS041U1AxY3l6czVWVDhHdjVSLThTLTBkWkdETWhrQS14QmtqZWoxSjdySm9JVzVjUGx3NVFLRG1VanFjZDZ1MERuQjZnb3Z0YWtJ0gGLAUFVX3lxTE1lT0xiRWJUSGg0S2tRMjlKd3lYVmllU09aRzNrODJmU195MXFWVWZJRWlVUUdnRjM4bkhTZzRrUnUzSkY1MllXdV9kTEdMaGlzMVh2SzVMS1pCTTZuSFpBWWt5VU5LM2hWQjllUmRlVnMwUjlOX195QnBIaThSdmFYdWxHZG1vdFRadms?oc=5\" target=\"_blank\" rel=\"nofollow noopener\">Euribor hoy: el eur\u00edbor se acerca a los m\u00ednimos y crea incertidumbre entre los hipotecados<\/a>&nbsp;&nbsp;Expansi\u00f3n<\/li>\n<\/ol>\n","protected":false},"excerpt":{"rendered":"Eur\u00edbor hoy: una nueva rebaja en la tasa diaria del eur\u00edbor alivia la carga de las hipotecas&nbsp;&nbsp;Expansi\u00f3n Eur\u00edbor&hellip;\n","protected":false},"author":2,"featured_media":105550,"comment_status":"","ping_status":"","sticky":false,"template":"","format":"standard","meta":{"footnotes":""},"categories":[80],"tags":[82,95,94,25,24,10584,36666,24594,23],"class_list":{"0":"post-105549","1":"post","2":"type-post","3":"status-publish","4":"format-standard","5":"has-post-thumbnail","7":"category-economia","8":"tag-business","9":"tag-economia","10":"tag-economy","11":"tag-es","12":"tag-espana","13":"tag-euribor","14":"tag-mercados-euribor","15":"tag-nea","16":"tag-spain"},"share_on_mastodon":{"url":"","error":""},"_links":{"self":[{"href":"https:\/\/www.europesays.com\/es\/wp-json\/wp\/v2\/posts\/105549","targetHints":{"allow":["GET"]}}],"collection":[{"href":"https:\/\/www.europesays.com\/es\/wp-json\/wp\/v2\/posts"}],"about":[{"href":"https:\/\/www.europesays.com\/es\/wp-json\/wp\/v2\/types\/post"}],"author":[{"embeddable":true,"href":"https:\/\/www.europesays.com\/es\/wp-json\/wp\/v2\/users\/2"}],"replies":[{"embeddable":true,"href":"https:\/\/www.europesays.com\/es\/wp-json\/wp\/v2\/comments?post=105549"}],"version-history":[{"count":0,"href":"https:\/\/www.europesays.com\/es\/wp-json\/wp\/v2\/posts\/105549\/revisions"}],"wp:featuredmedia":[{"embeddable":true,"href":"https:\/\/www.europesays.com\/es\/wp-json\/wp\/v2\/media\/105550"}],"wp:attachment":[{"href":"https:\/\/www.europesays.com\/es\/wp-json\/wp\/v2\/media?parent=105549"}],"wp:term":[{"taxonomy":"category","embeddable":true,"href":"https:\/\/www.europesays.com\/es\/wp-json\/wp\/v2\/categories?post=105549"},{"taxonomy":"post_tag","embeddable":true,"href":"https:\/\/www.europesays.com\/es\/wp-json\/wp\/v2\/tags?post=105549"}],"curies":[{"name":"wp","href":"https:\/\/api.w.org\/{rel}","templated":true}]}}