{"id":105551,"date":"2025-09-10T13:06:11","date_gmt":"2025-09-10T13:06:11","guid":{"rendered":"https:\/\/www.europesays.com\/es\/105551\/"},"modified":"2025-09-10T13:06:11","modified_gmt":"2025-09-10T13:06:11","slug":"el-ejercito-nepali-patrulla-katmandu-tras-las-protestas-que-llevaron-a-dimitir-al-primer-ministro","status":"publish","type":"post","link":"https:\/\/www.europesays.com\/es\/105551\/","title":{"rendered":"El ej\u00e9rcito nepal\u00ed patrulla Katmand\u00fa tras las protestas que llevaron a dimitir al primer ministro"},"content":{"rendered":"<p>    <img src=\"https:\/\/www.europesays.com\/es\/wp-content\/uploads\/2025\/09\/2025-09-10T123A503A15Z-89981706.jpg\" width=\"1024\" height=\"682\" alt=\"\" loading=\"eager\" decoding=\"sync\" fetchpriority=\"high\"\/><\/p>\n<p>            afp_tickers        <\/p>\n<p>        Este contenido fue publicado en    <\/p>\n<p>        10 septiembre 2025 &#8211; 14:50\n<\/p>\n<p>El ej\u00e9rcito de Nepal patrulla el mi\u00e9rcoles las calles de la capital Katmand\u00fa tras la jornada de violentos disturbios del d\u00eda anterior en la que manifestantes incendiaron el Parlamento y el primer ministro KP Sharma Oli renunci\u00f3, constataron periodistas de la AFP.<\/p>\n<p>El lunes pasado la polic\u00eda nepal\u00ed reprimi\u00f3 violentamente una ola de protestas en contra la corrupci\u00f3n y una reciente decisi\u00f3n del gobierno de bloquear las redes sociales, en enfrentamientos que dejaron 19 muertos y cientos de heridos.\u00a0<\/p>\n<p>A pesar del restablecimiento de plataformas como Facebook, X o YouTube, la promesa de una investigaci\u00f3n sobre la violencia policial y la salida de Oli, grupos de j\u00f3venes manifestantes saquearon el martes edificios p\u00fablicos y residencias de varios dirigentes.<\/p>\n<p>El Parlamento fue quemado, as\u00ed como la residencia del hasta entonces primer ministro, constataron periodistas de la AFP.<\/p>\n<p>\u00abEsta ma\u00f1ana est\u00e1 todo tranquilo, el ej\u00e9rcito est\u00e1 por todas las calles\u00bb, explic\u00f3 el mi\u00e9rcoles a la AFP un militar apostado en una barricada, que se neg\u00f3 a dar su identidad porque no est\u00e1 autorizado a hablar con la prensa.<\/p>\n<p>Hasta el momento, no se ha publicado ning\u00fan balance de los disturbios.<\/p>\n<p>El ej\u00e9rcito nepal\u00ed pidi\u00f3 el martes la calma a la poblaci\u00f3n de este pa\u00eds himalayo de 30 millones de habitantes, y advirti\u00f3 sobre \u00abactividades que podr\u00edan llevar al pa\u00eds a los disturbios y la inestabilidad\u00bb.<\/p>\n<p>Oli, de 73 a\u00f1os, que volvi\u00f3 al poder en 2024, dijo que dimit\u00eda \u00abpara que se puedan tomar medidas con vistas a una soluci\u00f3n pol\u00edtica\u00bb.<\/p>\n<p>El presidente del pa\u00eds, Ramchandra Paudel, tambi\u00e9n inst\u00f3 a \u00abtodos, incluidos los manifestantes, a cooperar para resolver pac\u00edficamente la dif\u00edcil situaci\u00f3n del pa\u00eds\u00bb.<\/p>\n<p>La ONU y la vecina India hicieron llamamientos a la calma y la moderaci\u00f3n.\u00a0<\/p>\n<p>pm-pa\/tmt\/arm\/ag<\/p>\n","protected":false},"excerpt":{"rendered":"afp_tickers Este contenido fue publicado en 10 septiembre 2025 &#8211; 14:50 El ej\u00e9rcito de Nepal patrulla el mi\u00e9rcoles&hellip;\n","protected":false},"author":2,"featured_media":105552,"comment_status":"","ping_status":"","sticky":false,"template":"","format":"standard","meta":{"footnotes":""},"categories":[42],"tags":[11642,17,18,3675,636,11643,13,14,4437,11,61,62,63,64,19,20,9,10,15,16,4444,88,36667,5799,2005,90,12,21,22,65,66,67],"class_list":{"0":"post-105551","1":"post","2":"type-post","3":"status-publish","4":"format-standard","5":"has-post-thumbnail","7":"category-internacional","8":"tag-armed-forces","9":"tag-breaking-news","10":"tag-breakingnews","11":"tag-civil-unrest","12":"tag-conflict","13":"tag-defence","14":"tag-featured-news","15":"tag-featurednews","16":"tag-government","17":"tag-headlines","18":"tag-internacional","19":"tag-international","20":"tag-international-news","21":"tag-internationalnews","22":"tag-latest-news","23":"tag-latestnews","24":"tag-news","25":"tag-noticias","26":"tag-noticias-destacadas","27":"tag-noticiasdestacadas","28":"tag-people","29":"tag-politics","30":"tag-riots","31":"tag-social-issues-general","32":"tag-society","33":"tag-ticker","34":"tag-titulares","35":"tag-ultimas-noticias","36":"tag-ultimasnoticias","37":"tag-world","38":"tag-world-news","39":"tag-worldnews"},"share_on_mastodon":{"url":"","error":""},"_links":{"self":[{"href":"https:\/\/www.europesays.com\/es\/wp-json\/wp\/v2\/posts\/105551","targetHints":{"allow":["GET"]}}],"collection":[{"href":"https:\/\/www.europesays.com\/es\/wp-json\/wp\/v2\/posts"}],"about":[{"href":"https:\/\/www.europesays.com\/es\/wp-json\/wp\/v2\/types\/post"}],"author":[{"embeddable":true,"href":"https:\/\/www.europesays.com\/es\/wp-json\/wp\/v2\/users\/2"}],"replies":[{"embeddable":true,"href":"https:\/\/www.europesays.com\/es\/wp-json\/wp\/v2\/comments?post=105551"}],"version-history":[{"count":0,"href":"https:\/\/www.europesays.com\/es\/wp-json\/wp\/v2\/posts\/105551\/revisions"}],"wp:featuredmedia":[{"embeddable":true,"href":"https:\/\/www.europesays.com\/es\/wp-json\/wp\/v2\/media\/105552"}],"wp:attachment":[{"href":"https:\/\/www.europesays.com\/es\/wp-json\/wp\/v2\/media?parent=105551"}],"wp:term":[{"taxonomy":"category","embeddable":true,"href":"https:\/\/www.europesays.com\/es\/wp-json\/wp\/v2\/categories?post=105551"},{"taxonomy":"post_tag","embeddable":true,"href":"https:\/\/www.europesays.com\/es\/wp-json\/wp\/v2\/tags?post=105551"}],"curies":[{"name":"wp","href":"https:\/\/api.w.org\/{rel}","templated":true}]}}