{"id":105561,"date":"2025-09-10T13:11:11","date_gmt":"2025-09-10T13:11:11","guid":{"rendered":"https:\/\/www.europesays.com\/es\/105561\/"},"modified":"2025-09-10T13:11:11","modified_gmt":"2025-09-10T13:11:11","slug":"la-tragica-historia-de-jean-silva-el-peleador-que-vio-como-mataban-a-su-hermano-siendo-un-nino","status":"publish","type":"post","link":"https:\/\/www.europesays.com\/es\/105561\/","title":{"rendered":"La tr\u00e1gica historia de Jean Silva, el peleador que vio c\u00f3mo mataban a su hermano siendo un ni\u00f1o"},"content":{"rendered":"<p data-gtm-element-container=\"modulo-texto-link\" class=\"paragraph\">La tragedia ha rondado la vida de <strong>Jean Silva (16-2, 12 KO) <\/strong>desde bien temprano. Sus nuevos d\u00edas como competidor dentro de la UFC no opacan los turbulentos sucesos de su infancia y adolescencia, que son buena parte de la motivaci\u00f3n que utiliza para cada uno de sus despliegues profesionales dentro del oct\u00e1gono m\u00e1s exigente del mundo.<strong> Sin una madre presente y tras ver de primera mano c\u00f3mo mataban a su hermano a base de disparos, Lord afronta ahora la pelea decisiva de su vida<\/strong>, una cita con las MMA donde tiene m\u00e1s presente que nunca a aquellos familiares que no pueden disfrutar los frutos de sus desempe\u00f1os dentro de la compa\u00f1\u00eda.<\/p>\n<p data-gtm-element-container=\"modulo-texto-link\" class=\"paragraph\">\u00abEn el mes, la semana y el d\u00eda de la pelea, siento profundamente la presencia de mis seres queridos fallecidos, as\u00ed que no puedo sentirme mal por estar en un lugar donde siento la presencia de mis seres queridos. E<strong>s un momento de mi vida en el que me siento m\u00e1s cerca de mi hermano, que ya no est\u00e1.<\/strong> As\u00ed que estar ah\u00ed para m\u00ed es\u2026 es como charlar con \u00e9l, sentarme a tomar un caf\u00e9. <strong>Siempre es el d\u00eda m\u00e1s feliz de mi vida<\/strong>\u00ab, confes\u00f3 Silva, en una de sus entrevistas previas a su nuevo pleito sobre el oct\u00e1gono.<\/p>\n<blockquote class=\"twitter-tweet\" data-lang=\"es\"><p>\n<a href=\"https:\/\/twitter.com\/RedCorner_MMA\/status\/1965423852743462965\" rel=\"nofollow noopener\" target=\"_blank\">\n<\/p><\/blockquote>\n<p data-gtm-element-container=\"modulo-texto-link\" class=\"paragraph\">El brasile\u00f1o <strong>presenci\u00f3 c\u00f3mo violaban a su propia madre y, despu\u00e9s, ella misma acababa con la vida de sus asaltantes. <\/strong>Creci\u00f3 sin figura materna, despu\u00e9s de un encarcelamiento por asesinato que atorment\u00f3 su vida durante buena parte de su crecimiento, y que tambi\u00e9n toma acto de presencia en sus d\u00edas como competidor de MMA: \u00abSufro por lo que pas\u00f3 con mi madre. <strong>Me duele, me duele much\u00edsimo todo lo que le pas\u00f3: desde la violaci\u00f3n, el encarcelamiento, la p\u00e9rdida de un hijo&#8230;<\/strong>\u00ab, confes\u00f3.<\/p>\n<p data-gtm-element-container=\"modulo-texto-link\" class=\"paragraph\">Una madre que tuvo que acabar con sus asaltantes por m\u00e9todos propios, y que sufri\u00f3 la muerte de uno de sus hijos en las peligrosas calles de Brasil.<strong> Jean Silva fue testigo de c\u00f3mo acababan con la vida de su hermano, cuando todav\u00eda era un ni\u00f1o. <\/strong>El brasile\u00f1o, en uno de los v\u00eddeos promocionales para su pelea en Noche UFC, ha relatado c\u00f3mo vivi\u00f3 aquel tr\u00e1gico suceso: \u00abCuando mi hermano falleci\u00f3, recuerdo que fue cuesti\u00f3n de minutos.<strong> Vi el primer disparo. Luego o\u00ed el segundo, luego el tercero, el cuarto, el quinto.<\/strong> Recuerdo que me qued\u00e9 a su lado, agarr\u00e1ndolo fuerte&#8230; \u00bfSabes? Como si me tuviera ah\u00ed. <strong>Fue entonces cuando muri\u00f3 mi hermano<\/strong>\u00ab, expres\u00f3.<\/p>\n<p data-gtm-element-container=\"modulo-texto-link\" class=\"paragraph\">\u00abFue con la muerte de mi hermano que naci\u00f3, no s\u00e9&#8230; Esta &#8216;entidad&#8217; o &#8216;esp\u00edritu&#8217; en m\u00ed. <strong>&#8216;Lord&#8217; vino a la vida cuando mi hermano se muri\u00f3, y \u00e9l me protege. Me protege de muchas cosas.<\/strong> Pero \u00e9l (&#8216;Lord&#8217;) puede ser caos tambi\u00e9n\u00bb, a\u00f1adi\u00f3.<\/p>\n<p data-gtm-element-container=\"modulo-texto-link\" class=\"paragraph\">Jean Silva ha convertido de sus <strong>ladridos<\/strong> en el fen\u00f3meno viral que ha catapultado su fama entre los aficionados a las artes marciales mixtas. El significado, aunque pueda parecer una simple recreaci\u00f3n de un can enrabietado, es a\u00fan m\u00e1s profundo: <strong>el brasile\u00f1o honra a su hermano, quien regal\u00f3 al joven competidor un perro a quien ya imitaba en su infancia<\/strong>, y que marc\u00f3 la relaci\u00f3n entre ambos.<\/p>\n<p data-gtm-element-container=\"modulo-texto-link\" class=\"paragraph\">\u00abSiento la presencia de mi hermano de una forma que solo siento cuando estoy aqu\u00ed&#8230; \u00bfSabes? <strong>Los ladridos vienen de mi hermano. Me regal\u00f3 un perro de peque\u00f1o en una tienda Hotmart<\/strong>, y desde entonces empec\u00e9 a expresar mis emociones ladrando mientras jugaba, ve\u00eda la televisi\u00f3n, en la escuela. <strong>Sufr\u00ed mucho por eso, porque era como un tic nervioso<\/strong>\u00ab, dijo, en su entrevista post combate, despu\u00e9s de vencer a Drew Dober.<\/p>\n<p>    Lee tambi\u00e9n<\/p>\n<p data-gtm-element-container=\"modulo-texto-link\" class=\"paragraph\">Las tr\u00e1gicas experiencias que Jean Silva ha tenido que superar durante su vida son hoy el sustento de una carrera deportiva que vivir\u00e1 un momento decisivo este fin de semana en Noche UFC.<strong> San Antonio dictar\u00e1 sentencia en cuanto a la conversaci\u00f3n titular del peso pluma<\/strong> con un eliminatorio entre Lord y Diego Lopes, en el conglomerado de artes marciales mixtas m\u00e1s grande del planeta.<\/p>\n<p><script async src=\"https:\/\/platform.twitter.com\/widgets.js\" charset=\"utf-8\"><\/script><\/p>\n","protected":false},"excerpt":{"rendered":"La tragedia ha rondado la vida de Jean Silva (16-2, 12 KO) desde bien temprano. Sus nuevos d\u00edas&hellip;\n","protected":false},"author":2,"featured_media":105562,"comment_status":"","ping_status":"","sticky":false,"template":"","format":"standard","meta":{"footnotes":""},"categories":[276],"tags":[168,25,24,23,167,343],"class_list":{"0":"post-105561","1":"post","2":"type-post","3":"status-publish","4":"format-standard","5":"has-post-thumbnail","7":"category-ufc","8":"tag-deportes","9":"tag-es","10":"tag-espana","11":"tag-spain","12":"tag-sports","13":"tag-ufc"},"share_on_mastodon":{"url":"","error":""},"_links":{"self":[{"href":"https:\/\/www.europesays.com\/es\/wp-json\/wp\/v2\/posts\/105561","targetHints":{"allow":["GET"]}}],"collection":[{"href":"https:\/\/www.europesays.com\/es\/wp-json\/wp\/v2\/posts"}],"about":[{"href":"https:\/\/www.europesays.com\/es\/wp-json\/wp\/v2\/types\/post"}],"author":[{"embeddable":true,"href":"https:\/\/www.europesays.com\/es\/wp-json\/wp\/v2\/users\/2"}],"replies":[{"embeddable":true,"href":"https:\/\/www.europesays.com\/es\/wp-json\/wp\/v2\/comments?post=105561"}],"version-history":[{"count":0,"href":"https:\/\/www.europesays.com\/es\/wp-json\/wp\/v2\/posts\/105561\/revisions"}],"wp:featuredmedia":[{"embeddable":true,"href":"https:\/\/www.europesays.com\/es\/wp-json\/wp\/v2\/media\/105562"}],"wp:attachment":[{"href":"https:\/\/www.europesays.com\/es\/wp-json\/wp\/v2\/media?parent=105561"}],"wp:term":[{"taxonomy":"category","embeddable":true,"href":"https:\/\/www.europesays.com\/es\/wp-json\/wp\/v2\/categories?post=105561"},{"taxonomy":"post_tag","embeddable":true,"href":"https:\/\/www.europesays.com\/es\/wp-json\/wp\/v2\/tags?post=105561"}],"curies":[{"name":"wp","href":"https:\/\/api.w.org\/{rel}","templated":true}]}}