{"id":105565,"date":"2025-09-10T13:14:08","date_gmt":"2025-09-10T13:14:08","guid":{"rendered":"https:\/\/www.europesays.com\/es\/105565\/"},"modified":"2025-09-10T13:14:08","modified_gmt":"2025-09-10T13:14:08","slug":"no-pueden-blanquear-situaciones-gravisimas","status":"publish","type":"post","link":"https:\/\/www.europesays.com\/es\/105565\/","title":{"rendered":"No pueden blanquear situaciones grav\u00edsimas"},"content":{"rendered":"<p>El responsable del deporte espa\u00f1ol, presidente del <strong>CSD<\/strong>, <strong>Jos\u00e9 Manuel Rodr\u00edguez<\/strong> <strong>Uribes<\/strong>, acatando las \u00f3rdenes del <a href=\"https:\/\/okdiario.com\/deportes\/gobierno-sanchez-pide-director-vuelta-espana-expulsion-del-equipo-israel-15315554\" rel=\"nofollow noopener\" target=\"_blank\"><strong>Gobierno<\/strong> de <strong>Pedro S\u00e1nchez<\/strong><\/a>, se ha posicionado en contra de los deportistas, en este caso, de los ciclistas que participan en la <a href=\"https:\/\/www.lavuelta.es\/es\" rel=\"nofollow noopener\" target=\"_blank\"><strong>Vuelta a Espa\u00f1a 2025<\/strong><\/a>. El socialista ha afirmado que \u00abel deporte no puede blanquear situaciones grav\u00edsimas de violaci\u00f3n de derechos humanos\u00bb, como ocurre en la <strong>Franja de Gaza<\/strong> con el conflicto entre <strong>Israel<\/strong> y <strong>Palestina<\/strong>, alentando a los radicales propalestinos que ya han boicoteado dos etapas de la carrera.<\/p>\n<p>La primera fue el pasado mi\u00e9rcoles en <strong>Bilbao<\/strong>, donde no hubo ni ganador, y la segunda este martes en <strong>Mos (Galicia)<\/strong>, cort\u00e1ndose la etapa a ocho kil\u00f3metros de la meta, que estaba repleta de propalestinos. El presidente del CSD explic\u00f3 que el Gobierno intentar\u00e1 que se celebre \u00abcon normalidad\u00bb el final de la Vuelta este fin de semana en <strong>Madrid<\/strong>.<\/p>\n<p>\u00abEl Consejo Superior de Deportes no puede tomar decisiones que no puede tomar, pero s\u00ed puede animar y trabajar en los \u00e1mbitos propios. El deporte tiene que encontrar ese punto fundamental. No puede blanquear situaciones grav\u00edsimas de violaciones de derechos humanos, pero a la vez tambi\u00e9n tiene que ser el \u00faltimo puente de comunicaci\u00f3n. Eso tenemos que conseguirlo entre todos\u00bb, declar\u00f3 Uribes en RNE.<\/p>\n<p>El m\u00e1ximo dirigente del CSD ha explicado que la intenci\u00f3n es que el final de la Vuelta se celebre \u00abcon normalidad\u00bb, incluyendo respetar la \u00ablibertad de expresi\u00f3n\u00bb de los manifestantes. Algunos de ellos han convertido en violentas sus protestas a lo largo de esta semana negra para el ciclismo espa\u00f1ol y para la carrera.<\/p>\n<p>Uribes, del lado de los propalestinos<\/p>\n<p>\u00abSi entre todos hacemos un esfuerzo, se puede celebrar una competici\u00f3n, que es una imagen tambi\u00e9n de Espa\u00f1a, y al tiempo las cr\u00edticas y las manifestaciones son leg\u00edtimas porque la situaci\u00f3n es muy grave de violaci\u00f3n de derechos humanos\u00bb, manifest\u00f3.<\/p>\n<p>Adem\u00e1s, Uribes ha afirmado que los ciclistas son una de sus \u00abprioridades fundamentales\u00bb y que quiere hablar con algunos de ellos. \u00abSomos el Consejo Superior de Deportes. Yo quiero hablar con algunos de los que se han retirado esta ma\u00f1ana para ver c\u00f3mo est\u00e1n y animarles a seguir compitiendo con fair play\u00bb, explic\u00f3.<\/p>\n<p>\u00abQue el deporte siga representando los valores que tiene que ver con el trabajo de gente que lleva muchos a\u00f1os esforz\u00e1ndose para que llegue este momento. Yo creo que tambi\u00e9n expresarles nuestra solidaridad a los ciclistas que est\u00e1n compitiendo como deportistas\u00bb, concluy\u00f3.<\/p>\n","protected":false},"excerpt":{"rendered":"El responsable del deporte espa\u00f1ol, presidente del CSD, Jos\u00e9 Manuel Rodr\u00edguez Uribes, acatando las \u00f3rdenes del Gobierno de&hellip;\n","protected":false},"author":2,"featured_media":105566,"comment_status":"","ping_status":"","sticky":false,"template":"","format":"standard","meta":{"footnotes":""},"categories":[273],"tags":[313,312,168,25,24,23,167],"class_list":{"0":"post-105565","1":"post","2":"type-post","3":"status-publish","4":"format-standard","5":"has-post-thumbnail","7":"category-ciclismo","8":"tag-ciclismo","9":"tag-cycling","10":"tag-deportes","11":"tag-es","12":"tag-espana","13":"tag-spain","14":"tag-sports"},"share_on_mastodon":{"url":"","error":""},"_links":{"self":[{"href":"https:\/\/www.europesays.com\/es\/wp-json\/wp\/v2\/posts\/105565","targetHints":{"allow":["GET"]}}],"collection":[{"href":"https:\/\/www.europesays.com\/es\/wp-json\/wp\/v2\/posts"}],"about":[{"href":"https:\/\/www.europesays.com\/es\/wp-json\/wp\/v2\/types\/post"}],"author":[{"embeddable":true,"href":"https:\/\/www.europesays.com\/es\/wp-json\/wp\/v2\/users\/2"}],"replies":[{"embeddable":true,"href":"https:\/\/www.europesays.com\/es\/wp-json\/wp\/v2\/comments?post=105565"}],"version-history":[{"count":0,"href":"https:\/\/www.europesays.com\/es\/wp-json\/wp\/v2\/posts\/105565\/revisions"}],"wp:featuredmedia":[{"embeddable":true,"href":"https:\/\/www.europesays.com\/es\/wp-json\/wp\/v2\/media\/105566"}],"wp:attachment":[{"href":"https:\/\/www.europesays.com\/es\/wp-json\/wp\/v2\/media?parent=105565"}],"wp:term":[{"taxonomy":"category","embeddable":true,"href":"https:\/\/www.europesays.com\/es\/wp-json\/wp\/v2\/categories?post=105565"},{"taxonomy":"post_tag","embeddable":true,"href":"https:\/\/www.europesays.com\/es\/wp-json\/wp\/v2\/tags?post=105565"}],"curies":[{"name":"wp","href":"https:\/\/api.w.org\/{rel}","templated":true}]}}