{"id":105581,"date":"2025-09-10T13:22:10","date_gmt":"2025-09-10T13:22:10","guid":{"rendered":"https:\/\/www.europesays.com\/es\/105581\/"},"modified":"2025-09-10T13:22:10","modified_gmt":"2025-09-10T13:22:10","slug":"elvis-presley-not-dead-baz-luhrman-tributa-al-rey-con-un-impactante-documental-presentado-en-toronto","status":"publish","type":"post","link":"https:\/\/www.europesays.com\/es\/105581\/","title":{"rendered":"Elvis Presley Not Dead: Baz Luhrman tributa al rey con un impactante documental presentado en Toronto"},"content":{"rendered":"<p><img alt=\"Elvis Presley not dead: un\" class=\"global-image\" decoding=\"async\" fetchpriority=\"high\" height=\"1080\" loading=\"eager\" src=\"https:\/\/www.europesays.com\/es\/wp-content\/uploads\/2025\/09\/T7IVUJWTMVGCNB4LNSDP2TVWSI.jpg\" width=\"1920\"\/>Elvis Presley not dead: un nuevo documental con im\u00e1genes nunca vistas del Rey del rock conquista Toronto (Cr\u00e9dito: prensa BMG)<\/p>\n<p class=\"paragraph\">\u00bfPor qu\u00e9 <b>Baz Luhrmann<\/b> har\u00eda otra pel\u00edcula de <b>Elvis<\/b>?<\/p>\n<p class=\"paragraph\">Esa pregunta obtuvo respuesta al inicio, cuando los acordes de <b>Elvis Presley<\/b> interpretando una restaurada \u201cAn American Trilogy\u201d resonaron en el Teatro Princesa de Gales durante el <b>Festival Internacional de Cine de Toronto<\/b>. Tanto veteranos fan\u00e1ticos como nuevos curiosos compartieron el mismo mensaje: ese hombre cantaba de verdad.<\/p>\n<p class=\"paragraph\"><b>Luhrmann<\/b>, quien dedic\u00f3 ocho a\u00f1os a su biopic de 2022, <b>Elvis<\/b>, protagonizada por <b>Austin Butler<\/b>, presenta ahora <b>EPiC: Elvis Presley in Concert<\/b>, un \u201cpoema cinematogr\u00e1fico\u201d \u2014as\u00ed lo define\u2014 que fusiona im\u00e1genes in\u00e9ditas de la residencia del Rey en Las Vegas en 1970 y su gira de 1972, con material del propio Elvis comentando su vida. \u201cNunca lo han contado desde mi punto de vista\u201d, afirma en la pel\u00edcula.<\/p>\n<p><img alt=\"&quot;Epic: Elvis Presley in Concert&quot;\" class=\"global-image\" decoding=\"async\" fetchpriority=\"low\" height=\"1080\" loading=\"lazy\" src=\"https:\/\/www.europesays.com\/es\/wp-content\/uploads\/2025\/09\/V23W2VZ2EBADXO5EIS3QINH5EY.jpg\" width=\"1920\"\/>\u00abEpic: Elvis Presley in Concert\u00bb (Cr\u00e9dito: prensa BMG)<\/p>\n<p class=\"paragraph\">No intervienen narradores externos; solo la voz de Elvis y de quienes lo rodeaban. La obra funciona como pel\u00edcula de concierto y como retrato \u00edntimo. Su impacto fue palpable en la sala, donde los asistentes ovacionaron de pie, bailaron por los pasillos y subieron al escenario. Aunque a\u00fan no tiene distribuidora ni fecha de estreno, la recepci\u00f3n fue lo suficientemente positiva para augurar inter\u00e9s de compradores.<\/p>\n<p class=\"paragraph\">\u201cMe pareci\u00f3 extraordinario\u201d, coment\u00f3 <b>Luhrmann<\/b> tras el evento. \u201c\u00a1Hubo un momento en el que qued\u00f3 claro que se identificaban con \u00e9l como si estuviera vivo en el escenario! Y eso fue maravilloso\u201d.<\/p>\n<p class=\"paragraph\">Sobre la reacci\u00f3n emocional en la sala, <b>Luhrmann<\/b> subray\u00f3: \u201cLo que pienses de Elvis o de su m\u00fasica no importa. <b>A la gente le gusta<\/b>. Hab\u00eda una especie de calidez emocional en la persona, no en el icono, que era muy real\u201d.<\/p>\n<p class=\"paragraph\"><b>Luhrmann<\/b> record\u00f3 que su fascinaci\u00f3n por Elvis comenz\u00f3 en la infancia. En el cine local, gestionado por su padre, los domingos se proyectaba una pel\u00edcula del artista, lo que marc\u00f3 su admiraci\u00f3n. De ni\u00f1o, incluso ped\u00eda a su abuela trajes de Elvis para sus n\u00fameros de baile.<\/p>\n<p><img alt=\"Baz Luhrmann, director de &quot;EPiC:\" class=\"global-image\" decoding=\"async\" fetchpriority=\"low\" height=\"3667\" loading=\"lazy\" src=\"https:\/\/www.europesays.com\/es\/wp-content\/uploads\/2025\/09\/AZOMXP4W3ZCOPOKDSAE5IANFGU.JPG\" width=\"5500\"\/>Baz Luhrmann, director de \u00abEPiC: Elvis Presley in Concert\u00bb, en el Festival de Toronto (Foto: REUTERS\/Carlos Osorio)<\/p>\n<p class=\"paragraph\">La b\u00fasqueda de im\u00e1genes in\u00e9ditas para <b>EPiC<\/b> llev\u00f3 a <b>Luhrmann<\/b> y su equipo a minas de sal en<b> Kansas,<\/b> donde Warner Bros. almacenaba archivos por su clima ideal para la conservaci\u00f3n. All\u00ed hallaron 69 cajas con 59 horas de negativos; en los archivos de Graceland tambi\u00e9n se encontraron tomas en <b>Super 8<\/b> nunca vistas.<\/p>\n<p class=\"paragraph\">\u201cSolo la b\u00fasqueda cost\u00f3 unos 200 mil d\u00f3lares\u201d, relat\u00f3 el director. Con ese acceso, encontr\u00f3 40 minutos de Elvis hablando sobre su vida: material que le permiti\u00f3 pensar en una obra m\u00e1s humana, sin voces ajenas ni reconstrucci\u00f3n purista.<\/p>\n<p class=\"paragraph\">Sin embargo, muchas de las im\u00e1genes carec\u00edan de sonido. Con apoyo de <b>Peter Jackson<\/b> y la tecnolog\u00eda de Park Road Post Production, replicaron la voz de Elvis utilizando inteligencia artificial y t\u00e9cnicas de restauraci\u00f3n avanzadas. Complementaron el material con grabaciones existentes y la ayuda de expertos de RCA.<\/p>\n<p class=\"paragraph\">La pel\u00edcula incluye la versi\u00f3n mejorada de \u201cIn the Ghetto\u201d, donde la voz es de Elvis y la instrumentaci\u00f3n actualizada mezcla elementos originales y grabaciones de estudio para un resultado sonoro optimizado. En <b>Nashville<\/b>, Luhrmann grab\u00f3 nuevos arreglos g\u00f3spel para piezas como \u201cOh Happy Day\u201d, decisi\u00f3n que subraya el enfoque estil\u00edstico del proyecto e introduce nuevas capas musicales y emocionales.<\/p>\n<p class=\"paragraph\">M\u00e1s all\u00e1 de las canciones, la pel\u00edcula prioriza la musicalidad y carisma de Elvis. Para Luhrmann, \u201ctiene la mejor t\u00e9cnica de micr\u00f3fono de cualquier cantante en vivo que conozco. Es decir, est\u00e1 a otro nivel en cuanto a voz\u201d.<\/p>\n<p><img alt=\"Elvis Presley, Rey del rock,\" class=\"global-image\" decoding=\"async\" fetchpriority=\"low\" height=\"900\" loading=\"lazy\" src=\"https:\/\/www.europesays.com\/es\/wp-content\/uploads\/2025\/09\/1757510530_958_V5UZEONEWJFJ5GDAKAUJPGTLIM.jpg\" width=\"702\"\/>Elvis Presley, Rey del rock, \u00edcono musical y cultural inigualable<\/p>\n<p class=\"paragraph\">Durante la \u00e9poca en Las Vegas, el Elvis que aparece en pantalla est\u00e1 vital y en forma, lejos del mito que asocia esa etapa a su decadencia. La pel\u00edcula muestra a un artista animado, innovador y conectado con su p\u00fablico y banda, interpretando temas como \u201cRunaway\u201d de <b>Del Shannon<\/b>, \u201cBridge Over Troubled Water\u201d de <b>Simon &amp; Garfunkel<\/b> y \u201cSomething\u201d de <b>The Beatles<\/b>.<\/p>\n<p class=\"paragraph\">El director narra que tras el declive de su matrimonio y una intensa agenda de giras, el propio artista luch\u00f3 por dar sentido a su carrera. En escena, Elvis parece componer, ensayar y buscar nuevos sonidos en tiempo real.<\/p>\n<p class=\"paragraph\">Al abordar su relaci\u00f3n con la cultura y la cr\u00edtica, Luhrmann remarca que, aunque inicialmente muchos esperaban un espect\u00e1culo nost\u00e1lgico, Elvis apost\u00f3 por innovar y construir algo poderoso y fresco.<\/p>\n<p class=\"paragraph\">El documental destaca tanto la faceta musical como el lado humano del artista, e incluye testimonios de asistentes conmovidos hasta las l\u00e1grimas. Luhrmann cierra con una referencia mitol\u00f3gica: \u201cOrfeo era un cantante tan talentoso que hasta las rocas y piedras lo segu\u00edan, y Elvis era as\u00ed\u201d.<\/p>\n<p class=\"paragraph\">Fuente: The Washington Post<\/p>\n","protected":false},"excerpt":{"rendered":"Elvis Presley not dead: un nuevo documental con im\u00e1genes nunca vistas del Rey del rock conquista Toronto (Cr\u00e9dito:&hellip;\n","protected":false},"author":2,"featured_media":105582,"comment_status":"","ping_status":"","sticky":false,"template":"","format":"standard","meta":{"footnotes":""},"categories":[170],"tags":[3118,146,147,25,24,184,185,3119,23,9802],"class_list":{"0":"post-105581","1":"post","2":"type-post","3":"status-publish","4":"format-standard","5":"has-post-thumbnail","7":"category-musica","8":"tag-arts-culture-entertainment","9":"tag-entertainment","10":"tag-entretenimiento","11":"tag-es","12":"tag-espana","13":"tag-music","14":"tag-musica","15":"tag-north-america","16":"tag-spain","17":"tag-toronto"},"share_on_mastodon":{"url":"","error":""},"_links":{"self":[{"href":"https:\/\/www.europesays.com\/es\/wp-json\/wp\/v2\/posts\/105581","targetHints":{"allow":["GET"]}}],"collection":[{"href":"https:\/\/www.europesays.com\/es\/wp-json\/wp\/v2\/posts"}],"about":[{"href":"https:\/\/www.europesays.com\/es\/wp-json\/wp\/v2\/types\/post"}],"author":[{"embeddable":true,"href":"https:\/\/www.europesays.com\/es\/wp-json\/wp\/v2\/users\/2"}],"replies":[{"embeddable":true,"href":"https:\/\/www.europesays.com\/es\/wp-json\/wp\/v2\/comments?post=105581"}],"version-history":[{"count":0,"href":"https:\/\/www.europesays.com\/es\/wp-json\/wp\/v2\/posts\/105581\/revisions"}],"wp:featuredmedia":[{"embeddable":true,"href":"https:\/\/www.europesays.com\/es\/wp-json\/wp\/v2\/media\/105582"}],"wp:attachment":[{"href":"https:\/\/www.europesays.com\/es\/wp-json\/wp\/v2\/media?parent=105581"}],"wp:term":[{"taxonomy":"category","embeddable":true,"href":"https:\/\/www.europesays.com\/es\/wp-json\/wp\/v2\/categories?post=105581"},{"taxonomy":"post_tag","embeddable":true,"href":"https:\/\/www.europesays.com\/es\/wp-json\/wp\/v2\/tags?post=105581"}],"curies":[{"name":"wp","href":"https:\/\/api.w.org\/{rel}","templated":true}]}}