{"id":105603,"date":"2025-09-10T13:38:15","date_gmt":"2025-09-10T13:38:15","guid":{"rendered":"https:\/\/www.europesays.com\/es\/105603\/"},"modified":"2025-09-10T13:38:15","modified_gmt":"2025-09-10T13:38:15","slug":"verstappen-esta-motivado-con-red-bull-tras-victoria-en-monza-aseguro-helmut-marko","status":"publish","type":"post","link":"https:\/\/www.europesays.com\/es\/105603\/","title":{"rendered":"Verstappen est\u00e1 motivado con Red Bull tras victoria en Monza, asegur\u00f3 Helmut Marko"},"content":{"rendered":"<p>Con su noveno lugar en el <strong>Gran Premio de Hungr\u00eda<\/strong>, el segundo peor resultado de la Temporada 2025, <a href=\"https:\/\/www.record.com.mx\/formula1\/simplemente-encantador-verstappen-aplasta-los-mclaren-y-gana-el-gran-premio-de-italia\" rel=\"nofollow noopener\" target=\"_blank\"><strong>Max Verstappen<\/strong><\/a> se fue a la pausa de verano desmotivado y sin ilusiones de cara a la \u00faltima parte de la campa\u00f1a. \u00abTampoco duele tanto ahora, porque de todas formas ya no compites por nada\u00bb, declar\u00f3 el neerland\u00e9s en <strong>Budapest<\/strong>, e insinu\u00f3 que el Campeonato de Pilotos estaba perdido.<\/p>\n<p>Sin embargo, despu\u00e9s de las vacaciones el cuatro veces campe\u00f3n de <a href=\"https:\/\/www.record.com.mx\/formula1\/cadillac-busca-talento-como-puedes-trabajar-con-checo-perez-en-la-f1\" rel=\"nofollow noopener\" target=\"_blank\"><strong>F\u00f3rmula 1<\/strong><\/a> regres\u00f3 renovado y por ahora suma dos podios. Al circunstancial segundo lugar en <strong>Pa\u00edses Bajos<\/strong> -que se dio por el abandono de <strong>Lando Norris<\/strong>&#8211; se sum\u00f3 su contundente victoria en el <a href=\"https:\/\/www.record.com.mx\/formula1\/no-pudimos-hacer-nada-colapinto-es-autocritico-y-califica-de-aburrido-el-gp-de-italia\" rel=\"nofollow noopener\" target=\"_blank\"><strong>Gran Premio de Italia<\/strong><\/a>. Con ello, la motivaci\u00f3n ha regresado por completo a <strong>Red Bull<\/strong>, al menos del lado del piloto europeo, seg\u00fan el asesor del equipo, <strong>Helmut Marko<\/strong>.\u00a0<\/p>\n<p> <img loading=\"lazy\" decoding=\"async\" data-entity-uuid=\"0c1ecccc-900d-4d04-862a-ed932f0f58f2\" data-entity-type=\"file\" src=\"https:\/\/www.europesays.com\/es\/wp-content\/uploads\/2025\/09\/SI202509071210 (1)_0.jpg\" width=\"1200\" height=\"800\" alt=\"Verstappen celebr\u00f3 su tercera victoria del a\u00f1o en Monza\" data-caption=\"Verstappen celebr\u00f3 su tercera victoria del a\u00f1o en Monza | RED BULL\u00a0\"\/><\/p>\n<p>Verstappen celebr\u00f3 su tercera victoria del a\u00f1o en Monza | RED BULL\u00a0<\/p>\n<p>Max, motivado como nunca seg\u00fan Marko<\/p>\n<p>Tras la carrera en Monza, el directivo austriaco extern\u00f3 que tras la m\u00e1s reciente actualizaci\u00f3n del <strong>RB21, <\/strong>en general el equipo austriaco est\u00e1 entusiasmado. \u00abBak\u00fa, los circuitos r\u00e1pidos, soy muy optimista\u00bb, aunque reconoci\u00f3 que los pr\u00f3ximos Grandes Premios son escenarios complicados.\u00a0<\/p>\n<p>\u00abEspero que Singapur, la \u00fanica carrera que no hemos ganado hasta ahora. Normalmente en circuitos lentos (donde han rendido por debajo de lo esperado recientemente), pero creo que ahora todo es posible en este periodo. Max est\u00e1 motivado como no le he visto en mucho tiempo. Ni siquiera habla de GT\u00bb, a\u00f1adi\u00f3.<\/p>\n<p>A pesar de las declaraciones de Marko, ha trascendido que Verstappen realizar\u00e1 dos pruebas en el <strong>Campeonato de Resistencia de N\u00fcrburgring<\/strong> este septiembre. La primera el pr\u00f3ximo fin de semana y la segunda entre <strong>Azerbaiy\u00e1n<\/strong> y <strong>Singapur<\/strong>, lo que significa que el piloto sigue dividiendo su tiempo y energ\u00eda en la F1 y otros compromisos.\u00a0<\/p>\n<p><img loading=\"lazy\" decoding=\"async\" data-entity-uuid=\"40c9d7ec-c062-4c94-b4fe-dc6f1a2b163f\" data-entity-type=\"file\" src=\"https:\/\/www.europesays.com\/es\/wp-content\/uploads\/2025\/09\/SI202509060586 (1).jpg\" width=\"1200\" height=\"788\" alt=\"Max est\u00e1 m\u00e1s motivado, seg\u00fan Marko\" data-caption=\"Max est\u00e1 m\u00e1s motivado, seg\u00fan Marko | RED BULL\u00a0\"\/><\/p>\n<p>Max est\u00e1 m\u00e1s motivado, seg\u00fan Marko | RED BULL\u00a0<\/p>\n<p>Equipo le ha hecho m\u00e1s caso a Verstappen\u00a0<\/p>\n<p>Sin embargo, Marko no quiso centrarse en la agenda del campe\u00f3n del mundo y asegur\u00f3 que la mejor vista en Monza fue, en parte, gracias a los aportes del neerland\u00e9s. \u00abSi tienes un piloto tan r\u00e1pido y experimentado, creo que es la forma correcta. Tiene que conducirlo \u00e9l\u00bb.\u00a0<\/p>\n<p>\u00abY era importante que nuestra velocidad punta mejorara. Vimos que pod\u00edamos alejarnos de los <strong>McLaren<\/strong>. Y tambi\u00e9n algunos otros cambios. Se reconoci\u00f3 la aportaci\u00f3n del piloto. Todo el equipo t\u00e9cnico es m\u00e1s abierto y discuten las cosas. Y no siguen ciegamente lo que dice la simulaci\u00f3n\u00bb, finaliz\u00f3.\u00a0<\/p>\n<p><img loading=\"lazy\" decoding=\"async\" data-entity-uuid=\"f7ef03ae-850d-48d3-bdc3-4a949332ad8c\" data-entity-type=\"file\" src=\"https:\/\/www.europesays.com\/es\/wp-content\/uploads\/2025\/09\/SI202509071226 (1).jpg\" width=\"1200\" height=\"800\" alt=\"Red Bull mejor\u00f3 considerablemente en Monza\" data-caption=\"Red Bull mejor\u00f3 considerablemente en Monza | RED BULL\u00a0\"\/><\/p>\n<p>Red Bull mejor\u00f3 considerablemente en Monza | RED BULL\u00a0<\/p>\n","protected":false},"excerpt":{"rendered":"Con su noveno lugar en el Gran Premio de Hungr\u00eda, el segundo peor resultado de la Temporada 2025,&hellip;\n","protected":false},"author":2,"featured_media":105604,"comment_status":"","ping_status":"","sticky":false,"template":"","format":"standard","meta":{"footnotes":""},"categories":[270],"tags":[168,25,24,306,271,272,27620,2099,212,23,167],"class_list":{"0":"post-105603","1":"post","2":"type-post","3":"status-publish","4":"format-standard","5":"has-post-thumbnail","7":"category-formula-1","8":"tag-deportes","9":"tag-es","10":"tag-espana","11":"tag-f1","12":"tag-formula-1","13":"tag-formula1","14":"tag-gran-premio-de-italia","15":"tag-max-verstappen","16":"tag-red-bull","17":"tag-spain","18":"tag-sports"},"share_on_mastodon":{"url":"","error":""},"_links":{"self":[{"href":"https:\/\/www.europesays.com\/es\/wp-json\/wp\/v2\/posts\/105603","targetHints":{"allow":["GET"]}}],"collection":[{"href":"https:\/\/www.europesays.com\/es\/wp-json\/wp\/v2\/posts"}],"about":[{"href":"https:\/\/www.europesays.com\/es\/wp-json\/wp\/v2\/types\/post"}],"author":[{"embeddable":true,"href":"https:\/\/www.europesays.com\/es\/wp-json\/wp\/v2\/users\/2"}],"replies":[{"embeddable":true,"href":"https:\/\/www.europesays.com\/es\/wp-json\/wp\/v2\/comments?post=105603"}],"version-history":[{"count":0,"href":"https:\/\/www.europesays.com\/es\/wp-json\/wp\/v2\/posts\/105603\/revisions"}],"wp:featuredmedia":[{"embeddable":true,"href":"https:\/\/www.europesays.com\/es\/wp-json\/wp\/v2\/media\/105604"}],"wp:attachment":[{"href":"https:\/\/www.europesays.com\/es\/wp-json\/wp\/v2\/media?parent=105603"}],"wp:term":[{"taxonomy":"category","embeddable":true,"href":"https:\/\/www.europesays.com\/es\/wp-json\/wp\/v2\/categories?post=105603"},{"taxonomy":"post_tag","embeddable":true,"href":"https:\/\/www.europesays.com\/es\/wp-json\/wp\/v2\/tags?post=105603"}],"curies":[{"name":"wp","href":"https:\/\/api.w.org\/{rel}","templated":true}]}}