{"id":105605,"date":"2025-09-10T13:39:04","date_gmt":"2025-09-10T13:39:04","guid":{"rendered":"https:\/\/www.europesays.com\/es\/105605\/"},"modified":"2025-09-10T13:39:04","modified_gmt":"2025-09-10T13:39:04","slug":"el-rio-breogan-suma-a-aleksandar-cvetkovic-a-su-pretemporada","status":"publish","type":"post","link":"https:\/\/www.europesays.com\/es\/105605\/","title":{"rendered":"El R\u00edo Breog\u00e1n suma a Aleksandar Cvetkovi\u0107 a su pretemporada"},"content":{"rendered":"<p>El <strong><a target=\"_blank\" href=\"https:\/\/www.elprogreso.es\/tags\/cb-breogan\/\" rel=\"nofollow noopener\">R\u00edo Breog\u00e1n<\/a><\/strong> incorpora este jueves al base serbio <strong>Aleksandar Cvetkovic\u00a0<\/strong>para reforzar sus entrenamientos y para disputar los encuentros de pretemporada, seg\u00fan reconoci\u00f3 <strong>Tito D\u00edaz<\/strong>, director general del club del le\u00f3n, en la rueda de prensa de presentaci\u00f3n de <strong>Bakary Dibba<\/strong>.<\/p>\n<p>La presencia del jugador serbio se produce con el fin de <strong>no sobrecargar<\/strong> a la plantilla tras la lesi\u00f3n del tambi\u00e9n base <strong>Dominik Mavra<\/strong>, que sufri\u00f3 un leve <strong>esguince de rodilla <\/strong>en el encuentro de la <strong>Copa Galicia <\/strong>ante el Club Ourense Baloncesto.<\/p>\n<p>Cvetkovic, de<strong> 31 a\u00f1os y 1,88 metros de estatura<\/strong>, ya form\u00f3 parte del club lucense en la temporada <strong>2018-2019<\/strong>. Una parte de ella a las \u00f3rdenes de Tito D\u00edaz.<\/p>\n<p>Luis Casimiro conoce bien al jugador<\/p>\n<p>El baloncestista de <strong>Belgrado <\/strong>jug\u00f3 la pasada temporada en el<strong> Sevilla Baloncesto<\/strong> (antes llamado Real Betis), con el que consigui\u00f3 el <strong>ascenso <\/strong>no consumado finalmente a la Liga Endesa.<\/p>\n<p>El jugador coincidi\u00f3 con su actual t\u00e9cnico, <strong>Luis Casimiro<\/strong>, durante su estancia en el conjunto sevillano, en la <strong>ACB <\/strong>entre los a\u00f1os\u00a02021 y 2023.<\/p>\n","protected":false},"excerpt":{"rendered":"El R\u00edo Breog\u00e1n incorpora este jueves al base serbio Aleksandar Cvetkovic\u00a0para reforzar sus entrenamientos y para disputar los&hellip;\n","protected":false},"author":2,"featured_media":105606,"comment_status":"","ping_status":"","sticky":false,"template":"","format":"standard","meta":{"footnotes":""},"categories":[269],"tags":[299,298,8778,168,25,24,831,961,23,167],"class_list":{"0":"post-105605","1":"post","2":"type-post","3":"status-publish","4":"format-standard","5":"has-post-thumbnail","7":"category-baloncesto","8":"tag-baloncesto","9":"tag-basketball","10":"tag-cb-breogan","11":"tag-deportes","12":"tag-es","13":"tag-espana","14":"tag-liga-acb","15":"tag-pretemporada","16":"tag-spain","17":"tag-sports"},"share_on_mastodon":{"url":"","error":""},"_links":{"self":[{"href":"https:\/\/www.europesays.com\/es\/wp-json\/wp\/v2\/posts\/105605","targetHints":{"allow":["GET"]}}],"collection":[{"href":"https:\/\/www.europesays.com\/es\/wp-json\/wp\/v2\/posts"}],"about":[{"href":"https:\/\/www.europesays.com\/es\/wp-json\/wp\/v2\/types\/post"}],"author":[{"embeddable":true,"href":"https:\/\/www.europesays.com\/es\/wp-json\/wp\/v2\/users\/2"}],"replies":[{"embeddable":true,"href":"https:\/\/www.europesays.com\/es\/wp-json\/wp\/v2\/comments?post=105605"}],"version-history":[{"count":0,"href":"https:\/\/www.europesays.com\/es\/wp-json\/wp\/v2\/posts\/105605\/revisions"}],"wp:featuredmedia":[{"embeddable":true,"href":"https:\/\/www.europesays.com\/es\/wp-json\/wp\/v2\/media\/105606"}],"wp:attachment":[{"href":"https:\/\/www.europesays.com\/es\/wp-json\/wp\/v2\/media?parent=105605"}],"wp:term":[{"taxonomy":"category","embeddable":true,"href":"https:\/\/www.europesays.com\/es\/wp-json\/wp\/v2\/categories?post=105605"},{"taxonomy":"post_tag","embeddable":true,"href":"https:\/\/www.europesays.com\/es\/wp-json\/wp\/v2\/tags?post=105605"}],"curies":[{"name":"wp","href":"https:\/\/api.w.org\/{rel}","templated":true}]}}