{"id":105611,"date":"2025-09-10T13:42:06","date_gmt":"2025-09-10T13:42:06","guid":{"rendered":"https:\/\/www.europesays.com\/es\/105611\/"},"modified":"2025-09-10T13:42:06","modified_gmt":"2025-09-10T13:42:06","slug":"a-cristiano-ronaldo-no-le-gusta-especialmente-mi-arquitectura-pero-vino-a-nosotros-porque-sabe-que-hacemos-lo-mejor","status":"publish","type":"post","link":"https:\/\/www.europesays.com\/es\/105611\/","title":{"rendered":"A Cristiano Ronaldo no le gusta especialmente mi arquitectura, pero vino a nosotros porque sabe que hacemos lo mejor"},"content":{"rendered":"<p>En el panorama de la <a href=\"https:\/\/www.revistainteriores.es\/estilo-de-vida\/diferencia-entre-edificios-espanoles-otros-paises-explicada-por-jaime-salva-arquitecto_10090\" rel=\"nofollow noopener\" target=\"_blank\"><strong>arquitectura espa\u00f1ola<\/strong><\/a>, pocos nombres despiertan tantas asociaciones con lujo y celebridad como el de <strong>Joaqu\u00edn Torres<\/strong>. Al frente del <a href=\"https:\/\/a-cero.com\/\" rel=\"nofollow noopener\" target=\"_blank\">estudio A-Cero<\/a>, junto a Rafael Llamazares, lleva <strong>m\u00e1s de dos d\u00e9cadas <\/strong>transformando solares en <strong>residencias de ensue\u00f1o<\/strong> para algunos de los rostros m\u00e1s conocidos del deporte y la m\u00fasica. <strong>Cristiano Ronaldo, Zinedine Zidane, Alejandro Sanz o Elsa Pataky <\/strong>forman parte de una lista de clientes que, a base de proyectos singulares, han cimentado su reputaci\u00f3n como<strong> el \u00abarquitecto de los famosos\u00bb.<\/strong><\/p>\n<p>Su estilo es inconfundible: vol\u00famenes potentes, geometr\u00edas escult\u00f3ricas y una <strong>b\u00fasqueda constante de <a href=\"https:\/\/www.revistainteriores.es\/estilo-de-vida\/estas-son-tendencias-que-van-hacer-tu-vida-mas-bonita-sobre-todo-mas-funcional_9713\" rel=\"nofollow noopener\" target=\"_blank\">equilibrio entre arte y funcionalidad<\/a><\/strong>. Sin embargo, m\u00e1s all\u00e1 de lo formal, Torres ha sabido entender algo <a href=\"https:\/\/www.revistainteriores.es\/tendencias\/asi-es-nuevo-lujo-segun-expertos-arquitectura-sentir-que-vives-alejado-ciudad-pleno-centro_11484\" rel=\"nofollow noopener\" target=\"_blank\">clave en el mundo del lujo<\/a>: la arquitectura no solo construye casas, tambi\u00e9n construye marcas.<\/p>\n<p><a href=\"https:\/\/www.revistainteriores.es\/ideas-casa\/julia-coy-arquitecta-piso-pequeno-75-m2-elimina-pasillo-distribuidor-para-ganar-espacio_12057\" data-ga4_event=\"custom_event\" data-ga4_event_name=\"click_intext\" data-ga4_link_url=\"https:\/\/www.revistainteriores.es\/ideas-casa\/julia-coy-arquitecta-piso-pequeno-75-m2-elimina-pasillo-distribuidor-para-ganar-espacio_12057\" data-ga4_link_text=\"julia_coy_arquitecta_en_un_piso_pequeno_de_75_m2_elimina_el_pasillo_distribuidor_y_orienta_las_vistas_hacia_la_fachada_exterior_para_ganar_espacio_y_luz\" data-ga4_content_type=\"photo\" data-ga4_element=\"related\" rel=\"nofollow noopener\" target=\"_blank\">&#13;&#13;<img loading=\"lazy\" decoding=\"async\" src=\"https:\/\/www.europesays.com\/es\/wp-content\/uploads\/2025\/09\/julia-coy-arquitecta_0cd5602e_250909134426_600x600.webp.webp\" alt=\"Julia Coy, arquitecta\" class=\"lazyload\" width=\"600\" height=\"600\" data-aspectratio=\"600\/600\"\/>&#13;&#13;<\/p>\n<p class=\"epigraph\">                    &#13;Noticia relacionada<\/p>\n<p class=\"title\">Julia Coy, arquitecta: \u00abEn un piso peque\u00f1o de 75 m2, elimina el pasillo distribuidor y orienta las vistas hacia la fachada exterior para ganar espacio y luz\u00bb<\/p>\n<p class=\"author-title\">Pablo S\u00e1nchez-Monta\u00f1\u00e9s Quintana<\/p>\n<p><\/a>El peso de la marca en la arquitectura de \u00e9lite&#13;<img loading=\"lazy\" decoding=\"async\"   src=\"https:\/\/www.europesays.com\/es\/wp-content\/uploads\/2025\/09\/casa-estudio-arquitectura-a-cero_0cc7410e_250909124628_1680x1120.webp.webp\" alt=\"Casa estudio arquitectura A-Cero\" class=\"lazyload\" width=\"1680\" height=\"1120\" data-aspectratio=\"1680\/1120\"\/><\/p>\n<p>&#13;&#13;Foto: A-cero&#13;<\/p>\n<p>En una entrevista con el portal Idealista, el arquitecto lo resum\u00eda con claridad: \u00abLa<strong> inmensa mayor\u00eda de celebridades <\/strong>que han venido a nosotros <strong>ha sido por un concepto de marca<\/strong>\u00ab. Un cliente estrella, al final, no busca \u00fanicamente enamorarse de una est\u00e9tica; busca la<strong> tranquilidad de estar en manos de un nombre reconocido<\/strong>, de alguien que simbolice prestigio.<\/p>\n<p>&#13;<img loading=\"lazy\" decoding=\"async\"   src=\"https:\/\/www.europesays.com\/es\/wp-content\/uploads\/2025\/09\/espacio-estudio-arquitectura-a-cero_4f2694bf_250909124646_1280x854.webp.webp\" alt=\"Espacio estudio arquitectura A-Cero\" class=\"lazyload\" width=\"1280\" height=\"854\" data-aspectratio=\"1280\/854\"\/><\/p>\n<p>&#13;&#13;Foto: A-cero&#13;<\/p>\n<p>\u00a0<\/p>\n<p>El<strong> ejemplo de Cristiano Ronaldo<\/strong> lo ilustra a la perfecci\u00f3n. Seg\u00fan Torres, \u00abno le gusta especialmente mi arquitectura, pero confi\u00f3 en nuestro trabajo porque, <strong>en ese momento, pregunt\u00f3 cu\u00e1les son los buenos arquitectos residenciales<\/strong>, y al igual que va a Gucci a comprar su ropa, vino a nosotros porque <strong>sabe que lo que hacemos es lo mejor<\/strong>\u00ab. La comparaci\u00f3n con el universo de la moda de lujo revela c\u00f3mo funciona este mercado: se trata de adquirir lo mejor, lo m\u00e1s exclusivo, aunque la afinidad est\u00e9tica quede en segundo plano.<\/p>\n<p>Una trayectoria marcada por casualidades<\/p>\n<p>El primer gran encargo de Joaqu\u00edn Torres en el mundo celebrity lleg\u00f3 casi por accidente. Coincidi\u00f3 con el <strong>futbolista Fernando Hierro<\/strong> en una tienda de ropa madrile\u00f1a que \u00e9l mismo hab\u00eda reformado. Al deportista <strong>le fascin\u00f3 el resultado y decidi\u00f3 confiarle su vivienda<\/strong>. \u00abNo sab\u00eda qui\u00e9n era, ya que no me gusta el f\u00fatbol\u00bb, recuerda el arquitecto. A partir de ese momento, el boca a boca hizo su trabajo: un famoso llev\u00f3 a otro, y as\u00ed hasta consolidar una reputaci\u00f3n que lo coloc\u00f3 en el radar de deportistas, cantantes y actores.<\/p>\n<p>Los retos de trabajar para celebridades&#13;<img loading=\"lazy\" decoding=\"async\"   src=\"https:\/\/www.europesays.com\/es\/wp-content\/uploads\/2025\/09\/casa-estudio-arquitectura-a-cero_9b77a85a_250909124702_1280x854.webp.webp\" alt=\"Casa estudio arquitectura A-Cero\" class=\"lazyload\" width=\"1280\" height=\"854\" data-aspectratio=\"1280\/854\"\/><\/p>\n<p>&#13;&#13;Foto: A-cero&#13;<\/p>\n<p>Dise\u00f1ar para <strong>clientes de alto nivel no es siempre un camino sencillo<\/strong>. La vida personal y profesional de una estrella cambia a gran velocidad, y con ella las necesidades arquitect\u00f3nicas. Como explica el propio arquitecto: \u00abCuando un cliente te escoge por concepto de marca, el miedo es permanente. Si adem\u00e1s se suman fama, dinero, ego y juventud, el resultado se convierte en una mezcla explosiva\u00bb.<\/p>\n<p>&#13;<img loading=\"lazy\" decoding=\"async\"   src=\"https:\/\/www.europesays.com\/es\/wp-content\/uploads\/2025\/09\/espacio-estudio-arquitectura-a-cero_d131866f_250909124713_2000x1333.webp.webp\" alt=\"Espacio estudio arquitectura A-Cero\" class=\"lazyload\" width=\"2000\" height=\"1333\" data-aspectratio=\"2000\/1333\"\/><\/p>\n<p>&#13;&#13;Foto: A-cero&#13;<\/p>\n<p>El <strong>caso de Fernando Torres<\/strong> lo ejemplifica bien. \u00abMe acuerdo de que era un chaval que ni estaba casado ni ten\u00eda hijos, y cuando le termin\u00e9 la casa, estaba casado y con un hijo. Todo eso en el transcurso de dos a\u00f1os\u00bb, se\u00f1ala Joaqu\u00edn Torres. El propio futbolista reconoci\u00f3 que, de haberlo sabido, habr\u00eda encargado una vivienda distinta, adaptada a su nueva situaci\u00f3n familiar.<\/p>\n<p>Una mirada al futuro<\/p>\n<p>A pesar de estar vinculado al lujo, Joaqu\u00edn Torres defiende una visi\u00f3n mucho m\u00e1s amplia de la arquitectura. La sostenibilidad y la eficiencia son para \u00e9l pilares irrenunciables de lo que viene: \u00abLa <strong>construcci\u00f3n industrializada es el futuro.<\/strong> Si la automoci\u00f3n ya lo ha hecho, la arquitectura no puede quedarse atr\u00e1s\u00bb, declaraba en la misma entrevista.<\/p>\n<p>Esa mirada trasciende lo exclusivo y lo ostentoso. Habla de responsabilidad medioambiental y de la necesidad de <strong>acercar la buena arquitectura a un p\u00fablico m\u00e1s amplio<\/strong>, sin renunciar a la calidad ni a la belleza. Porque para Joaqu\u00edn, el reto del futuro es que el dise\u00f1o deje de ser solo un s\u00edmbolo de estatus y se convierta en una herramienta de bienestar accesible.<\/p>\n<p><a href=\"https:\/\/www.revistainteriores.es\/estilo-de-vida\/jaime-salva-arquitecto-casas-orientacion-sur-aportan-luz-natural-que-muchos-clientes-valoran-por-su-calidez-su-efecto-positivo-estado-animo_11846\" data-ga4_event=\"custom_event\" data-ga4_event_name=\"click_intext\" data-ga4_link_url=\"https:\/\/www.revistainteriores.es\/estilo-de-vida\/jaime-salva-arquitecto-casas-orientacion-sur-aportan-luz-natural-que-muchos-clientes-valoran-por-su-calidez-su-efecto-positivo-estado-animo_11846\" data-ga4_link_text=\"jaime_salva_arquitecto_las_casas_con_orientacion_sur_aportan_una_luz_natural_que_muchos_clientes_valoran_por_su_calidez_y_su_efecto_positivo_en_el_estado_de_animo\" data-ga4_content_type=\"photo\" data-ga4_element=\"related\" rel=\"nofollow noopener\" target=\"_blank\">&#13;&#13;<img loading=\"lazy\" decoding=\"async\" src=\"https:\/\/www.europesays.com\/es\/wp-content\/uploads\/2025\/09\/jaime-salva-arquitecto-orientacion-sur-casa_be88a59d_250729185839_600x600.webp.webp\" alt=\"jaime salva\u0301 arquitecto orientacio\u0301n sur casa\" class=\"lazyload\" width=\"600\" height=\"600\" data-aspectratio=\"600\/600\"\/>&#13;&#13;<\/p>\n<p class=\"epigraph\">                    &#13;Noticia relacionada<\/p>\n<p class=\"title\">Jaime Salv\u00e1, arquitecto: \u00abLas casas con orientaci\u00f3n sur aportan una luz natural que muchos clientes valoran por su calidez y su efecto positivo en el estado de \u00e1nimo\u00bb<\/p>\n<p><\/a><\/p>\n","protected":false},"excerpt":{"rendered":"En el panorama de la arquitectura espa\u00f1ola, pocos nombres despiertan tantas asociaciones con lujo y celebridad como el&hellip;\n","protected":false},"author":2,"featured_media":105612,"comment_status":"","ping_status":"","sticky":false,"template":"","format":"standard","meta":{"footnotes":""},"categories":[173],"tags":[229,233,231,230,232,234,146,147,25,24,23],"class_list":{"0":"post-105611","1":"post","2":"type-post","3":"status-publish","4":"format-standard","5":"has-post-thumbnail","7":"category-arte-y-diseno","8":"tag-arte","9":"tag-arte-y-diseno","10":"tag-arts","11":"tag-arts-and-design","12":"tag-design","13":"tag-diseno","14":"tag-entertainment","15":"tag-entretenimiento","16":"tag-es","17":"tag-espana","18":"tag-spain"},"share_on_mastodon":{"url":"","error":""},"_links":{"self":[{"href":"https:\/\/www.europesays.com\/es\/wp-json\/wp\/v2\/posts\/105611","targetHints":{"allow":["GET"]}}],"collection":[{"href":"https:\/\/www.europesays.com\/es\/wp-json\/wp\/v2\/posts"}],"about":[{"href":"https:\/\/www.europesays.com\/es\/wp-json\/wp\/v2\/types\/post"}],"author":[{"embeddable":true,"href":"https:\/\/www.europesays.com\/es\/wp-json\/wp\/v2\/users\/2"}],"replies":[{"embeddable":true,"href":"https:\/\/www.europesays.com\/es\/wp-json\/wp\/v2\/comments?post=105611"}],"version-history":[{"count":0,"href":"https:\/\/www.europesays.com\/es\/wp-json\/wp\/v2\/posts\/105611\/revisions"}],"wp:featuredmedia":[{"embeddable":true,"href":"https:\/\/www.europesays.com\/es\/wp-json\/wp\/v2\/media\/105612"}],"wp:attachment":[{"href":"https:\/\/www.europesays.com\/es\/wp-json\/wp\/v2\/media?parent=105611"}],"wp:term":[{"taxonomy":"category","embeddable":true,"href":"https:\/\/www.europesays.com\/es\/wp-json\/wp\/v2\/categories?post=105611"},{"taxonomy":"post_tag","embeddable":true,"href":"https:\/\/www.europesays.com\/es\/wp-json\/wp\/v2\/tags?post=105611"}],"curies":[{"name":"wp","href":"https:\/\/api.w.org\/{rel}","templated":true}]}}