{"id":105613,"date":"2025-09-10T13:43:09","date_gmt":"2025-09-10T13:43:09","guid":{"rendered":"https:\/\/www.europesays.com\/es\/105613\/"},"modified":"2025-09-10T13:43:09","modified_gmt":"2025-09-10T13:43:09","slug":"de-la-cirrosis-hepatica-y-el-toc-de-su-madre-a-las-discusiones-en-casa","status":"publish","type":"post","link":"https:\/\/www.europesays.com\/es\/105613\/","title":{"rendered":"de la cirrosis hep\u00e1tica y el TOC de su madre a las discusiones en casa"},"content":{"rendered":"<p class=\"paragraph\" id=\"paragraph_1\">Este mi\u00e9rcoles, 10 de septiembre, es un d\u00eda important\u00edsimo en la vida de la modelo y empresaria <strong><a cmp-ltrk=\"links-parrafos\" cmp-ltrk-idx=\"0\" data-mrf-link=\"https:\/\/www.elespanol.com\/corazon\/famosos\/20250908\/mar-flores-recuerda-peor-etapa-acabo-uci-no-pude-creia-no-merecia-seguir-viviendo\/1003743915331_0.html\" href=\"https:\/\/www.elespanol.com\/corazon\/famosos\/20250908\/mar-flores-recuerda-peor-etapa-acabo-uci-no-pude-creia-no-merecia-seguir-viviendo\/1003743915331_0.html?utm_cmp_rs=linksinline\" mrfobservableid=\"abb73e95-374a-4cd2-9bd2-11711b5ba0c8\" rel=\"nofollow noopener\" target=\"_blank\">Mar Flores<\/a> <\/strong>(56 a\u00f1os): sale a la venta su libro autobiogr\u00e1fico, <strong>Mar en calma<\/strong>, en el que narra los episodios m\u00e1s importantes de su vida. Lo hace con<strong> valent\u00eda<\/strong>, <strong>sinceridad<\/strong> y <strong>sin miedo<\/strong>.<\/p>\n<p class=\"paragraph\" id=\"paragraph_2\">Horas antes de que la obra literaria llegara a las librer\u00edas, <strong>EL ESPA\u00d1OL<\/strong> ha tenido acceso a los cuatro primeros cap\u00edtulos del libro. Un total de 31 p\u00e1ginas que se diseccionan en este art\u00edculo. El tomo arranca con la<strong> dedicatoria<\/strong> que Mar escribe a sus hijos.<\/p>\n<p class=\"paragraph\" id=\"paragraph_3\">Le sigue, acto seguido, un pr\u00f3logo y una carta de la autora. Adem\u00e1s, en este peque\u00f1o avance tambi\u00e9n se revelan los nombres con los que Flores firma los <strong>42 cap\u00edtulos del libro de su vida<\/strong>.<\/p>\n<p><img loading=\"lazy\" decoding=\"async\" alt=\"Mar Flores\" height=\"180\" src=\"https:\/\/www.europesays.com\/es\/wp-content\/uploads\/2025\/09\/1003743915344_258521645_320x180.jpg\" width=\"320\" data-lazy-status=\"processed\" data-lazy-info=\"remove loading item 1\"\/><\/p>\n<p class=\"paragraph\" id=\"paragraph_4\">Algunos de estos enunciados hacen referencia a t\u00edtulos cinematogr\u00e1ficos, como <strong>Los cuatro jinetes del apocalipsis<\/strong> -haciendo alusi\u00f3n a quienes la traicionaron con la portada de Intervi\u00fa-, En busca de la felicidad -filme protagonizado por <strong>Will Smith<\/strong>&#8211; o <strong>Million Dollar Baby<\/strong>, entre otros.<\/p>\n<p class=\"paragraph\" id=\"paragraph_5\">En lo que respecta a la <strong>emotiva dedicatoria<\/strong>, Mar\u00eda del Mar Flores Caballero -su nombre real- brinda esta obra a sus cinco hijos: \u00abA mis cinco hijos, para que cuando quieran, puedan o lo sientan, conozcan de mi pu\u00f1o y letra la verdadera historia de mi vida que nunca les cont\u00e9\u00bb.<\/p>\n<p><img decoding=\"async\" alt=\"La portada del libro de Mar Flores.\" data-imgm=\"true\" height=\"1152\" loading=\"lazy\"  src=\"https:\/\/www.europesays.com\/es\/wp-content\/uploads\/2025\/09\/1003743918244_258575444_960x1706.jpg\"  width=\"648\"\/><\/p>\n<p>                                                            La portada del libro de Mar Flores.<\/p>\n<p class=\"paragraph\" id=\"paragraph_6\">Y a\u00f1ade: \u00abEspero que pod\u00e1is extraer conclusiones justas que os ayuden a trazar vuestro camino y a recordar siempre que <strong>cada uno de vosotros sois mi raz\u00f3n de ser<\/strong>\u00ab. El pr\u00f3logo de Mar en calma pone el acento en la <strong>injusticia social<\/strong> que vivi\u00f3 Mar en los a\u00f1os noventa. <\/p>\n<p class=\"paragraph\" id=\"paragraph_7\">\u00abEn los a\u00f1os noventa Mar Flores acapar\u00f3 cientos de portadas de revistas, noticias de peri\u00f3dicos y horas y horas de tertulias de radio y televisi\u00f3n. \u00bfLos motivos? Por encima de su belleza o de su trabajo como modelo, actriz y presentadora <strong>se priorizaron sus relaciones sentimentales<\/strong>\u00ab, comienza este apartado.<\/p>\n<p class=\"paragraph\" id=\"paragraph_8\">\u00abEra una mujer joven y guapa que sali\u00f3 con algunos hombres muy conocidos. A la sombra del esc\u00e1ndalo, fue vapuleada, ofendida y acosada por todo un pa\u00eds que a\u00fan viv\u00eda bajo <strong>c\u00f3digos machistas muy enraizados<\/strong>. Nadie se puso en su lugar\u00bb, se agrega. <\/p>\n<p class=\"paragraph\" id=\"paragraph_9\">\u00abNadie vio a la hija, a la hermana, a la madre, a la amiga. Nadie vio a Mar, <strong>nadie la escuch\u00f3<\/strong>. Por eso ahora, muchos a\u00f1os despu\u00e9s (&#8230;), Mar saca a flote a la mujer, la misma que sufri\u00f3 la tiran\u00eda de una <strong>sociedad nada ben\u00e9vola con el g\u00e9nero femenino<\/strong>\u00ab.<\/p>\n<p class=\"paragraph\" id=\"paragraph_10\">\u00abA trav\u00e9s de sus experiencias, jam\u00e1s antes escuchadas y contadas en primera persona, descubriremos a la mujer que<strong> call\u00f3 sin otorgar<\/strong> y sufri\u00f3 un<strong> acoso despiadado<\/strong>. (&#8230;) Muchas de esas vivencias la convirtieron en una persona resolutiva y resiliente (&#8230;)\u00bb, concluye el pr\u00f3logo. <\/p>\n<p>Carta de la autora<\/p>\n<p class=\"paragraph\" id=\"paragraph_11\">En la carta de la autora, Mar Flores descubre su suerte de v\u00ednculo con <strong>David Beckham<\/strong> (50), figura a la que, admite, prejuzg\u00f3: \u00abCuando hace unos meses decid\u00ed ver el documental de Beckham, <strong>admito que me sent\u00e9 ante la pantalla sin demasiadas expectativas<\/strong>\u00ab.<\/p>\n<p><img decoding=\"async\" alt=\"Mar Flores en un acto p\u00fablico.\" data-imgm=\"true\" height=\"180\" loading=\"lazy\"  src=\"https:\/\/www.europesays.com\/es\/wp-content\/uploads\/2025\/09\/1003743918245_258575494_1024x576.jpg\"  width=\"320\"\/><\/p>\n<p>                                                            Mar Flores en un acto p\u00fablico.<\/p>\n<p>                    Gtres<\/p>\n<p class=\"paragraph\" id=\"paragraph_12\">\u00abY quiz\u00e1 con algunos prejuicios, algo que yo misma, habiendo vivido lo que he vivido, no deber\u00eda haber hecho. (&#8230;) Mi sensaci\u00f3n al verlo, sin conocerlo de nada,<strong> fue que el resultado fue admirable y humanizaba a un personaje prejuzgado y a veces sentenciado socialmente<\/strong>\u00ab, relata Mar en la carta.<\/p>\n<p class=\"paragraph\" id=\"paragraph_13\">\u00abEl valor del triunfo para m\u00ed no es otra cosa que saber gestionar los momentos malos que te toquen en la vida y seguir adelante con fuerza. (&#8230;) <strong>Me he movido por amor y no concibo la vida y sus actos de otra manera<\/strong>\u00ab, defiende la modelo.<\/p>\n<p class=\"paragraph\" id=\"paragraph_14\">\u00ab(&#8230;) He podido comprobar que todas las personas que fueron a deg\u00fcello conmigo, y a hacerme da\u00f1o a conciencia, <strong>han tenido que pasar por situaciones cien mil veces m\u00e1s complicadas que las que me hicieron pasar a m\u00ed<\/strong>\u00ab, remacha Mar.<\/p>\n<p class=\"paragraph\" id=\"paragraph_15\">Acto seguido, Mar Flores reflexiona sobre el t\u00e9rmino soltar amarras: \u00abHe tardado muchos a\u00f1os en aprender a decir que no. <strong>En todos los \u00e1mbitos de mi vida<\/strong>,<strong> dec\u00eda s\u00ed a todo<\/strong>. En la pasarela, en las sesiones de fotos, con mi familia, con mis amigos y con mis parejas\u00bb.<\/p>\n<p>Primer cap\u00edtulo<\/p>\n<p><img decoding=\"async\" alt=\"La modelo y empresaria en un photocall.\" data-imgm=\"true\" height=\"1152\" loading=\"lazy\"  src=\"https:\/\/www.europesays.com\/es\/wp-content\/uploads\/2025\/09\/1003743918247_258575510_960x1706.jpg\"  width=\"648\"\/><\/p>\n<p>                                                            La modelo y empresaria en un photocall.<\/p>\n<p>                    Gtres<\/p>\n<p class=\"paragraph\" id=\"paragraph_16\">Se titula <strong>Una felicidad de otra \u00e9poca<\/strong>. En \u00e9l, la empresaria y madre de <strong>Carlo Costanzia<\/strong> (32) habla de los dos mejores momentos que pas\u00f3 con su familia:<strong> la Navidad y el verano<\/strong>. Rememora Mar c\u00f3mo su padre \u00ab<strong>decoraba toda la casa<\/strong>\u00ab, \u00abtodos ten\u00edamos unos regalos de Reyes fant\u00e1sticos\u00bb.<\/p>\n<p class=\"paragraph\" id=\"paragraph_17\">\u00abEn verano, como por arte de magia, mi casa se transformaba y mis padres tambi\u00e9n. Ni siquiera discut\u00edan entre ellos, <strong>algo bastante com\u00fan<\/strong> y a lo que nosotros, sus cinco hijos, est\u00e1bamos bastante acostumbrados. <strong>Pero era arrancar el verano y cambiar el gesto<\/strong>\u00ab.<\/p>\n<p class=\"paragraph\" id=\"paragraph_18\">\u00ab(&#8230;) Volver a esos recuerdos, a mis 56 a\u00f1os, me sigue impactando much\u00edsimo. Tanto y de tan buena manera que, en cuanto tuve hijos, <strong>repliqu\u00e9 los patrones de esa agradable sensaci\u00f3n de felicidad<\/strong>\u00ab, concluye. <\/p>\n<p>Segundo cap\u00edtulo<\/p>\n<p class=\"paragraph\" id=\"paragraph_19\">Titulado como<strong> La edad de la inocencia<\/strong>. Aqu\u00ed se zambulle Mar en los lazos familiares y afectivos. \u00ab<strong>Somos cinco hermanos<\/strong>,<strong> cuatro chicas y un chico<\/strong>. Yo soy la peque\u00f1a y creo que fui una persona deseada para mis padres, porque ya ten\u00edan tres ni\u00f1as y un ni\u00f1o. Y me llevo muchos a\u00f1os con ellos, algo que me hace pensar que hab\u00edan descartado tener m\u00e1s hijos\u00bb, explica Mar.<\/p>\n<p class=\"paragraph\" id=\"paragraph_20\">\u00abHan sido muchas las veces que he hablado con mis hermanas para preguntarles su versi\u00f3n. \u00bfFui una ni\u00f1a deseada? (&#8230;) \u00bf<strong>Mi infancia fue feliz<\/strong>? \u00bf<strong>Pap\u00e1 y mam\u00e1 me quer\u00edan<\/strong>? (&#8230;) Mis hermanas cuentan que (&#8230;) mi llegada supuso una felicidad inmensa para todos los miembros de la familia\u00bb.<\/p>\n<p class=\"paragraph\" id=\"paragraph_21\">Mar rescata del pasado un dur\u00edsimo trance en la vida de su madre: \u00abEntre mi hermano y yo,<strong> mi madre sufri\u00f3 alg\u00fan aborto natural y un parto malogrado<\/strong>, en el que perdi\u00f3 mucha sangre. Hubo que ponerle transfusiones, con la a\u00f1adida mala fortuna de que, en una de ellas, la transmitieron la <strong>hepatitis<\/strong>, una enfermedad que le complic\u00f3 bastante la vida\u00bb.<\/p>\n<p class=\"paragraph\" id=\"paragraph_22\">Despu\u00e9s de aquello, naci\u00f3 Mar: \u00abMi madre siempre sinti\u00f3 la pesada carga del miedo de haberme contagiado algo malo. <strong>Creo que ten\u00eda verdadero p\u00e1nico a que yo pudiera estar enferma por su culpa<\/strong>. (&#8230;) Reconozco que nunca me sent\u00e9 con mi madre a hablar de esto\u00bb.<\/p>\n<p class=\"paragraph\" id=\"paragraph_23\">En este episodio, Mar Flores revela que su progenitora padeci\u00f3 una <strong>cirrosis hep\u00e1tica<\/strong>: \u00abCon el tiempo, viv\u00ed muy de cerca y con la impresionabilidad que da la juventud su <strong>deterioro de salud<\/strong>, algo que result\u00f3 muy duro para m\u00ed\u00bb.<\/p>\n<p class=\"paragraph\" id=\"paragraph_24\">\u00abVer a una mujer como ella, que jam\u00e1s hab\u00eda bebido nada de nada, con una<strong> cirrosis hep\u00e1tica<\/strong> grav\u00edsima resultaba demoledor. No fui consciente de eso hasta que mis hermanas acabaron cont\u00e1ndomelo. (&#8230;) <strong>Yo siempre ve\u00eda a mi madre un poco triste<\/strong>, <strong>quiz\u00e1 hasta un poco depresiva<\/strong>\u00ab.<\/p>\n<p class=\"paragraph\" id=\"paragraph_25\">\u00ab(&#8230;) He sentido muchas veces que entre nosotras qued\u00f3 una <strong>importante conversaci\u00f3n pendiente<\/strong>. (&#8230;) S\u00e9 que ella estaba encantada de tener a su ni\u00f1a peque\u00f1a, que era yo, pero siempre sent\u00ed que viv\u00eda con ese <strong>p\u00e1nico brutal<\/strong> y, por desgracia, me lo transmiti\u00f3\u00bb.<\/p>\n<p class=\"paragraph\" id=\"paragraph_26\">\u00abMi madre, aparte de vivir en una <strong>constante preocupaci\u00f3n<\/strong>, ten\u00eda un<strong> TOC de la limpieza bestial<\/strong>. Todo en casa estaba perfecto. Era capaz de montarte un n\u00famero por encontrarse una cosa cambiada de sitio. (&#8230;) Con ella de cerca me sent\u00eda querida, pero un poco <strong>atada y vigilada<\/strong>\u00ab.<\/p>\n<p>Tercer cap\u00edtulo<\/p>\n<p><img decoding=\"async\" alt=\"Mar Flores en un acto p\u00fablico.\" data-imgm=\"true\" height=\"240\" loading=\"lazy\"  src=\"https:\/\/www.europesays.com\/es\/wp-content\/uploads\/2025\/09\/1003743918248_258575543_854x640.jpg\"  width=\"320\"\/><\/p>\n<p>                                                            Mar Flores en un acto p\u00fablico.<\/p>\n<p>                    Gtres<\/p>\n<p class=\"paragraph\" id=\"paragraph_27\">Se titula este cap\u00edtulo <strong>Pan duro<\/strong>. Ahonda en la capacidad de trabajo y esfuerzo que le inculc\u00f3 su madre: que nadie es gratis y todo necesita tes\u00f3n en esta vida.<\/p>\n<p class=\"paragraph\" id=\"paragraph_28\">\u00abCuando mi madre se enfadaba con nosotros, algo que pod\u00eda suceder en cualquier momento y por cualquier insospechado asunto, se quitaba la zapatilla de andar por casa, la cog\u00eda con todas sus fuerzas y <strong>te la lanzaba desde el fondo del pasillo con una punter\u00eda alucinante<\/strong>\u00ab, narra Mar.<\/p>\n<p class=\"paragraph\" id=\"paragraph_29\">En esa l\u00ednea, explica Mar en su obra que las<strong> discusiones<\/strong> entre sus padres eran constantes: \u00abMis padres no se separaron nunca, pero <strong>discut\u00edan mucho<\/strong>, supongo que como tantas parejas de la \u00e9poca. Las separaciones estaban mal vistas. (&#8230;) No recuerdo que tuvieran una vida social activa\u00bb.<\/p>\n<p class=\"paragraph\" id=\"paragraph_30\">Detalla, adem\u00e1s, la modelo las diferencias econ\u00f3micas entre la familia de su padre y de su madre: \u00abMis abuelos paternos ten\u00edan dinero, fincas, pisos. Pod\u00edan presumir de tener buena posici\u00f3n. <strong>Pero la familia de mi madre no tanto<\/strong>\u00ab.<\/p>\n<p class=\"paragraph\" id=\"paragraph_31\">\u00abDe hecho, mi abuela materna se enfad\u00f3 much\u00edsimo con mi madre cuando le dijo que se iba a casar con mi padre. <strong>Tanto se enfureci\u00f3 que ni siquiera fue a la boda<\/strong>. Mi abuela consideraba que mi madre, viniendo de una familia humilde, <strong>no deb\u00eda casarse con alguien con un nivel econ\u00f3mico superior<\/strong>\u00ab.<\/p>\n<p class=\"paragraph\" id=\"paragraph_32\">En este cap\u00edtulo, Mar Flores recuerda que su madre le hizo comer pan duro: \u00abPuedo entender que mi abuela hiciera a mi madre comer pan duro. (&#8230;) \u00bfPero que mi madre me hiciera a m\u00ed comer pan duro? Hasta tal punto llegaba su obsesi\u00f3n para hacerme entender que la vida era dura que <strong>no me dejaba comer el pan tierno que yo misma bajaba a comprar cada d\u00eda<\/strong>\u00ab.<\/p>\n<p>Cuarto cap\u00edtulo<\/p>\n<p><img decoding=\"async\" alt=\"Mar Flores en un acto p\u00fablico en Madrid, en 2022.\" data-imgm=\"true\" height=\"1152\" loading=\"lazy\"  src=\"https:\/\/www.europesays.com\/es\/wp-content\/uploads\/2025\/09\/1003743918250_258575597_960x1706.jpg\"  width=\"648\"\/><\/p>\n<p>                                                            Mar Flores en un acto p\u00fablico en Madrid, en 2022.<\/p>\n<p>                    Gtres<\/p>\n<p class=\"paragraph\" id=\"paragraph_33\">Recibe el t\u00edtulo de<strong> El bofet\u00f3n<\/strong>. Arguye en este cap\u00edtulo Mar Flores que con su padre siempre se llev\u00f3 de f\u00e1bula, y \u00e9l la consideraba su \u00ab<strong>hija favorita<\/strong>\u00ab. \u00abMis hermanas siempre protestaban: &#8216;Ya est\u00e1 la ni\u00f1a otra vez con pap\u00e1&#8217;, dec\u00edan. Creo que me ten\u00edan un poco de envidia\u00bb.<\/p>\n<p class=\"paragraph\" id=\"paragraph_34\">Mar recuerda c\u00f3mo en casa los<strong> horarios eran muy estrictos<\/strong> y cuando sal\u00eda con las amigas siempre deb\u00eda regresar a las diez de la noche, ni un minuto m\u00e1s tarde. Pasaba miedo volviendo sola a casa y un d\u00eda se atrevi\u00f3 a llegar m\u00e1s tarde para ir acompa\u00f1ada de sus amigas.<\/p>\n<p class=\"paragraph\" id=\"paragraph_35\">\u00abAl entrar en casa, sin mediar palabra, mi padre me calz\u00f3 un <strong>sonoro bofet\u00f3n<\/strong> que me doli\u00f3 en la cara, pero sobre todo en el alma. Nadie dijo nada m\u00e1s, pero la situaci\u00f3n, a la semana siguiente, se volvi\u00f3 a repetir. <strong>Vuelta otra vez tarde<\/strong>, <strong>y vuelta otro bofet\u00f3n<\/strong>\u00ab.<\/p>\n<p class=\"paragraph\" id=\"paragraph_36\">As\u00ed transcurrieron los d\u00edas hasta que, cuenta Mar, un d\u00eda lleg\u00f3 tarde adrede y se plant\u00f3 ante su padre: \u00abPap\u00e1, no me vas a pegar m\u00e1s. <strong>Llego tarde aposta<\/strong>. Llevo m\u00e1s de una hora sentada abajo, en la escalera, podr\u00eda haber entrado antes y nada hubiera cambiado\u00bb.<\/p>\n<p class=\"paragraph\" id=\"paragraph_37\">Y continu\u00f3 su descargue contra su padre: \u00abNo me pod\u00e9is insistir en esto de la hora: <strong>es absurdo que me hag\u00e1is venir sola y arriesgaros<\/strong><strong> a que me pase algo<\/strong>. (&#8230;) \u00bfNo os dais cuenta de que un tortazo jam\u00e1s arregla nada? Mi padre me escuch\u00f3 y nunca m\u00e1s volvi\u00f3 a hacerlo\u00bb.<\/p>\n","protected":false},"excerpt":{"rendered":"Este mi\u00e9rcoles, 10 de septiembre, es un d\u00eda important\u00edsimo en la vida de la modelo y empresaria Mar&hellip;\n","protected":false},"author":2,"featured_media":105614,"comment_status":"","ping_status":"","sticky":false,"template":"","format":"standard","meta":{"footnotes":""},"categories":[172],"tags":[224,146,147,25,24,367,256,225,31371,9892,23],"class_list":{"0":"post-105613","1":"post","2":"type-post","3":"status-publish","4":"format-standard","5":"has-post-thumbnail","7":"category-libros","8":"tag-books","9":"tag-entertainment","10":"tag-entretenimiento","11":"tag-es","12":"tag-espana","13":"tag-familia","14":"tag-famosos","15":"tag-libros","16":"tag-libros-de-texto","17":"tag-mar-flores","18":"tag-spain"},"share_on_mastodon":{"url":"","error":""},"_links":{"self":[{"href":"https:\/\/www.europesays.com\/es\/wp-json\/wp\/v2\/posts\/105613","targetHints":{"allow":["GET"]}}],"collection":[{"href":"https:\/\/www.europesays.com\/es\/wp-json\/wp\/v2\/posts"}],"about":[{"href":"https:\/\/www.europesays.com\/es\/wp-json\/wp\/v2\/types\/post"}],"author":[{"embeddable":true,"href":"https:\/\/www.europesays.com\/es\/wp-json\/wp\/v2\/users\/2"}],"replies":[{"embeddable":true,"href":"https:\/\/www.europesays.com\/es\/wp-json\/wp\/v2\/comments?post=105613"}],"version-history":[{"count":0,"href":"https:\/\/www.europesays.com\/es\/wp-json\/wp\/v2\/posts\/105613\/revisions"}],"wp:featuredmedia":[{"embeddable":true,"href":"https:\/\/www.europesays.com\/es\/wp-json\/wp\/v2\/media\/105614"}],"wp:attachment":[{"href":"https:\/\/www.europesays.com\/es\/wp-json\/wp\/v2\/media?parent=105613"}],"wp:term":[{"taxonomy":"category","embeddable":true,"href":"https:\/\/www.europesays.com\/es\/wp-json\/wp\/v2\/categories?post=105613"},{"taxonomy":"post_tag","embeddable":true,"href":"https:\/\/www.europesays.com\/es\/wp-json\/wp\/v2\/tags?post=105613"}],"curies":[{"name":"wp","href":"https:\/\/api.w.org\/{rel}","templated":true}]}}