{"id":105615,"date":"2025-09-10T13:44:10","date_gmt":"2025-09-10T13:44:10","guid":{"rendered":"https:\/\/www.europesays.com\/es\/105615\/"},"modified":"2025-09-10T13:44:10","modified_gmt":"2025-09-10T13:44:10","slug":"las-lagrimas-de-gloria-camila-en-supervivientes-all-stars-2025-mientras-su-padre-ejerce-de-abuelo-en-espana","status":"publish","type":"post","link":"https:\/\/www.europesays.com\/es\/105615\/","title":{"rendered":"Las l\u00e1grimas de Gloria Camila en &#8216;Supervivientes All Stars 2025&#8217; mientras su padre ejerce de abuelo en Espa\u00f1a"},"content":{"rendered":"<p data-journey-content=\"true\" data-node-id=\"3\" class=\"css-i9p093 emevuu60\">Aunque todos sab\u00edan a lo que iban, los <a href=\"https:\/\/www.diezminutos.es\/teleprograma\/programas-tv\/g65474640\/supervivientes-all-stars-2025-concursantes\/\" target=\"_blank\" data-vars-ga-outbound-link=\"https:\/\/www.diezminutos.es\/teleprograma\/programas-tv\/g65474640\/supervivientes-all-stars-2025-concursantes\/\" data-vars-ga-ux-element=\"Hyperlink\" data-vars-ga-call-to-action=\"concursantes de &#039;Supervivientes All Stars 2025&#039;\" data-node-id=\"3.1\" class=\"body-link css-177bzfx emevuu60\" rel=\"nofollow noopener\">concursantes de &#8216;Supervivientes All Stars 2025&#8217;<\/a> est\u00e1n volviendo a comprobar en sus propias carnes lo dura que es la experiencia. Los retos que se les plantean no son f\u00e1ciles y, a eso, toca afrontar los juegos del programa como ocurri\u00f3 el martes 9 de septiembre con la<strong data-node-id=\"3.3\"> primera prueba de recompensa <\/strong>de la edici\u00f3n durante el &#8216;Tierra de nadie&#8217;. Como era de esperar, los dos equipos, el de Playa Armon\u00eda y el de Playa Caos, han tratado de enfrentarse a ella con la mejor disposici\u00f3n posible y, con coordinaci\u00f3n y mucho esfuerzo, finalmente, fue este \u00faltimo que que logr\u00f3 completarla en el menor tiempo. Sin embargo, alcanzar el triunfo no les exime de vivirlo con mucha emoci\u00f3n y l<strong data-node-id=\"3.5\">a primera en derrumbarse fue <a href=\"https:\/\/www.diezminutos.es\/teleprograma\/programas-tv\/a65808641\/gloria-camila-nueva-concursante-supervivientes-all-stars-2\/\" target=\"_blank\" data-vars-ga-outbound-link=\"https:\/\/www.diezminutos.es\/teleprograma\/programas-tv\/a65808641\/gloria-camila-nueva-concursante-supervivientes-all-stars-2\/\" data-vars-ga-ux-element=\"Hyperlink\" data-vars-ga-call-to-action=\"Gloria Camila\" data-node-id=\"3.5.1\" class=\"body-link css-177bzfx emevuu60\" rel=\"nofollow noopener\">Gloria Camila<\/a>, que no pudo reprimir las l\u00e1grimas ante la perspectiva de hacerse con una recompensa que realmente ansiaban mucho en Playa Caos.<\/strong><\/p>\n<p><img draggable=\"true\" alt=\"gloria camila en su posado oficial de 'supervivientes all stars 2025'\" title=\"gloria camila en su posado oficial de 'supervivientes all stars 2025'\" loading=\"lazy\" width=\"3000\" height=\"3762\" decoding=\"async\" data-nimg=\"1\" style=\"color:transparent;width:100%;height:auto;\"   src=\"https:\/\/www.europesays.com\/es\/wp-content\/uploads\/2025\/09\/sv-all-stars-2-gloria-camila-68b6e633229f9.jpg\" class=\"css-0 e1g79fud0\"\/><\/p>\n<p>Mediaset<\/p>\n<p>Las l\u00e1grimas de Gloria Camila en &#8216;Supervivientes&#8217; mientras su padre Jos\u00e9 Ortega Cano ejerce de abuelo<\/p>\n<p data-journey-content=\"true\" data-node-id=\"14\" class=\"css-i9p093 emevuu60\">Son muy conscientes de lo que han dejado en Espa\u00f1a, y eso mantienen sus emociones a flor de piel. En el caso de <strong data-node-id=\"14.1\">Gloria Camila, su sensibilidad est\u00e1 especialmente elevada al enrolarse en la aventura de &#8216;Supervivientes All Stars&#8217; apenas unas semanas despu\u00e9s del <a href=\"https:\/\/www.diezminutos.es\/famosos-corazon\/famosos-espanoles\/a65326336\/michu-muerte-ex-pareja-jose-fernando-ortega\/\" target=\"_blank\" data-vars-ga-outbound-link=\"https:\/\/www.diezminutos.es\/famosos-corazon\/famosos-espanoles\/a65326336\/michu-muerte-ex-pareja-jose-fernando-ortega\/\" data-vars-ga-ux-element=\"Hyperlink\" data-vars-ga-call-to-action=\"fallecimiento de Michu\" data-node-id=\"14.1.1\" class=\"body-link css-177bzfx emevuu60\" rel=\"nofollow noopener\">fallecimiento de Michu<\/a><\/strong> y la <a href=\"https:\/\/www.diezminutos.es\/famosos-corazon\/famosos-espanoles\/a65361389\/jose-fernando-ortega-michu-futuro-hija-ortega-cano\/\" target=\"_blank\" data-vars-ga-outbound-link=\"https:\/\/www.diezminutos.es\/famosos-corazon\/famosos-espanoles\/a65361389\/jose-fernando-ortega-michu-futuro-hija-ortega-cano\/\" data-vars-ga-ux-element=\"Hyperlink\" data-vars-ga-call-to-action=\"pol\u00e9mica por los cuidados de Roc\u00edo, la hija que tuvo con su hermano Jos\u00e9 Fernando\" data-node-id=\"14.3\" class=\"body-link css-177bzfx emevuu60\" rel=\"nofollow noopener\">pol\u00e9mica por los cuidados de Roc\u00edo, la hija que tuvo con su hermano Jos\u00e9 Fernando<\/a>, en los que su padre, Jos\u00e9 Ortega Cano, tiene un papel muy especial como abuelo de la ni\u00f1a, a la que acompa\u00f1\u00f3 al colegio como muestran <a href=\"https:\/\/www.diezminutos.es\/famosos-corazon\/famosos-espanoles\/a66021355\/jose-ortega-cano-fotos-nieta-rocio-primer-dia-colegio-madrid\/\" target=\"_blank\" data-vars-ga-outbound-link=\"https:\/\/www.diezminutos.es\/famosos-corazon\/famosos-espanoles\/a66021355\/jose-ortega-cano-fotos-nieta-rocio-primer-dia-colegio-madrid\/\" data-vars-ga-ux-element=\"Hyperlink\" data-vars-ga-call-to-action=\"las fotos exclusivas de DIEZ MINUTOS\" data-node-id=\"14.5\" class=\"body-link css-177bzfx emevuu60\" rel=\"nofollow noopener\">las fotos exclusivas de DIEZ MINUTOS<\/a>. De hecho, <a href=\"https:\/\/www.diezminutos.es\/teleprograma\/programas-tv\/a66005321\/gloria-camila-recordar-michu-salto-supervivientes-all-stars-2025\/\" target=\"_blank\" data-vars-ga-outbound-link=\"https:\/\/www.diezminutos.es\/teleprograma\/programas-tv\/a66005321\/gloria-camila-recordar-michu-salto-supervivientes-all-stars-2025\/\" data-vars-ga-ux-element=\"Hyperlink\" data-vars-ga-call-to-action=\"tuvo un recuerdo muy especial para su excu\u00f1ada en su salto del helic\u00f3ptero\" data-node-id=\"14.7\" class=\"body-link css-177bzfx emevuu60\" rel=\"nofollow noopener\">tuvo un recuerdo muy especial para su excu\u00f1ada en su salto del helic\u00f3ptero<\/a>. Pero la experiencia ha arrancado y tiene que focalizarse en los retos de los Cayos Cochinos, aunque en ocasiones resulte especialmente dif\u00edcil.<\/p>\n<p><img draggable=\"true\" alt=\"gloria camila llora tras la primera prueba de recompensa de 'supervivientes all stars 2025'\" title=\"Gloria Camila llora tras la primera prueba de recompensa de 'Supervivientes All Stars 2025'\" loading=\"lazy\" width=\"5336\" height=\"3000\" decoding=\"async\" data-nimg=\"1\" style=\"color:transparent;width:100%;height:auto;\"   src=\"https:\/\/www.europesays.com\/es\/wp-content\/uploads\/2025\/09\/supervivientes-all-stars-2025-gloria-camila-lagrimas-tierra-de-nadie-68c14bebd0bd6.jpg\" class=\"css-0 e1g79fud0\"\/><\/p>\n<p>Captura Mediaset<\/p>\n<p data-journey-content=\"true\" data-node-id=\"17\" class=\"css-i9p093 emevuu60\">Eso es lo que le ha pasado nada m\u00e1s terminar la prueba de recompensa. Tras trabajar en equipo, Playa Caos se hizo con el triunfo, por lo que <a href=\"https:\/\/www.diezminutos.es\/famosos-corazon\/famosos-espanoles\/g42666904\/laura-madrueno-vida\/\" target=\"_blank\" data-vars-ga-outbound-link=\"https:\/\/www.diezminutos.es\/famosos-corazon\/famosos-espanoles\/g42666904\/laura-madrueno-vida\/\" data-vars-ga-ux-element=\"Hyperlink\" data-vars-ga-call-to-action=\"Laura Madrue\u00f1o\" data-node-id=\"17.1\" class=\"body-link css-177bzfx emevuu60\" rel=\"nofollow noopener\">Laura Madrue\u00f1o<\/a> les permitir\u00eda disfrutar de un jugoso premio que compensar\u00eda el hambre que han pasado en los \u00faltimos d\u00edas. Sin embargo, ante la perspectiva de haberlo conseguido, <strong data-node-id=\"17.3\">Gloria Camila no pudo m\u00e1s y se rompi\u00f3 en directo.<\/strong> Tal como confes\u00f3 a <a href=\"https:\/\/www.diezminutos.es\/famosos-corazon\/famosos-espanoles\/g41721033\/jorge-javier-vazquez-vida\/\" target=\"_blank\" data-vars-ga-outbound-link=\"https:\/\/www.diezminutos.es\/famosos-corazon\/famosos-espanoles\/g41721033\/jorge-javier-vazquez-vida\/\" data-vars-ga-ux-element=\"Hyperlink\" data-vars-ga-call-to-action=\"Jorge Javier V\u00e1zquez\" data-node-id=\"17.5\" class=\"body-link css-177bzfx emevuu60\" rel=\"nofollow noopener\">Jorge Javier V\u00e1zquez<\/a>, mientras celebraba emocionada: \u00ab<strong data-node-id=\"17.7\">Llevamos pas\u00e1ndolo muy mal muchos d\u00edas.<\/strong> Solo comemos coco. Estamos comid\u00edsimos de todo, el cuerpo nos pica much\u00edsimo. <strong data-node-id=\"17.9\">Echamos much\u00edsimo de menos a nuestra gente. <\/strong>Un subid\u00f3n as\u00ed para poder comer y que lo hayamos conseguido es s\u00faper importante para nosotros\u00bb.<\/p>\n<p><img draggable=\"true\" alt=\"gloria camila supervivientes all stars\" title=\"gloria camila supervivientes all stars\" loading=\"lazy\" width=\"1918\" height=\"1078\" decoding=\"async\" data-nimg=\"1\" style=\"color:transparent;width:100%;height:auto;\"   src=\"https:\/\/www.europesays.com\/es\/wp-content\/uploads\/2025\/09\/gloria-camila-salvada-68c12eb76188b.jpg\" class=\"css-0 e1g79fud0\"\/><\/p>\n<p>Telecinco<\/p>\n<p data-journey-content=\"true\" data-node-id=\"20\" class=\"css-i9p093 emevuu60\">Acto seguido, expres\u00f3 el sentir general de sus compa\u00f1eros que, en cuesti\u00f3n de d\u00edas, hab\u00edan vuelto a percibir la verdadera dificultad de este reality: \u00abSe me hab\u00eda olvidado la sensaci\u00f3n mala de estar aqu\u00ed, la dura. Pero <strong data-node-id=\"20.1\">esta edici\u00f3n es much\u00edsimo m\u00e1s dura, no hay nada de comida<\/strong>. Est\u00e1n las tormentas, anoche ya vivimos una, tenemos mucho fr\u00edo, viento, calor, los mosquitos&#8230; Os juro que uno solo pica una barbaridad\u00bb, expresaba recomponi\u00e9ndose. Tras este peque\u00f1o chute de energ\u00eda, tendr\u00e1 que mentalizarse de nuevo porque &#8216;Supervivientes All Stars 2025&#8217; no ha hecho m\u00e1s que empezar, m\u00e1s a\u00fan ahora que <a href=\"https:\/\/www.diezminutos.es\/teleprograma\/programas-tv\/g66011988\/supervivientes-all-stars-2025-nominados-expulsado\/\" target=\"_blank\" data-vars-ga-outbound-link=\"https:\/\/www.diezminutos.es\/teleprograma\/programas-tv\/g66011988\/supervivientes-all-stars-2025-nominados-expulsado\/\" data-vars-ga-ux-element=\"Hyperlink\" data-vars-ga-call-to-action=\"se ha salvado de las nominaciones\" data-node-id=\"20.3\" class=\"body-link css-177bzfx emevuu60\" rel=\"nofollow noopener\">se ha salvado de las nominaciones<\/a>.<\/p>\n<p><img src=\"https:\/\/www.europesays.com\/es\/wp-content\/uploads\/2025\/09\/1757511850_566_c846bc45-0529-47f5-9c7d-b54f2b3afed7_1682587735.file\" alt=\"Headshot of Nora C\u00e1mara\" title=\"Headshot of Nora C\u00e1mara\" width=\"100%\" height=\"100%\" decoding=\"async\" loading=\"lazy\" class=\"css-o0wq4v ev8dhu53\"\/><\/p>\n<p>Nora es experta en contenidos de cine y televisi\u00f3n en la web de Diez Minutos. Sus intereses personales y profesionales se cruzan en su labor en esta revista, pues dedica su tiempo a estar al d\u00eda en los \u00faltimos estrenos en salas y plataformas, tanto para no perd\u00e9rselos como para recomendarlos. Pero que nadie sufra, tambi\u00e9n desconecta con la m\u00fasica en directo, la lectura y los viajes. \u00a0<\/p>\n<p>Prescriptora audiovisual por verdadera afici\u00f3n, siempre est\u00e1 dispuesta a arrastrarte con ella al apasionante mundo de las sagas como Harry Potter, Star Wars o Marvel, as\u00ed como a sugerirte la \u00faltima serie adictiva que no debes perderte de Netflix, HBO Max, Disney+, Movistar+ y Amazon Prime Video. Eso s\u00ed, si tienes un arrebato de nostalgia, tambi\u00e9n te recordar\u00e1 el cl\u00e1sico perfecto para cualquier estado de \u00e1nimo o tem\u00e1tica que te interese, desde el musical o la ciencia ficci\u00f3n a las adaptaciones literarias.\u00a0<\/p>\n<p>Nora C\u00e1mara se gradu\u00f3 en Periodismo y Comunicaci\u00f3n Audiovisual en la Universidad Carlos III de Madrid en 2015, donde defini\u00f3 su pasi\u00f3n por los contenidos de cine y televisi\u00f3n. Continu\u00f3 su especializaci\u00f3n en estas materias con diversas formaciones de Guion de televisi\u00f3n y Cr\u00edtica cinematogr\u00e1fica, llev\u00e1ndole a mejorar su experiencia en las revistas del grupo HEARST Teleprograma, Supertele y Telenovela, antes de su llegada a Diez Minutos, hace dos a\u00f1os. \u00a0<\/p>\n","protected":false},"excerpt":{"rendered":"Aunque todos sab\u00edan a lo que iban, los concursantes de &#8216;Supervivientes All Stars 2025&#8217; est\u00e1n volviendo a comprobar&hellip;\n","protected":false},"author":2,"featured_media":105616,"comment_status":"","ping_status":"","sticky":false,"template":"","format":"standard","meta":{"footnotes":""},"categories":[171],"tags":[253,146,147,25,24,23,214],"class_list":{"0":"post-105615","1":"post","2":"type-post","3":"status-publish","4":"format-standard","5":"has-post-thumbnail","7":"category-tv","8":"tag-discover","9":"tag-entertainment","10":"tag-entretenimiento","11":"tag-es","12":"tag-espana","13":"tag-spain","14":"tag-tv"},"share_on_mastodon":{"url":"","error":""},"_links":{"self":[{"href":"https:\/\/www.europesays.com\/es\/wp-json\/wp\/v2\/posts\/105615","targetHints":{"allow":["GET"]}}],"collection":[{"href":"https:\/\/www.europesays.com\/es\/wp-json\/wp\/v2\/posts"}],"about":[{"href":"https:\/\/www.europesays.com\/es\/wp-json\/wp\/v2\/types\/post"}],"author":[{"embeddable":true,"href":"https:\/\/www.europesays.com\/es\/wp-json\/wp\/v2\/users\/2"}],"replies":[{"embeddable":true,"href":"https:\/\/www.europesays.com\/es\/wp-json\/wp\/v2\/comments?post=105615"}],"version-history":[{"count":0,"href":"https:\/\/www.europesays.com\/es\/wp-json\/wp\/v2\/posts\/105615\/revisions"}],"wp:featuredmedia":[{"embeddable":true,"href":"https:\/\/www.europesays.com\/es\/wp-json\/wp\/v2\/media\/105616"}],"wp:attachment":[{"href":"https:\/\/www.europesays.com\/es\/wp-json\/wp\/v2\/media?parent=105615"}],"wp:term":[{"taxonomy":"category","embeddable":true,"href":"https:\/\/www.europesays.com\/es\/wp-json\/wp\/v2\/categories?post=105615"},{"taxonomy":"post_tag","embeddable":true,"href":"https:\/\/www.europesays.com\/es\/wp-json\/wp\/v2\/tags?post=105615"}],"curies":[{"name":"wp","href":"https:\/\/api.w.org\/{rel}","templated":true}]}}