{"id":105617,"date":"2025-09-10T13:45:08","date_gmt":"2025-09-10T13:45:08","guid":{"rendered":"https:\/\/www.europesays.com\/es\/105617\/"},"modified":"2025-09-10T13:45:08","modified_gmt":"2025-09-10T13:45:08","slug":"leire-martinez-anuncia-single-el-19-de-septiembre","status":"publish","type":"post","link":"https:\/\/www.europesays.com\/es\/105617\/","title":{"rendered":"Leire Mart\u00ednez anuncia single el 19 de septiembre"},"content":{"rendered":"<p>\n        Tras el lanzamiento de sus dos primeros singles en solitario, &#8216;Mi nombre&#8217; y &#8216;Tres deseos&#8217;, <a href=\"https:\/\/www.noticiasdegipuzkoa.eus\/tags\/leire-martinez\/\" title=\"Leire Mart\u00ednez\" class=\"link copy\" rel=\"nofollow noopener\" target=\"_blank\">Leire Mart\u00ednez<\/a><strong> ha anunciado este mi\u00e9rcoles la fecha del lanzamiento de su pr\u00f3ximo sencillo: la guipuzcoana estrenar\u00e1 &#8216;Tonto por ti&#8217; el pr\u00f3ximo 19 de septiembre junto a Abraham Mateo. <\/strong>\n<\/p>\n<p class=\"article-body__text \">\n        En un escueto post de Instagram, <strong>ambos artistas han compartido el nombre, la fecha, y la portada del single.<\/strong>\n<\/p>\n<p>  Compa\u00f1eros en OT<\/p>\n<p class=\"article-body__text \">\n        <strong>Abraham Mateo<\/strong> se convierte as\u00ed en el<strong> primer artista que colabora con Leire desde que comenzara su carrera en solitario. <\/strong>\n<\/p>\n<p class=\"article-body__text \">\n        El gaditano compartir\u00e1 mesa con la cantante en <a href=\"https:\/\/www.noticiasdegipuzkoa.eus\/tags\/operacion-triunfo\/\" title=\"Operaci\u00f3n Triunfo\" class=\"link copy\" rel=\"nofollow noopener\" target=\"_blank\">Operaci\u00f3n Triunfo<\/a> 2025,<strong> ya que ambos formar\u00e1n parte del jurado en la nueva edici\u00f3n, que se estrenar\u00e1 el pr\u00f3ximo lunes.<\/strong>\n<\/p>\n<p class=\"article-body__text \">\n        Ambos valorar\u00e1n las actuaciones de los participantes del reality junto a<strong>\u00a0Guille Milkyway y Cris Regatero.<\/strong>\n<\/p>\n<p class=\"article-body__text \">\n        Estas cuatro figuras destacadas del panorama musical acompa\u00f1ar\u00e1n y evaluar\u00e1n a los concursantes durante las galas en directo cada semana,\u00a0<strong>aportando perspectivas complementarias gracias a sus trayectorias diversas y sus respectivas experiencias en ediciones anteriores del programa.<\/strong>\n<\/p>\n<p>  Debut como actriz<\/p>\n<p class=\"article-body__text \">\n        La seria\u00a0Desagertuta\/Desparecido\u00a0sigue arrasando en\u00a0Primeran\u00a0y\u00a0Netflix. La ficci\u00f3n protagonizada por Jon Lukas, en la que<strong>\u00a0<\/strong><a href=\"https:\/\/www.noticiasdegipuzkoa.eus\/tags\/leire-martinez\/\" title=\"Leire Mart\u00ednez\" class=\"link copy\" rel=\"nofollow noopener\" target=\"_blank\"><strong>Leire Mart\u00ednez<\/strong><\/a><strong>\u00a0debuta como actriz en un proyecto de alcance internacional, ha sido lo m\u00e1s visto de Netflix varias semanas.<\/strong>\n<\/p>\n<p class=\"article-body__text \">\n        Miles de fans de la que fuera la cantante de\u00a0La Oreja de Van Gogh\u00a0est\u00e1n siguiendo la serie por ella, y\u00a0<strong>son muchos los mensajes de felicitaci\u00f3n que est\u00e1n inundando las redes de la serie.<\/strong>\n<\/p>\n<p class=\"article-body__text \">\n        <strong>\u00abLeire en esta serie es todo lo que est\u00e1 bien\u00bb,\u00a0<\/strong>aplaude un fan. Otro usuario ya sit\u00faa a la cantante entre sus actrices favoritas:\u00a0<strong>\u00abMi actriz favorita, qu\u00e9 hermoso verte as\u00ed actuando, qu\u00e9 felicidad inmensa\u00bb.<\/strong>\n<\/p>\n<p class=\"article-body__text \">\n        <strong>Mientras tanto, sus seguidores latinoamericanos est\u00e1n expectantes por que Netflix estrena la serie en sus pa\u00edses:\u00a0<\/strong><strong>\u00ab\u00bfPara cu\u00e1ndo en LATAM? Tambi\u00e9n queremos ver a Leire\u00bb. \u00ab\u00bfY para cuando en LATAM? \u00bfO nosotros no merecemos ver a Leire actuando? Agilicen eso, por favor\u00bb. \u00ab\u00bfHay algo que est\u00e1 mujer no pueda hacer? Es multifac\u00e9tica. Su voz me llega a el alma, solo espero que pronto se estrene la serie en LATAM\u00bb,<\/strong>\u00a0se puede leer en varios comentarios del post.\n<\/p>\n<p class=\"article-photo__footer\">\n            Leire Mart\u00ednez y Gorka Otxoa en Desagertuta            @leiremo_oficial        <\/p>\n<p>  Leire Mart\u00ednez, la cantante del momento<\/p>\n<p class=\"article-body__text \">\n        M\u00e1s all\u00e1 de su faceta como actriz,\u00a0<strong>Leire Mart\u00ednez\u00a0<\/strong>se ha convertido en una de las cantantes m\u00e1s destacadas. Tras casi 17 a\u00f1os siendo vocalista de\u00a0<a href=\"https:\/\/www.noticiasdegipuzkoa.eus\/tags\/la-oreja-de-van-gogh\/\" title=\"La Oreja de Van Gogh\" class=\"link copy\" rel=\"nofollow noopener\" target=\"_blank\">La Oreja de Van Gogh<\/a>, <strong>la guipuzcoana vive uno de sus mejores momentos tras el lanzamiento de sus primeros temas en solitari<\/strong><strong>o y los conciertos de presentaci\u00f3n que ha ofrecido este verano, entre ellos el de la Aste Nagusia donostiarra<\/strong><strong>.<\/strong>\n<\/p>\n<p class=\"article-body__text \">\n        Aunque anticip\u00f3 que<strong> tiene previsto publicar su primer \u00e1lbum en solitario antes de 2026, <\/strong>con el tema que lanzar\u00e1 con Abraham Mateo, <strong>&#8216;Tonto por ti&#8217; <\/strong> ya ser\u00e1n tres las canciones que tiene en solitario, que forman parte de su repertorio en los conciertos junto a viejos \u00e9xitos de &#8216;LODVG&#8217;.<\/p>\n","protected":false},"excerpt":{"rendered":"Tras el lanzamiento de sus dos primeros singles en solitario, &#8216;Mi nombre&#8217; y &#8216;Tres deseos&#8217;, Leire Mart\u00ednez ha&hellip;\n","protected":false},"author":2,"featured_media":105618,"comment_status":"","ping_status":"","sticky":false,"template":"","format":"standard","meta":{"footnotes":""},"categories":[170],"tags":[6618,598,146,147,25,24,6055,25809,825,184,185,524,19655,23],"class_list":{"0":"post-105617","1":"post","2":"type-post","3":"status-publish","4":"format-standard","5":"has-post-thumbnail","7":"category-musica","8":"tag-anuncian","9":"tag-colaboracion","10":"tag-entertainment","11":"tag-entretenimiento","12":"tag-es","13":"tag-espana","14":"tag-inesperada","15":"tag-leire","16":"tag-martinez","17":"tag-music","18":"tag-musica","19":"tag-nuevo","20":"tag-single","21":"tag-spain"},"share_on_mastodon":{"url":"","error":""},"_links":{"self":[{"href":"https:\/\/www.europesays.com\/es\/wp-json\/wp\/v2\/posts\/105617","targetHints":{"allow":["GET"]}}],"collection":[{"href":"https:\/\/www.europesays.com\/es\/wp-json\/wp\/v2\/posts"}],"about":[{"href":"https:\/\/www.europesays.com\/es\/wp-json\/wp\/v2\/types\/post"}],"author":[{"embeddable":true,"href":"https:\/\/www.europesays.com\/es\/wp-json\/wp\/v2\/users\/2"}],"replies":[{"embeddable":true,"href":"https:\/\/www.europesays.com\/es\/wp-json\/wp\/v2\/comments?post=105617"}],"version-history":[{"count":0,"href":"https:\/\/www.europesays.com\/es\/wp-json\/wp\/v2\/posts\/105617\/revisions"}],"wp:featuredmedia":[{"embeddable":true,"href":"https:\/\/www.europesays.com\/es\/wp-json\/wp\/v2\/media\/105618"}],"wp:attachment":[{"href":"https:\/\/www.europesays.com\/es\/wp-json\/wp\/v2\/media?parent=105617"}],"wp:term":[{"taxonomy":"category","embeddable":true,"href":"https:\/\/www.europesays.com\/es\/wp-json\/wp\/v2\/categories?post=105617"},{"taxonomy":"post_tag","embeddable":true,"href":"https:\/\/www.europesays.com\/es\/wp-json\/wp\/v2\/tags?post=105617"}],"curies":[{"name":"wp","href":"https:\/\/api.w.org\/{rel}","templated":true}]}}