{"id":105627,"date":"2025-09-10T13:51:15","date_gmt":"2025-09-10T13:51:15","guid":{"rendered":"https:\/\/www.europesays.com\/es\/105627\/"},"modified":"2025-09-10T13:51:15","modified_gmt":"2025-09-10T13:51:15","slug":"los-futuros-del-ibex-35-se-animan-y-se-lanzan-a-por-los-15-100-puntos","status":"publish","type":"post","link":"https:\/\/www.europesays.com\/es\/105627\/","title":{"rendered":"Los futuros del Ibex 35 se animan y se lanzan a por los 15.100 puntos"},"content":{"rendered":"<p>     <img fetchpriority=\"high\" decoding=\"async\" src=\"data:image\/gif;base64,R0lGODlhAQABAIAAAAAAAP\/\/\/ywAAAAAAQABAAACAUwAOw==\" alt=\"Los futuros del Ibex 35 se animan y se lanzan a por los 15.100 puntos\" loading=\"eager\" height=\"540\" width=\"960\" class=\"yf-1gfnohs loader\"\/> Los futuros del Ibex 35 se animan y se lanzan a por los 15.100 puntos      <\/p>\n<p class=\"yf-1090901\"><strong>MERCADOS FINANCIEROS<\/strong><\/p>\n<p class=\"yf-1090901\">Las bolsas asi\u00e1ticas siguen la tendencia alcista de Wall Street y los bonos caen, en un momento en que los operadores reforzaron sus apuestas de que la debilidad del mercado laboral estadounidense impulsar\u00eda a la Reserva Federal a recortar los tipos al menos un cuarto de punto la pr\u00f3xima semana.<\/p>\n<p class=\"yf-1090901\">Los precios del petr\u00f3leo suben, despu\u00e9s de que Israel atacara a los l\u00edderes de Ham\u00e1s en Qatar y el presidente de Estados Unidos, Donald Trump, pidiera a Europa que impusiera aranceles a los compradores de petr\u00f3leo ruso, pero las d\u00e9biles perspectivas del mercado limitan las ganancias.<\/p>\n<p class=\"yf-1090901\"><strong>DATOS MACROECON\u00d3MICOS<\/strong><\/p>\n<p class=\"yf-1090901\">Hoy tenemos:<\/p>\n<p class=\"yf-1090901\">&#8211; Producci\u00f3n industrial de Espa\u00f1a e Italia<\/p>\n<p class=\"yf-1090901\">&#8211; IPC e IPP de China<\/p>\n<p class=\"yf-1090901\">&#8211; IPP, solicitudes de hipoteca y tipo hipotecario de Estados Unidos<\/p>\n<p class=\"yf-1090901\">Adem\u00e1s, contamos con los resultados de Inditex<\/p>\n<p class=\"yf-1090901\"><strong>EMPRESAS<\/strong><\/p>\n<p class=\"yf-1090901\">El consejero delegado de Sabadell espera que BBVA mejore su oferta por el banco (Reuters)<\/p>\n<p class=\"yf-1090901\">Puig aumenta el beneficio un 79% con una comparativa favorable; las ventas suben un 5,9% (Reuters)<\/p>\n<p class=\"yf-1090901\">Ferrovial acelera para conseguir un puesto en el Nasdaq 100 a finales de este a\u00f1o (El Economista)<\/p>\n<p class=\"yf-1090901\"><strong>ECONOM\u00cdA Y POL\u00cdTICA<\/strong><\/p>\n<p class=\"yf-1090901\">Israel intent\u00f3 asesinar a los l\u00edderes pol\u00edticos de Ham\u00e1s con un ataque a\u00e9reo sobre Qatar el martes, intensificando su acci\u00f3n militar en Oriente Pr\u00f3ximo, en un ataque que Estados Unidos juzg\u00f3 de unilateral y contrario a los intereses estadounidenses e israel\u00edes (Reuters)<\/p>\n<p class=\"yf-1090901\">Un juez federal bloque\u00f3 temporalmente el martes la destituci\u00f3n por parte del presidente Donald Trump de la gobernadora de la Reserva Federal Lisa Cook, lo que supone un primer rev\u00e9s para la Casa Blanca en una batalla legal sin precedentes que podr\u00eda alterar la independencia del banco central (Reuters)<\/p>\n<p class=\"yf-1090901\">El presidente franc\u00e9s, Emmanuel Macron, nombr\u00f3 el martes primer ministro a S\u00e9bastien Lecornu, un protegido conservador que le apoy\u00f3 en su campa\u00f1a presidencial de 2017, desafiando las expectativas de que pudiera inclinarse hacia la izquierda (Reuters)<\/p>\n","protected":false},"excerpt":{"rendered":"Los futuros del Ibex 35 se animan y se lanzan a por los 15.100 puntos MERCADOS FINANCIEROS Las&hellip;\n","protected":false},"author":2,"featured_media":31129,"comment_status":"","ping_status":"","sticky":false,"template":"","format":"standard","meta":{"footnotes":""},"categories":[80],"tags":[82,352,95,94,25,24,629,3501,28789,36675,14588,23],"class_list":{"0":"post-105627","1":"post","2":"type-post","3":"status-publish","4":"format-standard","5":"has-post-thumbnail","7":"category-economia","8":"tag-business","9":"tag-donald-trump","10":"tag-economia","11":"tag-economy","12":"tag-es","13":"tag-espana","14":"tag-estados-unidos","15":"tag-ibex-35","16":"tag-la-gobernadora","17":"tag-lideres-politicos","18":"tag-precios-del-petroleo","19":"tag-spain"},"share_on_mastodon":{"url":"","error":""},"_links":{"self":[{"href":"https:\/\/www.europesays.com\/es\/wp-json\/wp\/v2\/posts\/105627","targetHints":{"allow":["GET"]}}],"collection":[{"href":"https:\/\/www.europesays.com\/es\/wp-json\/wp\/v2\/posts"}],"about":[{"href":"https:\/\/www.europesays.com\/es\/wp-json\/wp\/v2\/types\/post"}],"author":[{"embeddable":true,"href":"https:\/\/www.europesays.com\/es\/wp-json\/wp\/v2\/users\/2"}],"replies":[{"embeddable":true,"href":"https:\/\/www.europesays.com\/es\/wp-json\/wp\/v2\/comments?post=105627"}],"version-history":[{"count":0,"href":"https:\/\/www.europesays.com\/es\/wp-json\/wp\/v2\/posts\/105627\/revisions"}],"wp:featuredmedia":[{"embeddable":true,"href":"https:\/\/www.europesays.com\/es\/wp-json\/wp\/v2\/media\/31129"}],"wp:attachment":[{"href":"https:\/\/www.europesays.com\/es\/wp-json\/wp\/v2\/media?parent=105627"}],"wp:term":[{"taxonomy":"category","embeddable":true,"href":"https:\/\/www.europesays.com\/es\/wp-json\/wp\/v2\/categories?post=105627"},{"taxonomy":"post_tag","embeddable":true,"href":"https:\/\/www.europesays.com\/es\/wp-json\/wp\/v2\/tags?post=105627"}],"curies":[{"name":"wp","href":"https:\/\/api.w.org\/{rel}","templated":true}]}}