{"id":105636,"date":"2025-09-10T13:56:08","date_gmt":"2025-09-10T13:56:08","guid":{"rendered":"https:\/\/www.europesays.com\/es\/105636\/"},"modified":"2025-09-10T13:56:08","modified_gmt":"2025-09-10T13:56:08","slug":"el-gobierno-regional-agradece-a-cmm-y-a-la-real-fundacion-toro-de-lidia-su-labor-de-difusion-promocion-y-defensa-de-la-tauromaquia","status":"publish","type":"post","link":"https:\/\/www.europesays.com\/es\/105636\/","title":{"rendered":"El Gobierno regional agradece a CMM y a la Real Fundaci\u00f3n Toro de Lidia su labor de difusi\u00f3n, promoci\u00f3n y defensa de la tauromaquia"},"content":{"rendered":"<p>El consejero de Agricultura, Ganader\u00eda y Desarrollo Rural, Juli\u00e1n Mart\u00ednez Liz\u00e1n, ha asistido hoy a la entrega del Premio del Cap\u00edtulo de la Real Fundaci\u00f3n Toro de Lidia, en Albacete, a Castilla-La Mancha Media, \u201cun referente en la difusi\u00f3n de contenidos taurinos\u201d con la retransmisi\u00f3n en abierto a trav\u00e9s de CMM media y con un canal de contenido taurino espec\u00edfico\u201d. Con este galard\u00f3n, la Real Fundaci\u00f3n Toro de Lidia de la provincia reconoce esa difusi\u00f3n, as\u00ed como el trabajo que hay detr\u00e1s \u201cque permite que desde nuestros hogares podamos disfrutar de nuestra cultura y tradiciones a trav\u00e9s de la televisi\u00f3n regional\u201d. En ese sentido, el consejero ha afirmado que este premio une a CMM y a la Real Fundaci\u00f3n Toro de Lidia en Albacete \u201cen su pasi\u00f3n por la difusi\u00f3n, promoci\u00f3n y defensa de la tauromaquia, que tambi\u00e9n se traduce en una actividad econ\u00f3mica importante y cultural muy arraigada\u201d.<\/p>\n<p>Todo ello en Albacete, \u201ctierra de toreros que hist\u00f3ricamente ha dado grandes figuras y sigue teniendo promesas del toreo, con una feria taurina referente nacional por n\u00famero de festejos y por asistencia de p\u00fablico. En cuanto al ganado de Lidia, la regi\u00f3n es la cuarta comunidad aut\u00f3noma en n\u00famero de ganader\u00edas del panorama nacional con alrededor de 80, que cuentan con un censo de ganado de casi 20.000 animales de los m\u00e1s de 135.000 de toda Espa\u00f1a. Por \u00faltimo, ha a\u00f1adido que el Gobierno regional \u201cvuelve a mostrar, como venimos haciendo y de forma clara hace el presidente Emiliano Garc\u00eda-Page S\u00e1nchez, el apoyo al sector de la tauromaquia por ser una actividad muy arraigada en nuestra Comunidad Aut\u00f3noma\u201d.<\/p>\n","protected":false},"excerpt":{"rendered":"El consejero de Agricultura, Ganader\u00eda y Desarrollo Rural, Juli\u00e1n Mart\u00ednez Liz\u00e1n, ha asistido hoy a la entrega del&hellip;\n","protected":false},"author":2,"featured_media":105637,"comment_status":"","ping_status":"","sticky":false,"template":"","format":"standard","meta":{"footnotes":""},"categories":[277],"tags":[373,36676,168,25,24,36677,2024,23,167,374],"class_list":{"0":"post-105636","1":"post","2":"type-post","3":"status-publish","4":"format-standard","5":"has-post-thumbnail","7":"category-toreo","8":"tag-bullfighting","9":"tag-cmm","10":"tag-deportes","11":"tag-es","12":"tag-espana","13":"tag-fundacion-toro-lidia","14":"tag-junta","15":"tag-spain","16":"tag-sports","17":"tag-toreo"},"share_on_mastodon":{"url":"","error":""},"_links":{"self":[{"href":"https:\/\/www.europesays.com\/es\/wp-json\/wp\/v2\/posts\/105636","targetHints":{"allow":["GET"]}}],"collection":[{"href":"https:\/\/www.europesays.com\/es\/wp-json\/wp\/v2\/posts"}],"about":[{"href":"https:\/\/www.europesays.com\/es\/wp-json\/wp\/v2\/types\/post"}],"author":[{"embeddable":true,"href":"https:\/\/www.europesays.com\/es\/wp-json\/wp\/v2\/users\/2"}],"replies":[{"embeddable":true,"href":"https:\/\/www.europesays.com\/es\/wp-json\/wp\/v2\/comments?post=105636"}],"version-history":[{"count":0,"href":"https:\/\/www.europesays.com\/es\/wp-json\/wp\/v2\/posts\/105636\/revisions"}],"wp:featuredmedia":[{"embeddable":true,"href":"https:\/\/www.europesays.com\/es\/wp-json\/wp\/v2\/media\/105637"}],"wp:attachment":[{"href":"https:\/\/www.europesays.com\/es\/wp-json\/wp\/v2\/media?parent=105636"}],"wp:term":[{"taxonomy":"category","embeddable":true,"href":"https:\/\/www.europesays.com\/es\/wp-json\/wp\/v2\/categories?post=105636"},{"taxonomy":"post_tag","embeddable":true,"href":"https:\/\/www.europesays.com\/es\/wp-json\/wp\/v2\/tags?post=105636"}],"curies":[{"name":"wp","href":"https:\/\/api.w.org\/{rel}","templated":true}]}}