{"id":105640,"date":"2025-09-10T14:00:09","date_gmt":"2025-09-10T14:00:09","guid":{"rendered":"https:\/\/www.europesays.com\/es\/105640\/"},"modified":"2025-09-10T14:00:09","modified_gmt":"2025-09-10T14:00:09","slug":"no-sabiamos-ni-donde-estaba-la-meta","status":"publish","type":"post","link":"https:\/\/www.europesays.com\/es\/105640\/","title":{"rendered":"\u201cNo sab\u00edamos ni d\u00f3nde estaba la meta\u00bb"},"content":{"rendered":"<p data-mrf-recirculation=\"Links P\u00e1rrafos\" class=\"ue-c-article__paragraph paragraph ue-c-article--first-letter-highlighted\">Durante 60 kil\u00f3metros, Mikel Landa volvi\u00f3 a intentarlo. Volvi\u00f3 a creer. Volvi\u00f3 a atacar. En una Vuelta a Espa\u00f1a marcada por los sobresaltos, el ciclista alav\u00e9s se lanz\u00f3 con todo a la conquista de una etapa que parec\u00eda hecha a su medida, pero que acab\u00f3 convertida en un desconcertante final improvisado, marcado por las protestas y la incertidumbre.<\/p>\n<p>Una rara etapa y un intento frustrado<\/p>\n<p data-mrf-recirculation=\"Links P\u00e1rrafos\" class=\"ue-c-article__paragraph paragraph\">La <strong>16.\u00aa etapa <\/strong>de la Vuelta fue alterada por una manifestaci\u00f3n pro\u2011Palestina que bloque\u00f3 la carretera a pocos kil\u00f3metros de la cima del <strong>Castro de Herville<\/strong>. La organizaci\u00f3n decidi\u00f3 neutralizar el tramo final y situar la <strong>meta a 8 kil\u00f3metros <\/strong>de meta. El resultado: una etapa recortada de forma ca\u00f3tica y un <strong>desenlace confuso <\/strong>que impidi\u00f3 a los corredores disputar con claridad la victoria.<\/p>\n<p data-mrf-recirculation=\"Links P\u00e1rrafos\" class=\"ue-c-article__paragraph paragraph\"><strong>Mikel Landa <\/strong>lo ten\u00eda todo para ganar. Hab\u00eda resistido, atacado y sobrevivido al dolor de espalda que lo acompa\u00f1a desde hace semanas. <strong>Lanz\u00f3 el ataque a 60 km <\/strong>de meta y lleg\u00f3 al final junto a <strong>Egan Bernal<\/strong>. Pero el remate se le escurri\u00f3 entre los dedos.<\/p>\n<blockquote class=\"ue-c-article__blockquote\">\n<p>Sab\u00edamos que era a 8, luego estaba 200 metros antes\u2026 en cuanto ve\u00edamos algo para esprintar, ah\u00ed era la meta<\/p>\n<p>Mikel Landa<\/p><\/blockquote>\n<p data-mrf-recirculation=\"Links P\u00e1rrafos\" class=\"ue-c-article__paragraph paragraph\">\u201cEn lo personal fue un revuelo de emociones\u201d, reconoci\u00f3 Landa tras la etapa. \u201c<strong>Estoy contento de verme a buen nivel<\/strong>, pero una etapa que acaba de esa manera, y no poderla disputar jugando todas mis bazas\u2026\u201d.<\/p>\n<p><img decoding=\"async\" width=\"1024\" height=\"682\" class=\"ue-c-article__image lazyload\" alt=\"Mikel Landa, del Soudal Quick-Step, durante la etapa 16 de la Vuelta Ciclista a Espa\u00f1a. EFE\/ Javier Liz\u00f3n\" loading=\"lazy\" src=\"https:\/\/www.europesays.com\/es\/wp-content\/uploads\/2025\/09\/68c1699a4707f.jpeg\"\/><\/p>\n<p>Mikel Landa, del Soudal Quick-Step, durante la etapa 16 de la Vuelta Ciclista a Espa\u00f1a. EFE\/ Javier Liz\u00f3n<\/p>\n<p data-mrf-recirculation=\"Links P\u00e1rrafos\" class=\"ue-c-article__paragraph paragraph\">El desenlace improvisado desorient\u00f3 por completo a los corredores. <strong>Nadie sab\u00eda con certeza d\u00f3nde estaba la l\u00ednea de meta<\/strong>, y el sprint decisivo fue casi instintivo: \u201cCuando encar\u00e1bamos la \u00faltima subida <strong>nos dijeron que estaba a 8 km, pero ya empezaba la incertidumbre<\/strong>. <strong>No sab\u00edamos ni d\u00f3nde era la meta<\/strong>. Sab\u00edamos que era a 8, luego estaba 200 metros antes\u2026 en cuanto ve\u00edamos algo para esprintar, ah\u00ed era la meta\u201d.<\/p>\n<p data-mrf-recirculation=\"Links P\u00e1rrafos\" class=\"ue-c-article__paragraph paragraph\">Pese al desconcierto, <strong>Landa se bati\u00f3 con coraje y fue segundo<\/strong>, por detr\u00e1s de Bernal. Una vez m\u00e1s, roz\u00f3 la gloria. Su <strong>\u00faltima victoria en una gran vuelta se remonta al Giro de Italia 2017<\/strong>, y en la <strong>Vuelta a Espa\u00f1a, a la edici\u00f3n de 2015. <\/strong>Pero el alav\u00e9s no deja de intentarlo: \u201cHe estado sufriendo y he gestionado bien los problemas en la espalda. He sobrevivido. Con lo de las protestas est\u00e1 todo m\u00e1s tenso\u2026 en el pelot\u00f3n hay mucha incertidumbre\u201d, cerr\u00f3.<\/p>\n","protected":false},"excerpt":{"rendered":"Durante 60 kil\u00f3metros, Mikel Landa volvi\u00f3 a intentarlo. Volvi\u00f3 a creer. Volvi\u00f3 a atacar. En una Vuelta a&hellip;\n","protected":false},"author":2,"featured_media":105641,"comment_status":"","ping_status":"","sticky":false,"template":"","format":"standard","meta":{"footnotes":""},"categories":[273],"tags":[313,312,168,25,24,23,167],"class_list":{"0":"post-105640","1":"post","2":"type-post","3":"status-publish","4":"format-standard","5":"has-post-thumbnail","7":"category-ciclismo","8":"tag-ciclismo","9":"tag-cycling","10":"tag-deportes","11":"tag-es","12":"tag-espana","13":"tag-spain","14":"tag-sports"},"share_on_mastodon":{"url":"","error":""},"_links":{"self":[{"href":"https:\/\/www.europesays.com\/es\/wp-json\/wp\/v2\/posts\/105640","targetHints":{"allow":["GET"]}}],"collection":[{"href":"https:\/\/www.europesays.com\/es\/wp-json\/wp\/v2\/posts"}],"about":[{"href":"https:\/\/www.europesays.com\/es\/wp-json\/wp\/v2\/types\/post"}],"author":[{"embeddable":true,"href":"https:\/\/www.europesays.com\/es\/wp-json\/wp\/v2\/users\/2"}],"replies":[{"embeddable":true,"href":"https:\/\/www.europesays.com\/es\/wp-json\/wp\/v2\/comments?post=105640"}],"version-history":[{"count":0,"href":"https:\/\/www.europesays.com\/es\/wp-json\/wp\/v2\/posts\/105640\/revisions"}],"wp:featuredmedia":[{"embeddable":true,"href":"https:\/\/www.europesays.com\/es\/wp-json\/wp\/v2\/media\/105641"}],"wp:attachment":[{"href":"https:\/\/www.europesays.com\/es\/wp-json\/wp\/v2\/media?parent=105640"}],"wp:term":[{"taxonomy":"category","embeddable":true,"href":"https:\/\/www.europesays.com\/es\/wp-json\/wp\/v2\/categories?post=105640"},{"taxonomy":"post_tag","embeddable":true,"href":"https:\/\/www.europesays.com\/es\/wp-json\/wp\/v2\/tags?post=105640"}],"curies":[{"name":"wp","href":"https:\/\/api.w.org\/{rel}","templated":true}]}}