{"id":105655,"date":"2025-09-10T14:08:05","date_gmt":"2025-09-10T14:08:05","guid":{"rendered":"https:\/\/www.europesays.com\/es\/105655\/"},"modified":"2025-09-10T14:08:05","modified_gmt":"2025-09-10T14:08:05","slug":"ralf-scheepers-habla-de-los-ultimos-cambios-de-formacion-de-primal-fear-proximo-disco-de-warrior-soul-fechas-de-leather-boys","status":"publish","type":"post","link":"https:\/\/www.europesays.com\/es\/105655\/","title":{"rendered":"Ralf Scheepers habla de los \u00faltimos cambios de formaci\u00f3n de PRIMAL FEAR. Pr\u00f3ximo disco de WARRIOR. SOUL. Fechas de LEATHER BOYS."},"content":{"rendered":"<p>\u00a0<\/p>\n<p style=\"text-align: center;\"><strong><a href=\"#PRIMAL_FEAR\">Ralf Scheepers habla de los \u00faltimos cambios de formaci\u00f3n de PRIMAL FEAR<\/a> \u2013 <a href=\"#WARRIOR\">Pr\u00f3ximo disco de WARRIOR SOUL<\/a> \u2013 <a href=\"#LEATHER\">Fechas de LEATHER BOYS<\/a>.<\/strong><\/p>\n<p>El cantante de <a href=\"http:\/\/www.primalfear.de\/\" target=\"_blank\" rel=\"noopener nofollow\"><strong>PRIMAL FEAR<\/strong><\/a> <strong>Ralf Scheepers<\/strong> ha hablado de los \u00faltimos cambios de formaci\u00f3n del grupo en una entrevista con Blabbermouth.<\/p>\n<p>\u00abPara m\u00ed fue muy dif\u00edcil. Yo estaba en medio. Gir\u00e9 con ellos muchos a\u00f1os y est\u00e1bamos haciendo un buen papel en directo. Cuando est\u00e1s de gira, tienes como cierto sentimiento especial de familia, as\u00ed que no soy el tipo de persona de \u2018eres mi amigo un d\u00eda, y al siguiente mi enemigo\u2019. Fue una \u00e9poca dif\u00edcil para m\u00ed y dej\u00f3 una mala imagen de m\u00ed. Una persona se march\u00f3, otra fue despedida por motivos internos, porque dos personas no se llevaban bien. Yo estaba en medio, preguntaba \u2018\u00bfsi se escribe este correo seguir\u00e1s en el grupo o te ir\u00e1s con \u00e9l? En cualquier caso tengo a PRIMAL FEAR bajo mi brazo y en mi coraz\u00f3n, as\u00ed que decid\u00ed seguir con mi colega Mat. Estaba negociando. Hab\u00eda un gran equipo de compositores, incluyendo a Mat, Magnus y a m\u00ed. Eso es lo que hemos tenido siempre. Siempre invitamos a todo el mundo a componer, pero las ideas vienen de nosotros b\u00e1sicamente. Decid\u00ed seguir con PRIMAL FEAR. Empezamos la banda en 1997 y no quer\u00eda cambiar nada.\u201d<\/p>\n<p><img fetchpriority=\"high\" decoding=\"async\" src=\"https:\/\/www.europesays.com\/es\/wp-content\/uploads\/2025\/09\/PrimalFear_2025_2_500x267.jpg\" alt=\"Dino\" width=\"500\" height=\"267\"\/><\/p>\n<p>Ten\u00e9is la charla completa en este <a href=\"https:\/\/blabbermouth.net\/features\/ralf-scheepers-stays-true-to-the-cause-amid-drastic-lineup-changes-i-have-primal-fear-on-my-arm-and-in-my-heart?fbclid=IwY2xjawMuK1pleHRuA2FlbQIxMQABHi096Y8cOlmNSkneI_TGwhCMmEbH8a7LmWii0OGZi7VSScgUp4NYvqN1oci8_aem_RigpA7rKADs8EWk6mrSmhA\" rel=\"nofollow noopener\" target=\"_blank\">enlace<\/a>.<\/p>\n<p><a href=\"http:\/\/www.primalfear.de\/\" target=\"_blank\" rel=\"noopener nofollow\"><strong>PRIMAL FEAR<\/strong><\/a> editaron el 5 de septiembre a trav\u00e9s de Reigning Phoenix Music un <a href=\"https:\/\/www.rafabasa.com\/2024\/09\/25\/primal-fear-solstafir-bewitcher\/#SOLSTAFIR\" target=\"_blank\" rel=\"noopener nofollow\">nuevo disco<\/a> titulado \u201cDomination\u201d.<\/p>\n<p>Los singles aparecidos en este <a href=\"https:\/\/www.rafabasa.com\/2025\/09\/04\/primal-fear-obituary-autograph\/#FEAR\" rel=\"nofollow noopener\" target=\"_blank\">bloque<\/a>.<\/p>\n<p>Recordamos sus conciertos:<\/p>\n<p><strong>Martes 30 de septiembre 2025<\/strong><br \/><strong>Mon (Madrid)<\/strong><br \/><strong>Anticipada: 30\u20ac \/ Taquilla: 35\u20ac<\/strong><br \/><a href=\"https:\/\/www.madnesslive.es\/es\/conciertos-en-madrid\/1681-comprar-entrada-primal-fear-madrid.html\" target=\"_blank\" rel=\"noopener nofollow\">Comprar Entrada<\/a><\/p>\n<p><strong>Mi\u00e9rcoles 1 de octubre 2025<\/strong><br \/><strong>Garaje Beat (Murcia)<\/strong><br \/><strong>Anticipada: 30\u20ac \/ Taquilla: 35\u20ac<\/strong><br \/><a href=\"https:\/\/www.madnesslive.es\/es\/conciertos-en-murcia\/1682-comprar-entrada-primal-fear-murcia.html\" target=\"_blank\" rel=\"noopener nofollow\">Comprar Entrada<\/a><\/p>\n<p><strong>Viernes 3 de octubre 2025<\/strong><br \/><strong>Salamandra (L\u2019Hospitalet, Barcelona)<\/strong><br \/><strong>Anticipada: 30\u20ac \/ Taquilla: 35\u20ac<\/strong><br \/><a href=\"https:\/\/www.madnesslive.es\/es\/conciertos-en-barcelona\/1683-comprar-entrada-primal-fear-barcelona.html\" target=\"_blank\" rel=\"noopener nofollow\">Comprar Entrada<\/a><\/p>\n<p><strong>Sabado 4 de octubre 2025<\/strong><br \/><strong>Totem (Villava, Pamplona)<\/strong><br \/><strong>Anticipada: 30\u20ac \/ Taquilla: 35\u20ac<\/strong><br \/><a href=\"https:\/\/www.madnesslive.es\/es\/conciertos-en-pais-vasco\/1684-comprar-entrada-primal-fear-pamplona.html\" target=\"_blank\" rel=\"noopener nofollow\">Comprar Entrada<\/a><\/p>\n<p>La banda anunci\u00f3 a principios de septiembre su <a href=\"https:\/\/www.rafabasa.com\/2024\/09\/01\/primal-fear-dirkschneider-astral-doors-death-keepers\/#PRIMAL_FEAR\" target=\"_blank\" rel=\"noopener nofollow\">nueva formaci\u00f3n<\/a>, de la que pod\u00e9is ver su estreno en directo en esta <a href=\"https:\/\/www.rafabasa.com\/2025\/05\/11\/primal-fear-metallica-obituary\/#PRIMAL_FEAR\" rel=\"nofollow noopener\" target=\"_blank\">noticia<\/a>.<\/p>\n<p>\u00a0<\/p>\n<p>\u00a0<\/p>\n<p>El cantante de <strong>WARRIOR SOUL <\/strong>Kory Clarke ha revelado en una entrevista con TotalRock que la banda sacar\u00e1 en enero un nuevo disco titulado \u201cRock \u2018Em, Sock \u2018Em\u201d.<\/p>\n<p>El vocalista tambi\u00e9n confirm\u00f3 que estaba escribiendo sus memorias, las cuales espera publicar en alg\u00fan momento del a\u00f1o que viene. Tambi\u00e9n revel\u00f3 que la idea es convertirlas en una pel\u00edcula.<\/p>\n<p>Ten\u00e9is la charla completa a continuaci\u00f3n.<\/p>\n<p><strong>WARRIOR SOUL<\/strong> editaron el 4 de marzo de 2022 a trav\u00e9s de Livewire\/Cargo Records UK su \u00faltimo disco \u201cOut On Bail\u201d.<br \/>M\u00e1s detalles en esta <a href=\"https:\/\/www.rafabasa.com\/2022\/02\/04\/tony-iommi-halestorm-warrior-soul\/#WARRIOR_SOUL\" target=\"_blank\" rel=\"noopener nofollow\">noticia<\/a>.<\/p>\n<p>\u00a0<\/p>\n<p>\u00a0<\/p>\n<p><strong>LEATHER BOYS <\/strong>han anunciado las siguientes fechas:<\/p>\n<ul>\n<li>D\u00eda 18 de octubre \u2013 Sala Mardi Gras \u2013 LA CORU\u00d1A + P\u00d6LVORA<\/li>\n<li>D\u00eda 8 de noviembre \u2013 Sala Groove \u2013 PORTUGALETE + P\u00d6LVORA<\/li>\n<li>D\u00eda 29 de noviembre \u2013 Sala Barracudas \u2013 MADRID + CATSTRIKE<\/li>\n<\/ul>\n<p>Entradas muy pronto a la venta.<\/p>\n<p>La banda estren\u00f3 en junio un <a href=\"https:\/\/www.rafabasa.com\/2025\/06\/09\/slash-electric-callboy-leather-boys\/#LEATHER_BOYS\" rel=\"nofollow noopener\" target=\"_blank\">nuevo single<\/a>.<\/p>\n<p>El grupo sigue ultimando su pr\u00f3ximo disco.<\/p>\n<p>\u00a0<\/p>\n<p align=\"center\"><strong>Sigue el\u00a0<a href=\"https:\/\/whatsapp.com\/channel\/0029VaCprxVBA1f555USvT2O\" target=\"_blank\" rel=\"nofollow noopener\">Canal de RAFABASA.COM en WhatsApp<\/a>, donde encontrar\u00e1s todas nuestras novedades al instante<\/strong><\/p>\n<p>\u00a0<\/p>\n<p>\u00a0<\/p>\n<p>\u00a0<\/p>\n<p>\u00a0<\/p>\n","protected":false},"excerpt":{"rendered":"\u00a0 Ralf Scheepers habla de los \u00faltimos cambios de formaci\u00f3n de PRIMAL FEAR \u2013 Pr\u00f3ximo disco de WARRIOR&hellip;\n","protected":false},"author":2,"featured_media":105656,"comment_status":"","ping_status":"","sticky":false,"template":"","format":"standard","meta":{"footnotes":""},"categories":[170],"tags":[146,147,25,24,36678,184,185,33771,23,36679],"class_list":{"0":"post-105655","1":"post","2":"type-post","3":"status-publish","4":"format-standard","5":"has-post-thumbnail","7":"category-musica","8":"tag-entertainment","9":"tag-entretenimiento","10":"tag-es","11":"tag-espana","12":"tag-leather-boys","13":"tag-music","14":"tag-musica","15":"tag-primal-fear","16":"tag-spain","17":"tag-warrior-soul"},"share_on_mastodon":{"url":"","error":""},"_links":{"self":[{"href":"https:\/\/www.europesays.com\/es\/wp-json\/wp\/v2\/posts\/105655","targetHints":{"allow":["GET"]}}],"collection":[{"href":"https:\/\/www.europesays.com\/es\/wp-json\/wp\/v2\/posts"}],"about":[{"href":"https:\/\/www.europesays.com\/es\/wp-json\/wp\/v2\/types\/post"}],"author":[{"embeddable":true,"href":"https:\/\/www.europesays.com\/es\/wp-json\/wp\/v2\/users\/2"}],"replies":[{"embeddable":true,"href":"https:\/\/www.europesays.com\/es\/wp-json\/wp\/v2\/comments?post=105655"}],"version-history":[{"count":0,"href":"https:\/\/www.europesays.com\/es\/wp-json\/wp\/v2\/posts\/105655\/revisions"}],"wp:featuredmedia":[{"embeddable":true,"href":"https:\/\/www.europesays.com\/es\/wp-json\/wp\/v2\/media\/105656"}],"wp:attachment":[{"href":"https:\/\/www.europesays.com\/es\/wp-json\/wp\/v2\/media?parent=105655"}],"wp:term":[{"taxonomy":"category","embeddable":true,"href":"https:\/\/www.europesays.com\/es\/wp-json\/wp\/v2\/categories?post=105655"},{"taxonomy":"post_tag","embeddable":true,"href":"https:\/\/www.europesays.com\/es\/wp-json\/wp\/v2\/tags?post=105655"}],"curies":[{"name":"wp","href":"https:\/\/api.w.org\/{rel}","templated":true}]}}