{"id":105661,"date":"2025-09-10T14:11:07","date_gmt":"2025-09-10T14:11:07","guid":{"rendered":"https:\/\/www.europesays.com\/es\/105661\/"},"modified":"2025-09-10T14:11:07","modified_gmt":"2025-09-10T14:11:07","slug":"soy-neurologo-y-esto-es-lo-que-hago-todos-los-dias-para-cuidar-el-cerebro-a-largo-plazo-y-no-perder-la-memoria","status":"publish","type":"post","link":"https:\/\/www.europesays.com\/es\/105661\/","title":{"rendered":"Soy neur\u00f3logo y esto es lo que hago todos los d\u00edas para cuidar el cerebro a largo plazo y no perder la memoria"},"content":{"rendered":"<p>El neur\u00f3logo de HLA Cl\u00ednica Montpellier<b> Jos\u00e9 Ram\u00f3n Valdiz\u00e1n<\/b> ha destacado la necesidad de fomentar h\u00e1bitos protectores del cerebro desde la infancia, como <b>caminar, mantener relaciones sociales, dormir adecuadamente, seguir una dieta equilibrada y ejercitar el pensamiento,<\/b> para cuidar este \u00f3rgano a largo plazo.<\/p>\n<p>En profundidad<\/p>\n<p>Entre los factores fundamentales para una buena salud cerebral, el especialista destaca el sue\u00f1o como \u00ab<b>una funci\u00f3n gen\u00e9tica imprescindible\u00bb, con impacto en la memoria, el desarrollo celular y la funci\u00f3n inmunitaria<\/b>. Alteraciones en la calidad o cantidad del sue\u00f1o, especialmente la p\u00e9rdida del sue\u00f1o REM, pueden afectar gravemente al funcionamiento cognitivo, como sucede en fases avanzadas del Alzheimer. \u00abEvitar su p\u00e9rdida es uno de los retos actuales de la neurociencia\u00bb, recalca Valdiz\u00e1n.<\/p>\n<p>Dado que muchas enfermedades neurol\u00f3gicas a\u00fan no tienen cura, el diagn\u00f3stico precoz es esencial. \u00ab<b>Una depresi\u00f3n puede ser el primer s\u00edntoma de una enfermedad neurodegenerativa<\/b>\u00ab, advierte el neur\u00f3logo, que subraya el papel clave de la concienciaci\u00f3n p\u00fablica, las asociaciones de pacientes y los medios de comunicaci\u00f3n para identificar se\u00f1ales de alerta.<\/p>\n<p>M\u00e1s detalles<\/p>\n<p>El diagn\u00f3stico precoz tambi\u00e9n es decisivo en los trastornos del neurodesarrollo en la infancia. En este contexto, el papel de los cuidadores es fundamental. \u00ab<b>Son el soporte emocional, familiar y social del paciente. Necesitan mayor apoyo institucional y reconocimiento social<\/b>\u00ab.<\/p>\n<p>Asimismo, hace un llamamiento al autocuidado como obligaci\u00f3n \u00e9tica y personal: \u00ab<b>No basta con tener un buen sistema sanitario: debemos responsabilizarnos de nuestra propia salud con h\u00e1bitos que protejan nuestro cerebro<\/b>\u00ab, subraya.<\/p>\n<p>En cuanto a los avances m\u00e1s prometedores, Valdiz\u00e1n se\u00f1ala la combinaci\u00f3n de tecnolog\u00eda, neuroimagen, biomarcadores, cartograf\u00eda cerebral e inteligencia artificial como herramientas de gran potencial. No obstante, recuerda que <b>\u00abning\u00fan algoritmo podr\u00e1 sustituir al cerebro humano<\/b>\u00ab, y que el abordaje neurol\u00f3gico debe seguir siendo integral, personalizado y humano.<\/p>\n<p>WhatsApp<a href=\"https:\/\/api.whatsapp.com\/send?text=https:\/\/www.eleconomista.es\/salud-bienestar\/enfermedades\/noticias\/13539337\/09\/25\/soy-neurologo-y-esto-es-lo-que-hago-todos-los-dias-para-cuidar-el-cerebro-a-largo-plazo-y-no-perder-la-memoria.html?utm_source%3Dwhatsapp%26utm_medium%3Dshare_button&amp;id=1648118629957_whatsapp\" target=\"_blank\" data-action=\"share\/whatsapp\/share\" aria-label=\"Compartir en Whatsapp\" rel=\"nofollow noopener\"><\/a>Facebook<a id=\"fb-share\" href=\"#\" target=\"_blank\" rel=\"noopener noreferrer\" aria-label=\"Compartir en Facebook\"><\/a>Twitter<a href=\"https:\/\/twitter.com\/share?text=Soy+neur%C3%B3logo+y+esto+es+lo+que+hago+todos+los+d%C3%ADas+para+cuidar+el+cerebro+a+largo+plazo+y+no+perder+la+memoria&amp;url=https:\/\/www.eleconomista.es\/salud-bienestar\/enfermedades\/noticias\/13539337\/09\/25\/soy-neurologo-y-esto-es-lo-que-hago-todos-los-dias-para-cuidar-el-cerebro-a-largo-plazo-y-no-perder-la-memoria.html&amp;via=elEconomistaes&amp;id=1648118839245_twitter\" target=\"_blank\" aria-label=\"Compartir en Twitter\" rel=\"nofollow noopener\"><\/a>Linkedin<a href=\"https:\/\/linkedin.com\/share?text=https:\/\/www.eleconomista.es\/salud-bienestar\/enfermedades\/noticias\/13539337\/09\/25\/soy-neurologo-y-esto-es-lo-que-hago-todos-los-dias-para-cuidar-el-cerebro-a-largo-plazo-y-no-perder-la-memoria.html&amp;via=elEconomistaes\" target=\"_blank\" aria-label=\"Compartir en linkedin\" rel=\"nofollow noopener\"><\/a>Beloud<a href=\"https:\/\/beloud.com\/share?text=Soy+neur%C3%B3logo+y+esto+es+lo+que+hago+todos+los+d%C3%ADas+para+cuidar+el+cerebro+a+largo+plazo+y+no+perder+la+memoria&amp;url=https:\/\/www.eleconomista.es\/salud-bienestar\/enfermedades\/noticias\/13539337\/09\/25\/soy-neurologo-y-esto-es-lo-que-hago-todos-los-dias-para-cuidar-el-cerebro-a-largo-plazo-y-no-perder-la-memoria.html&amp;via=elEconomistaes&amp;id=1648118839245_beloud\" target=\"_blank\" aria-label=\"Compartir en beloud\" rel=\"nofollow noopener\"><\/a>Bluesky<a href=\"https:\/\/bsky.app\/intent\/compose?text=https:\/\/bsky.app\/intent\/compose?text=https:\/\/www.eleconomista.es\/salud-bienestar\/enfermedades\/noticias\/13539337\/09\/25\/soy-neurologo-y-esto-es-lo-que-hago-todos-los-dias-para-cuidar-el-cerebro-a-largo-plazo-y-no-perder-la-memoria.html&amp;url=https:\/\/www.eleconomista.es\/salud-bienestar\/enfermedades\/noticias\/13539337\/09\/25\/soy-neurologo-y-esto-es-lo-que-hago-todos-los-dias-para-cuidar-el-cerebro-a-largo-plazo-y-no-perder-la-memoria.html&amp;via=elEconomistaes&amp;id=1648118839245_bluesky\" target=\"_blank\" aria-label=\"Compartir en bluesky\" rel=\"nofollow noopener\"><\/a><\/p>\n<p><script async src=\"https:\/\/platform.twitter.com\/widgets.js\" charset=\"utf-8\"><\/script><\/p>\n","protected":false},"excerpt":{"rendered":"El neur\u00f3logo de HLA Cl\u00ednica Montpellier Jos\u00e9 Ram\u00f3n Valdiz\u00e1n ha destacado la necesidad de fomentar h\u00e1bitos protectores del&hellip;\n","protected":false},"author":2,"featured_media":105662,"comment_status":"","ping_status":"","sticky":false,"template":"","format":"standard","meta":{"footnotes":""},"categories":[92],"tags":[25,24,165,166,4134,23],"class_list":{"0":"post-105661","1":"post","2":"type-post","3":"status-publish","4":"format-standard","5":"has-post-thumbnail","7":"category-salud","8":"tag-es","9":"tag-espana","10":"tag-health","11":"tag-salud","12":"tag-salud-bienestar","13":"tag-spain"},"share_on_mastodon":{"url":"","error":""},"_links":{"self":[{"href":"https:\/\/www.europesays.com\/es\/wp-json\/wp\/v2\/posts\/105661","targetHints":{"allow":["GET"]}}],"collection":[{"href":"https:\/\/www.europesays.com\/es\/wp-json\/wp\/v2\/posts"}],"about":[{"href":"https:\/\/www.europesays.com\/es\/wp-json\/wp\/v2\/types\/post"}],"author":[{"embeddable":true,"href":"https:\/\/www.europesays.com\/es\/wp-json\/wp\/v2\/users\/2"}],"replies":[{"embeddable":true,"href":"https:\/\/www.europesays.com\/es\/wp-json\/wp\/v2\/comments?post=105661"}],"version-history":[{"count":0,"href":"https:\/\/www.europesays.com\/es\/wp-json\/wp\/v2\/posts\/105661\/revisions"}],"wp:featuredmedia":[{"embeddable":true,"href":"https:\/\/www.europesays.com\/es\/wp-json\/wp\/v2\/media\/105662"}],"wp:attachment":[{"href":"https:\/\/www.europesays.com\/es\/wp-json\/wp\/v2\/media?parent=105661"}],"wp:term":[{"taxonomy":"category","embeddable":true,"href":"https:\/\/www.europesays.com\/es\/wp-json\/wp\/v2\/categories?post=105661"},{"taxonomy":"post_tag","embeddable":true,"href":"https:\/\/www.europesays.com\/es\/wp-json\/wp\/v2\/tags?post=105661"}],"curies":[{"name":"wp","href":"https:\/\/api.w.org\/{rel}","templated":true}]}}