{"id":105663,"date":"2025-09-10T14:12:10","date_gmt":"2025-09-10T14:12:10","guid":{"rendered":"https:\/\/www.europesays.com\/es\/105663\/"},"modified":"2025-09-10T14:12:10","modified_gmt":"2025-09-10T14:12:10","slug":"este-es-el-castillo-de-sevilla-que-aparece-en-el-cautivo-la-nueva-pelicula-basada-en-la-historia-de-miguel-de-cervantes","status":"publish","type":"post","link":"https:\/\/www.europesays.com\/es\/105663\/","title":{"rendered":"Este es el castillo de Sevilla que aparece en El Cautivo, la nueva pel\u00edcula basada en la historia de Miguel de Cervantes"},"content":{"rendered":"<p><img decoding=\"async\" class=\"voc-author__img\" src=\"https:\/\/www.europesays.com\/es\/wp-content\/uploads\/2025\/09\/autor-6923-foto-3.jpeg\" alt=\"A.T\"\/><\/p>\n<p class=\"voc-p\" style=\"\">En <a href=\"https:\/\/www.abc.es\/sevilla\/provincia\/\" target=\"_self\" data-voc-vtm-id=\"in-text-traffic\" title=\"la provincia de Sevilla\" data-mrf-link=\"www.abc.es\" rel=\"nofollow noopener\">la provincia de Sevilla<\/a> existen numerosos lugares que han sido testigos de siglos de cambios, batallas y momentos hist\u00f3ricos. Entre ellos destaca el Castillo de Marchenilla, en Alcal\u00e1 de Guada\u00edra, una fortaleza con una larga historia que mezcla arquitectura militar, legado nobiliario y presencia cultural. Con sus torreones, sus murallas y sus patios, esta fortaleza refleja la evoluci\u00f3n de la regi\u00f3n desde la \u00e9poca andalus\u00ed hasta la actualidad, pasando por la Baja Edad Media y la modernidad.<\/p>\n<p class=\"voc-p\" style=\"\">Un castillo que ha vuelto a llamar la atenci\u00f3n recientemente gracias a su aparici\u00f3n en <a href=\"https:\/\/www.abc.es\/sevilla\/cultura\/cautivo-nueva-pelicula-amenabar-grabada-sevilla-fecha-20250820114959-nts.html\" target=\"_self\" data-voc-vtm-id=\"in-text-traffic\" title=\"&#039;El Cautivo&#039;\" data-mrf-link=\"www.abc.es\" rel=\"nofollow noopener\">&#8216;El Cautivo&#8217;<\/a>, la nueva pel\u00edcula de <strong>Alejandro Amen\u00e1bar<\/strong> que se estrena este viernes 12 de septiembre y que narra los a\u00f1os de cautiverio de Miguel de Cervantes en Argel.<\/p>\n<p>\nUn castillo con historia\n<\/p>\n<p class=\"voc-p\" style=\"\">La historia del Castillo de Marchenilla se remonta a <strong>la \u00e9poca andalus\u00ed<\/strong>, cuando la zona era utilizada como explotaci\u00f3n agr\u00edcola por los musulmanes. Sin embargo, las incursiones de los benimerines, un pueblo bereber originario de Marruecos, en el siglo XIII, motivaron la construcci\u00f3n de una fortificaci\u00f3n defensiva en el lugar. Este terreno fue <strong>otorgado por Alfonso X el Sabio a Rodrigo \u00c1lvarez en 125<\/strong><strong>3<\/strong>, marcando el inicio de su relevancia en la historia de la regi\u00f3n.<\/p>\n<p class=\"voc-p\" style=\"\">Durante la Baja Edad Media, el castillo pas\u00f3 a formar <strong>parte del se\u00f1or\u00edo de Gandul y Marchenilla <\/strong>(de ah\u00ed su nombre), concedido en 1639 a Arnao de Solier, un mercenario que apoy\u00f3 a Enrique II en la guerra civil contra Pedro I. Ya a finales del siglo XIV, el se\u00f1or\u00edo fue adquirido por <strong>la familia Velasco<\/strong>, quienes ampliaron y embellecieron la fortaleza con decoraciones tardog\u00f3ticas, una caracter\u00edstica inusual en la arquitectura militar sevillana de la \u00e9poca.<\/p>\n<p>\nArquitectura y transformaciones\n<\/p>\n<p class=\"voc-p\" style=\"\">Esta fortaleza presenta una planta casi cuadrada, con torreones en las esquinas y garitones en el centro de cada lienzo. Destaca su imponente <strong>torre del homenaje<\/strong>, de planta rectangular, con 27 metros de altura y construida en hormig\u00f3n reforzado con sillares y ladrillos. En su interior, se encuentran <strong>salas con b\u00f3vedas de crucer\u00eda<\/strong> en las que se refleja la influencia del estilo g\u00f3tico en su construcci\u00f3n.<\/p>\n<p><img decoding=\"async\" loading=\"lazy\" src=\"https:\/\/www.europesays.com\/es\/wp-content\/uploads\/2025\/09\/torre-castillo-U71762015170SrQ-760x427@diario_abc.JPG\" class=\"voc-img\" width=\"760\" height=\"427\" alt=\"Torre del homenaje del Castillo de Marchenilla\" data-voc-vtm-id=\"in-text-traffic\"\/><\/p>\n<p>Torre del homenaje del Castillo de Marchenilla<\/p>\n<p>C.T.<\/p>\n<p class=\"voc-p\" style=\"\">A lo largo de los siglos, el castillo ha experimentado diversas transformaciones. En el siglo XVII, se construy\u00f3 <strong>la capilla de San Isidro Labrador<\/strong>, que alberga una valiosa pintura de la Virgen de Guadalupe. En el siglo XIX, se ampli\u00f3 el recinto con la creaci\u00f3n de un patio cortijado al este, adaptando la fortaleza a las necesidades de la \u00e9poca.<\/p>\n<p><img decoding=\"async\" loading=\"lazy\" src=\"https:\/\/www.europesays.com\/es\/wp-content\/uploads\/2025\/09\/capilla-castillo-de-marchenilla-U18047767510ZzQ-760x427@diario_abc.jpg\" class=\"voc-img\" width=\"760\" height=\"427\" alt=\"Capilla del castillo\" data-voc-vtm-id=\"in-text-traffic\"\/><\/p>\n<p>Capilla del castillo<\/p>\n<p>Sevilla Actualidad<\/p>\n<p class=\"voc-p\" style=\"\">Hoy en d\u00eda, el Castillo de Marchenilla tiene el aspecto de un cortijo sevillano, con su torre y sus murallas. Y es que aunque <strong>algunas construcciones agr\u00edcolas han modificado un poco su exterior<\/strong>, la estructura y los elementos originales siguen conservando su car\u00e1cter hist\u00f3rico.<\/p>\n<p>\nImportancia del castillo en\n<\/p>\n<p class=\"voc-p\" style=\"\">La importancia de Marchenilla no se limita solo a su castillo. Cerca, en <a href=\"https:\/\/www.abc.es\/sevilla\/provincia\/pueblo-antiguo-sevilla-miles-anos-mejor-pan-20250111070300-nts.html\" target=\"_self\" data-voc-vtm-id=\"in-text-traffic\" title=\"la zona de Gandul\" data-mrf-link=\"www.abc.es\" rel=\"nofollow noopener\">la zona de Gandul<\/a>, se han encontrado restos de asentamientos humanos que podr\u00edan datar del <strong>Calcol\u00edtico<\/strong>, y tambi\u00e9n hay evidencias de construcciones romanas, lo que indica que el lugar ha estado habitado desde hace muchos siglos. Adem\u00e1s, durante la \u00e9poca musulmana, Alcal\u00e1 de Guada\u00edra creci\u00f3 y se convirti\u00f3 en <strong>un punto estrat\u00e9gico importante<\/strong>. <\/p>\n<p class=\"voc-p\" style=\"\"><strong>En 1247, Fernando III conquist\u00f3 Alcal\u00e1<\/strong>, incorporando la villa al Reino de Castilla. M\u00e1s tarde, en 1262, Alfonso X cedi\u00f3 la localidad a la ciudad de Sevilla, consolidando su posici\u00f3n en la regi\u00f3n. Ya en 1477, la zona fue escenario de una famosa <strong>batalla entre las familias Ponce de Le\u00f3n y Guzm\u00e1n<\/strong>, dos linajes nobiliarios que tuvieron un papel destacado en la historia local. Es por eso que el Castillo de Marchenilla puede considerarse una parte importante del pasado hist\u00f3rico de la provincia.<\/p>\n<p>\nC\u00f3mo visitar el Castillo de Marchenilla\n<\/p>\n<p class=\"voc-p\" style=\"\">El Castillo de Marchenilla es de propiedad privada y su acceso est\u00e1 restringido. Para visitarlo, es necesario concertar una cita previa enviando un correo electr\u00f3nico a visitacastillodemarchenilla@gmail.com. Sin embargo, las visitas tan solo se pueden hacer <strong>los s\u00e1bados en horario de 10:00 a 14:00<\/strong>.<\/p>\n<p class=\"voc-p\" style=\"\">Hay que tener en cuenta que algunas partes del castillo <strong>no est\u00e1n conservadas perfectamente<\/strong> debido a las explotaciones agr\u00edcolas de la zona. Aun as\u00ed, su valor hist\u00f3rico y arquitect\u00f3nico sigue siendo importante y permite ver c\u00f3mo ha evolucionado la fortaleza a lo largo de los siglos.<\/p>\n<p>Reportar un error<\/p>\n","protected":false},"excerpt":{"rendered":"En la provincia de Sevilla existen numerosos lugares que han sido testigos de siglos de cambios, batallas y&hellip;\n","protected":false},"author":2,"featured_media":105664,"comment_status":"","ping_status":"","sticky":false,"template":"","format":"standard","meta":{"footnotes":""},"categories":[91],"tags":[12335,7770,3101,25326,36447,146,147,25,24,448,4098,795,1257,1171,23],"class_list":{"0":"post-105663","1":"post","2":"type-post","3":"status-publish","4":"format-standard","5":"has-post-thumbnail","7":"category-entretenimiento","8":"tag-aparece","9":"tag-basada","10":"tag-castillo","11":"tag-cautivo","12":"tag-cervantes","13":"tag-entertainment","14":"tag-entretenimiento","15":"tag-es","16":"tag-espana","17":"tag-historia","18":"tag-miguel","19":"tag-nueva","20":"tag-pelicula","21":"tag-sevilla","22":"tag-spain"},"share_on_mastodon":{"url":"","error":""},"_links":{"self":[{"href":"https:\/\/www.europesays.com\/es\/wp-json\/wp\/v2\/posts\/105663","targetHints":{"allow":["GET"]}}],"collection":[{"href":"https:\/\/www.europesays.com\/es\/wp-json\/wp\/v2\/posts"}],"about":[{"href":"https:\/\/www.europesays.com\/es\/wp-json\/wp\/v2\/types\/post"}],"author":[{"embeddable":true,"href":"https:\/\/www.europesays.com\/es\/wp-json\/wp\/v2\/users\/2"}],"replies":[{"embeddable":true,"href":"https:\/\/www.europesays.com\/es\/wp-json\/wp\/v2\/comments?post=105663"}],"version-history":[{"count":0,"href":"https:\/\/www.europesays.com\/es\/wp-json\/wp\/v2\/posts\/105663\/revisions"}],"wp:featuredmedia":[{"embeddable":true,"href":"https:\/\/www.europesays.com\/es\/wp-json\/wp\/v2\/media\/105664"}],"wp:attachment":[{"href":"https:\/\/www.europesays.com\/es\/wp-json\/wp\/v2\/media?parent=105663"}],"wp:term":[{"taxonomy":"category","embeddable":true,"href":"https:\/\/www.europesays.com\/es\/wp-json\/wp\/v2\/categories?post=105663"},{"taxonomy":"post_tag","embeddable":true,"href":"https:\/\/www.europesays.com\/es\/wp-json\/wp\/v2\/tags?post=105663"}],"curies":[{"name":"wp","href":"https:\/\/api.w.org\/{rel}","templated":true}]}}