{"id":105667,"date":"2025-09-10T14:15:10","date_gmt":"2025-09-10T14:15:10","guid":{"rendered":"https:\/\/www.europesays.com\/es\/105667\/"},"modified":"2025-09-10T14:15:10","modified_gmt":"2025-09-10T14:15:10","slug":"el-secretario-de-defensa-estadounidense-dijo-que-las-tropas-en-el-caribe-no-son-un-entrenamiento-es-un-ejercicio-real","status":"publish","type":"post","link":"https:\/\/www.europesays.com\/es\/105667\/","title":{"rendered":"El secretario de Defensa estadounidense dijo que las tropas en el Caribe no son un entrenamiento: \u201cEs un ejercicio real\u201d"},"content":{"rendered":"<p><img alt=\"El secretario de Guerra estadounidense,\" class=\"global-image\" decoding=\"async\" fetchpriority=\"high\" height=\"580\" loading=\"eager\" src=\"https:\/\/www.europesays.com\/es\/wp-content\/uploads\/2025\/09\/VGO6P36PJNH73GO3CKMRZC2CCM.JPG\" width=\"800\"\/>El secretario de Guerra estadounidense, Pete Hegseth (REUTERS\/Kevin Lamarque\/Archivo)<\/p>\n<p class=\"paragraph\">El secretario de Defensa estadounidense, <a rel=\"noopener noreferrer nofollow\" href=\"https:\/\/www.infobae.com\/tag\/pete-hegseth\/\" target=\"_blank\" title=\"https:\/\/www.infobae.com\/tag\/pete-hegseth\/\"><b>Pete Hegseth<\/b><\/a>, areng\u00f3 este lunes a tropas a bordo de un buque militar desplegado en el Caribe como parte del operativo de Washington para combatir el <b>tr\u00e1fico de drogas<\/b> procedente de <b>Venezuela<\/b> y les insisti\u00f3 en que <b>no est\u00e1n participando en un \u201centrenamiento\u201d<\/b>, sino en \u201c<b>un ejercicio real<\/b>\u201d.<\/p>\n<p class=\"paragraph\">\u201cNo se equivoquen; lo que est\u00e1n haciendo ahora mismo <b>no es un entrenamiento<\/b>. <b>Este es un ejercicio real<\/b> en nombre de los intereses nacionales vitales de los Estados Unidos de Am\u00e9rica: <b>acabar con el envenenamiento del pueblo estadounidense<\/b>\u201d, explic\u00f3 Hegseth en un mensaje compartido por el Departamento de Defensa y tomado a bordo del <b>USS Iwo Jima<\/b>.<\/p>\n<p class=\"paragraph\">Este buque de asalto anfibio se encuentra actualmente desplegado al sur de las costas de <b>Puerto Rico<\/b>, territorio libre asociado de EEUU que ayer mismo visit\u00f3 Hegseth, cuyo t\u00edtulo ha pasado de secretario de Defensa a secretario de Defensa, a ra\u00edz de una orden ejecutiva firmada el pasado viernes por el presidente <b>Donald Trump<\/b>.<\/p>\n<p><img alt=\"La gobernadora de Puerto Rico,\" class=\"global-image\" decoding=\"async\" fetchpriority=\"low\" height=\"1280\" loading=\"lazy\" src=\"https:\/\/www.europesays.com\/es\/wp-content\/uploads\/2025\/09\/H47HP75WWZAT5DZYMTHGL34MAI.jpg\" width=\"1920\"\/>La gobernadora de Puerto Rico, Jenniffer Gonz\u00e1lez, recibe a Pete Hegseth este lunes (Europa Press)<\/p>\n<p class=\"paragraph\">\u201c<b>\u00bf\u00a1C\u00f3mo estamos, guerreros!?<\/b>\u201d, exclam\u00f3 el secretario al inicio de su arenga, en la cual se refiere al <b>USS Iwo Jima<\/b> como \u201c<b>una isla flotante de poder estadounidense en primera l\u00ednea de defensa de la patria estadounidense<\/b>\u201d.<\/p>\n<p class=\"paragraph\">Desde finales de agosto, <b>EEUU ha desplegado ocho nav\u00edos militares y un submarino de propulsi\u00f3n nuclear<\/b> en \u00e1reas del mar Caribe bajo el argumento de combatir el tr\u00e1fico de drogas que asegura \u201c<b>contaminan<\/b>\u201d las calles del pa\u00eds norteamericano.<\/p>\n<p class=\"paragraph\">El operativo destruy\u00f3 el pasado martes una lancha que seg\u00fan Washington pertenec\u00eda a la banda <b>Tren de Aragua<\/b> y hab\u00eda partido de Venezuela con narc\u00f3ticos a bordo.<\/p>\n<p class=\"paragraph\">Caracas, que acusa a Washington de querer forzar un cambio de r\u00e9gimen en Venezuela, ha movilizado buques y millones de milicianos, y, adem\u00e1s, ha instado a la ONU y a la comunidad internacional en general a pronunciarse.<\/p>\n<p class=\"paragraph\">Por su parte, Hegseth se person\u00f3 ayer tambi\u00e9n en la <b>Base A\u00e9rea Mu\u00f1iz de Puerto Rico<\/b> (donde est\u00e1 previsto que se desplieguen pronto cazas F-35 estadounidenses) acompa\u00f1ado por la gobernadora local, <b>Jenniffer Gonz\u00e1lez<\/b>, en un momento en que algunas voces en la isla reclaman que no se \u201cremilitarice\u201d el territorio.<\/p>\n<p><img alt=\"El USS Iwo Jima\" class=\"global-image\" decoding=\"async\" fetchpriority=\"low\" height=\"1080\" loading=\"lazy\" src=\"https:\/\/www.europesays.com\/es\/wp-content\/uploads\/2025\/09\/EXC7FRJJ4BGIVDDOGQN4AOJ54E.jpg\" width=\"1920\"\/>El USS Iwo Jima<\/p>\n<p class=\"paragraph\">En otro orden, en medio de la presi\u00f3n de EEUU, el dictador de Venezuela, <b>Nicol\u00e1s Maduro<\/b>, orden\u00f3 este lunes el <a rel=\"noopener noreferrer nofollow\" href=\"https:\/\/www.infobae.com\/venezuela\/2025\/09\/09\/en-medio-de-la-presion-militar-de-eeuu-el-dictador-nicolas-maduro-decreto-el-inicio-anticipado-de-la-navidad-en-venezuela\/\" target=\"_blank\" title=\"https:\/\/www.infobae.com\/venezuela\/2025\/09\/09\/en-medio-de-la-presion-militar-de-eeuu-el-dictador-nicolas-maduro-decreto-el-inicio-anticipado-de-la-navidad-en-venezuela\/\">adelanto de las fiestas navide\u00f1as en el pa\u00eds a partir del 1 de octubre<\/a>. As\u00ed lo dio a conocer durante su programa semanal.<\/p>\n<p class=\"paragraph\">Seg\u00fan el r\u00e9gimen chavista, el objetivo del decreto es \u201c<b>defender el derecho a la felicidad y la alegr\u00eda de los venezolanos<\/b>\u201d, en un momento en el que la dictadura denuncia \u201camenazas\u201d y \u201cmentiras\u201d por parte de la administraci\u00f3n estadounidense.<\/p>\n<p class=\"paragraph\">\u201cVamos a aplicar la f\u00f3rmula de otros a\u00f1os que nos ha ido muy bien para la econom\u00eda, para la cultura, para la alegr\u00eda, para la felicidad\u201d, afirm\u00f3 Maduro en su intervenci\u00f3n televisiva.<\/p>\n<p class=\"paragraph\">\u201cDesde el 1 de octubre arranca la Navidad en Venezuela\u201d, insisti\u00f3, indicando que con la medida se busca estimular el comercio y la actividad cultural, y promover un ambiente de celebraci\u00f3n: \u201cOtra vez este a\u00f1o la Navidad arranca el 1 de octubre con alegr\u00eda, comercio, actividad, cultura, villancicos, gaitas, hallacas\u2026\u201d, enumer\u00f3.<\/p>\n<p class=\"paragraph\">(Con informaci\u00f3n de EFE)<\/p>\n","protected":false},"excerpt":{"rendered":"El secretario de Guerra estadounidense, Pete Hegseth (REUTERS\/Kevin Lamarque\/Archivo) El secretario de Defensa estadounidense, Pete Hegseth, areng\u00f3 este&hellip;\n","protected":false},"author":2,"featured_media":105668,"comment_status":"","ping_status":"","sticky":false,"template":"","format":"standard","meta":{"footnotes":""},"categories":[42],"tags":[17,18,36681,13,14,11,61,62,36682,63,64,19,20,9,3119,10,15,16,12,21,22,1056,65,66,67],"class_list":{"0":"post-105667","1":"post","2":"type-post","3":"status-publish","4":"format-standard","5":"has-post-thumbnail","7":"category-internacional","8":"tag-breaking-news","9":"tag-breakingnews","10":"tag-drug-trafficking-narcotics","11":"tag-featured-news","12":"tag-featurednews","13":"tag-headlines","14":"tag-internacional","15":"tag-international","16":"tag-international-national-security","17":"tag-international-news","18":"tag-internationalnews","19":"tag-latest-news","20":"tag-latestnews","21":"tag-news","22":"tag-north-america","23":"tag-noticias","24":"tag-noticias-destacadas","25":"tag-noticiasdestacadas","26":"tag-titulares","27":"tag-ultimas-noticias","28":"tag-ultimasnoticias","29":"tag-washington","30":"tag-world","31":"tag-world-news","32":"tag-worldnews"},"share_on_mastodon":{"url":"","error":""},"_links":{"self":[{"href":"https:\/\/www.europesays.com\/es\/wp-json\/wp\/v2\/posts\/105667","targetHints":{"allow":["GET"]}}],"collection":[{"href":"https:\/\/www.europesays.com\/es\/wp-json\/wp\/v2\/posts"}],"about":[{"href":"https:\/\/www.europesays.com\/es\/wp-json\/wp\/v2\/types\/post"}],"author":[{"embeddable":true,"href":"https:\/\/www.europesays.com\/es\/wp-json\/wp\/v2\/users\/2"}],"replies":[{"embeddable":true,"href":"https:\/\/www.europesays.com\/es\/wp-json\/wp\/v2\/comments?post=105667"}],"version-history":[{"count":0,"href":"https:\/\/www.europesays.com\/es\/wp-json\/wp\/v2\/posts\/105667\/revisions"}],"wp:featuredmedia":[{"embeddable":true,"href":"https:\/\/www.europesays.com\/es\/wp-json\/wp\/v2\/media\/105668"}],"wp:attachment":[{"href":"https:\/\/www.europesays.com\/es\/wp-json\/wp\/v2\/media?parent=105667"}],"wp:term":[{"taxonomy":"category","embeddable":true,"href":"https:\/\/www.europesays.com\/es\/wp-json\/wp\/v2\/categories?post=105667"},{"taxonomy":"post_tag","embeddable":true,"href":"https:\/\/www.europesays.com\/es\/wp-json\/wp\/v2\/tags?post=105667"}],"curies":[{"name":"wp","href":"https:\/\/api.w.org\/{rel}","templated":true}]}}