{"id":105674,"date":"2025-09-10T14:19:08","date_gmt":"2025-09-10T14:19:08","guid":{"rendered":"https:\/\/www.europesays.com\/es\/105674\/"},"modified":"2025-09-10T14:19:08","modified_gmt":"2025-09-10T14:19:08","slug":"francisco-dagostino-lidera-el-regreso-de-la-tauromaquia-a-muro-con-una-apuesta-de-figuras-y-futuro","status":"publish","type":"post","link":"https:\/\/www.europesays.com\/es\/105674\/","title":{"rendered":"Francisco D\u2019Agostino lidera el regreso de la tauromaquia a Muro con una apuesta de figuras y futuro"},"content":{"rendered":"<p>La Monumental de Muro, una de las plazas m\u00e1s singulares de Baleares, volver\u00e1 a llenarse de vida el pr\u00f3ximo 14 de septiembre. El encargado de reactivar este hist\u00f3rico coso es el empresario Francisco D\u2019Agostino, quien, a trav\u00e9s de la empresa <a target=\"_new\" href=\"https:\/\/www.instagram.com\/bcambiodetercio.of\" rel=\"nofollow noopener\">Balears Cambio de Tercio<\/a>, ha dise\u00f1ado un festejo que promete marcar un antes y un despu\u00e9s en la temporada taurina de las Islas.<\/p>\n<p>Seg\u00fan detall\u00f3 <a target=\"_new\" href=\"https:\/\/cultoro.es\/actualidad\/fentrevista-francisco-agostino-muro-342667\" rel=\"nofollow noopener\">en entrevista con el portal Cultoro<\/a>, Francisco Javier D\u2019Agostino Casado ha confeccionado un cartel de primer nivel para este acontecimiento: Morante de la Puebla, en el mejor momento de su temporada; Javier Conde, que celebra 30 a\u00f1os de alternativa; y Marco P\u00e9rez, la joven figura que viene pisando fuerte tras su alternativa en Nimes. Una terna que combina experiencia, leyenda y futuro en partes iguales.<\/p>\n<p>La empresa ha apostado por una corrida compuesta por seis toros de diferentes ganader\u00edas \u2014Rom\u00e1n Sorando, \u00c1lvaro N\u00fa\u00f1ez, El Capea, El Pilar, Garcigrande y Monte la Ermita\u2014 como respuesta a la escasez de toros en el campo bravo. Francisco D\u2019Agostino Casado explic\u00f3 que esta variedad enriquecer\u00e1 el espect\u00e1culo: \u201cLa corrida es perfecta para esta plaza. Quer\u00edamos algo especial y lo hemos logrado.\u201d<\/p>\n<p>La recuperaci\u00f3n de la plaza ha sido total: se han realizado obras de mejora en el ruedo, las gradas, las estructuras y los servicios. Tambi\u00e9n se han instalado nuevos burladeros y se ha renovado el albero, tra\u00eddo especialmente desde Carmona. Todo con la intenci\u00f3n de devolver a Muro el esplendor perdido. \u201cNo quer\u00edamos hacer un parche, sino una verdadera rehabilitaci\u00f3n\u201d, sostuvo D\u2019Agostino.<\/p>\n<p>Una de las grandes novedades de este festejo ser\u00e1 la entrada permitida a menores de edad, algo que no ocurr\u00eda en Mallorca desde hace m\u00e1s de tres d\u00e9cadas. Para el empresario, esta medida es fundamental para asegurar el futuro del arte taurino. \u201cQueremos que los m\u00e1s j\u00f3venes se acerquen a la fiesta y la vivan con emoci\u00f3n. Ya no quedan entradas en esa zona del aforo\u201d, coment\u00f3.<\/p>\n<p>Javier Conde, socio de Francisco D\u2019Agostino en este proyecto cultural y taurino, no solo estar\u00e1 presente en el ruedo, sino que ha sido clave en la visi\u00f3n de futuro que impulsa la empresa. Ambos vienen de cosechar dos llenazos hist\u00f3ricos en Inca \u2014el \u00faltimo, el 3 de agosto\u2014 y proyectan un calendario ambicioso para 2025 y 2026, con festejos ya en preparaci\u00f3n para ambas plazas.<\/p>\n<p>La acogida del p\u00fablico ha sido notable y la expectaci\u00f3n crece. La empresa espera un lleno absoluto y valora la respuesta entusiasta de los aficionados. \u201cHay un ambiente muy especial en torno a Muro. La gente est\u00e1 emocionada por volver a esta plaza y eso se nota en cada conversaci\u00f3n, en cada entrada vendida\u201d, expres\u00f3 Francisco Javier D\u2019Agostino Casado.<\/p>\n<p>Pero m\u00e1s all\u00e1 de la taquilla, lo que se respira en Muro es una profunda conexi\u00f3n entre cultura, tradici\u00f3n y modernidad. La empresa trabaja para que las plazas sean tambi\u00e9n espacios vivos, visitables, integrados en el tejido social y tur\u00edstico de la isla.<\/p>\n<p>Este 14 de septiembre no ser\u00e1 solo una corrida m\u00e1s: ser\u00e1 el punto de partida de una nueva etapa, en la que Baleares, gracias al empuje de empresarios como Francisco D\u2019Agostino y su equipo, vuelve a ocupar un lugar destacado en el mapa taurino espa\u00f1ol. Una fecha que no ser\u00e1 olvidada por quienes la vivan desde los tendidos.<\/p>\n<p>                          <script async src=\"\/\/www.instagram.com\/embed.js\"><\/script><\/p>\n","protected":false},"excerpt":{"rendered":"La Monumental de Muro, una de las plazas m\u00e1s singulares de Baleares, volver\u00e1 a llenarse de vida el&hellip;\n","protected":false},"author":2,"featured_media":105675,"comment_status":"","ping_status":"","sticky":false,"template":"","format":"standard","meta":{"footnotes":""},"categories":[277],"tags":[373,168,25,24,492,23,167,374],"class_list":{"0":"post-105674","1":"post","2":"type-post","3":"status-publish","4":"format-standard","5":"has-post-thumbnail","7":"category-toreo","8":"tag-bullfighting","9":"tag-deportes","10":"tag-es","11":"tag-espana","12":"tag-sociedad","13":"tag-spain","14":"tag-sports","15":"tag-toreo"},"share_on_mastodon":{"url":"","error":""},"_links":{"self":[{"href":"https:\/\/www.europesays.com\/es\/wp-json\/wp\/v2\/posts\/105674","targetHints":{"allow":["GET"]}}],"collection":[{"href":"https:\/\/www.europesays.com\/es\/wp-json\/wp\/v2\/posts"}],"about":[{"href":"https:\/\/www.europesays.com\/es\/wp-json\/wp\/v2\/types\/post"}],"author":[{"embeddable":true,"href":"https:\/\/www.europesays.com\/es\/wp-json\/wp\/v2\/users\/2"}],"replies":[{"embeddable":true,"href":"https:\/\/www.europesays.com\/es\/wp-json\/wp\/v2\/comments?post=105674"}],"version-history":[{"count":0,"href":"https:\/\/www.europesays.com\/es\/wp-json\/wp\/v2\/posts\/105674\/revisions"}],"wp:featuredmedia":[{"embeddable":true,"href":"https:\/\/www.europesays.com\/es\/wp-json\/wp\/v2\/media\/105675"}],"wp:attachment":[{"href":"https:\/\/www.europesays.com\/es\/wp-json\/wp\/v2\/media?parent=105674"}],"wp:term":[{"taxonomy":"category","embeddable":true,"href":"https:\/\/www.europesays.com\/es\/wp-json\/wp\/v2\/categories?post=105674"},{"taxonomy":"post_tag","embeddable":true,"href":"https:\/\/www.europesays.com\/es\/wp-json\/wp\/v2\/tags?post=105674"}],"curies":[{"name":"wp","href":"https:\/\/api.w.org\/{rel}","templated":true}]}}