{"id":105676,"date":"2025-09-10T14:22:11","date_gmt":"2025-09-10T14:22:11","guid":{"rendered":"https:\/\/www.europesays.com\/es\/105676\/"},"modified":"2025-09-10T14:22:11","modified_gmt":"2025-09-10T14:22:11","slug":"anna-kalinskaya-desvela-el-nombre-de-jugador-que-intento-ligar-con-ella-me-escribio-como-10-veces","status":"publish","type":"post","link":"https:\/\/www.europesays.com\/es\/105676\/","title":{"rendered":"Anna Kalinskaya desvela el nombre de jugador que intent\u00f3 ligar con ella: \u00abMe escribi\u00f3 como 10 veces\u00bb"},"content":{"rendered":"<p class=\"ft-text\">La tenista <strong>Anna Kalinskaya<\/strong> mencion\u00f3 durante su aparici\u00f3n en el p\u00f3dcast &#8216;First&amp;Red&#8217; sobre algunas insinuaciones que hab\u00eda recibido por parte de algunos tenistas. <strong>La jugadora rusa de 26 a\u00f1os <\/strong>actualmente se encuentra en el <strong>puesto 34 del ranking WTA<\/strong> y asegur\u00f3 que <a class=\"ft-link ft-link--decoration\" href=\"https:\/\/www.sport.es\/es\/noticias\/tenis\/holger-rune-sinner-alcaraz-he-120190893\" rel=\"nofollow noopener\" target=\"_blank\">Holger Rune le hab\u00eda escrito en varias ocasiones siendo insistente. <\/a><\/p>\n<p>Los mensajes de Holger<\/p>\n<p class=\"ft-text\"><strong>\u00abUn jugador de tenis me escribi\u00f3 como 10 veces y luego se rindi\u00f3. <\/strong>Dir\u00e9 qui\u00e9n es ahora: <strong>Holger Rune. <\/strong>Le escribe a todo el mundo. <strong>Se cree demasiado importante\u00bb<\/strong> las palabras de la tenista rusa fueron recogidas por &#8216;Marca&#8217;.<\/p>\n<p>La respuesta del tenista<\/p>\n<p class=\"ft-text\"><strong>\u00abQuiz\u00e1s Holger Rune solo est\u00e9 desesperado<\/strong>, pero no es el \u00fanico que me ha escrito\u00bb asegur\u00f3 la jugadora. Tras las palabras de Kalinskaya, el tenista sali\u00f3 a desmentir p\u00fablicamente a trav\u00e9s de sus redes sociales. \u00abJa, ja, ja. <strong>Puede que tengamos diferencias culturales que hagan que Anna interprete un comentario en una &#8216;story&#8217; como una invitaci\u00f3n a una cita.<\/strong> Si quiero una cita, la pido. No te preocupes\u00bb aclar\u00f3 el tenista.<\/p>\n<p>Las conversaciones entre Kudermetova y Holger<\/p>\n<p class=\"ft-text\"><strong>En julio de 2025 la tenista rusa Veronika Kudermetova<\/strong> afirm\u00f3 en una entrevista que fren\u00f3 las conversaciones por redes que manten\u00eda con <a class=\"ft-link ft-link--decoration\" href=\"https:\/\/www.sport.es\/es\/noticias\/tenis\/barcelona-open\/rune-orgulloso-116554460\" rel=\"nofollow noopener\" target=\"_blank\">Holger Rune.<\/a> <strong>\u00abLe dije a Rune que soy demasiado mayor para \u00e9l <\/strong>y que si mirara mi Instagram, <strong>se dar\u00eda cuenta de que estoy casada. <\/strong>Me respondi\u00f3 diciendo que los sent\u00eda, y desde ese momento, <strong>ni me saluda cuando nos cruzamos por los torneos\u00bb<\/strong> Kudermetova comparti\u00f3 lo ocurrido en el p\u00f3dcast &#8216;La primavera nos llama&#8217;.<\/p>\n","protected":false},"excerpt":{"rendered":"La tenista Anna Kalinskaya mencion\u00f3 durante su aparici\u00f3n en el p\u00f3dcast &#8216;First&amp;Red&#8217; sobre algunas insinuaciones que hab\u00eda recibido&hellip;\n","protected":false},"author":2,"featured_media":105677,"comment_status":"","ping_status":"","sticky":false,"template":"","format":"standard","meta":{"footnotes":""},"categories":[274],"tags":[36683,168,25,24,36684,544,23,167,327,326,36685],"class_list":{"0":"post-105676","1":"post","2":"type-post","3":"status-publish","4":"format-standard","5":"has-post-thumbnail","7":"category-tenis","8":"tag-anna-kalinskaya","9":"tag-deportes","10":"tag-es","11":"tag-espana","12":"tag-holger-rune","13":"tag-jannik-sinner","14":"tag-spain","15":"tag-sports","16":"tag-tenis","17":"tag-tennis","18":"tag-veronika-kudermetova"},"share_on_mastodon":{"url":"","error":""},"_links":{"self":[{"href":"https:\/\/www.europesays.com\/es\/wp-json\/wp\/v2\/posts\/105676","targetHints":{"allow":["GET"]}}],"collection":[{"href":"https:\/\/www.europesays.com\/es\/wp-json\/wp\/v2\/posts"}],"about":[{"href":"https:\/\/www.europesays.com\/es\/wp-json\/wp\/v2\/types\/post"}],"author":[{"embeddable":true,"href":"https:\/\/www.europesays.com\/es\/wp-json\/wp\/v2\/users\/2"}],"replies":[{"embeddable":true,"href":"https:\/\/www.europesays.com\/es\/wp-json\/wp\/v2\/comments?post=105676"}],"version-history":[{"count":0,"href":"https:\/\/www.europesays.com\/es\/wp-json\/wp\/v2\/posts\/105676\/revisions"}],"wp:featuredmedia":[{"embeddable":true,"href":"https:\/\/www.europesays.com\/es\/wp-json\/wp\/v2\/media\/105677"}],"wp:attachment":[{"href":"https:\/\/www.europesays.com\/es\/wp-json\/wp\/v2\/media?parent=105676"}],"wp:term":[{"taxonomy":"category","embeddable":true,"href":"https:\/\/www.europesays.com\/es\/wp-json\/wp\/v2\/categories?post=105676"},{"taxonomy":"post_tag","embeddable":true,"href":"https:\/\/www.europesays.com\/es\/wp-json\/wp\/v2\/tags?post=105676"}],"curies":[{"name":"wp","href":"https:\/\/api.w.org\/{rel}","templated":true}]}}